{"id":667867,"date":"2024-04-15T11:26:43","date_gmt":"2024-04-15T09:26:43","guid":{"rendered":"https:\/\/www.hashtag.al\/?p=667867"},"modified":"2024-04-15T14:40:24","modified_gmt":"2024-04-15T12:40:24","slug":"tjetersimi-i-7500-m2-toke-prokuroria-kerkon-arrest-me-burg-per-ish-kreun-e-komunes-berxulle-e-3-te-tjere","status":"publish","type":"post","link":"https:\/\/www.hashtag.al\/index.php\/2024\/04\/15\/tjetersimi-i-7500-m2-toke-prokuroria-kerkon-arrest-me-burg-per-ish-kreun-e-komunes-berxulle-e-3-te-tjere\/","title":{"rendered":"Arrestohet Ymer Marku, ish-kryetar i komunes B\u00ebrxull\u00eb, kandidat i Lulzim Bash\u00ebs","gt_translate_keys":[{"key":"rendered","format":"text"}]},"content":{"rendered":"<p><span style=\"color: #000000;\"><img loading=\"lazy\" decoding=\"async\" class=\"aligncenter size-full wp-image-667897\" src=\"https:\/\/www.hashtag.al\/wp-content\/uploads\/2024\/04\/35a892e4-f1bd-434e-b90b-a9d40c31c110-768x432-1.jpg\" alt=\"\" width=\"768\" height=\"432\" srcset=\"https:\/\/www.hashtag.al\/wp-content\/uploads\/2024\/04\/35a892e4-f1bd-434e-b90b-a9d40c31c110-768x432-1.jpg 768w, https:\/\/www.hashtag.al\/wp-content\/uploads\/2024\/04\/35a892e4-f1bd-434e-b90b-a9d40c31c110-768x432-1-300x169.jpg 300w\" sizes=\"auto, (max-width: 768px) 100vw, 768px\" \/><\/span><\/p>\n<p><span style=\"color: #000000;\">Ymer Marku, ish-kreu i Komun\u00ebs B\u00ebrxull\u00eb e kandidati i Lulzim Bash\u00ebs \u00ebsht\u00eb arrestuar me k\u00ebrkes\u00eb nga Prokuroria e Tiran\u00ebs.<\/span><\/p>\n<p><span style=\"color: #000000;\">Ai dhe tre persona t\u00eb tjer\u00eb jan\u00eb arrestuar lidhur me nj\u00eb hetim p\u00ebr tjet\u00ebrsimin e 7.500 m2 tok\u00eb. <\/span><\/p>\n<p><span style=\"color: #000000;\">P\u00ebrve\u00e7 Markut, arrest me burg \u00ebsht\u00eb k\u00ebrkuar edhe p\u00ebr Kujtim Balliun, Agim Locin e Kujtim Allmet\u00ebn.<\/span><\/p>\n<p><span style=\"color: #000000;\">P\u00ebrve\u00e7 mas\u00ebs s\u00eb m\u00ebsip\u00ebrme, prokuroria ka k\u00ebrkuar sekuestrimin e sip\u00ebrfaqes s\u00eb tok\u00ebs, e cila sipas organit t\u00eb akuz\u00ebs, pasi \u00ebsht\u00eb p\u00ebrfituar n\u00eb m\u00ebnyr\u00eb t\u00eb paligjshme nga Kujtim Allmeta, i \u00ebsht\u00eb shitur shoq\u00ebris\u00eb \u201cAlko Impex Construsion\u201d p\u00ebr 10.000.000 lek\u00eb t\u00eb reja.<\/span><\/p>\n<p><span style=\"color: #000000;\">Ymer Marku ka qen\u00eb kandidat i i Lulzim Bazh\u00ebs n\u00eb zgjedhjet lokale p\u00ebr kryebashkiak t\u00eb Vor\u00ebs. Marku ka qen\u00eb dy her\u00eb kryetar i komun\u00ebs B\u00ebrxull\u00eb. 12 vite m\u00eb par\u00eb, Ymer Marku \u00ebsht\u00eb paditur p\u00ebr mosdeklarim dhe fshehje t\u00eb t\u00eb ardhurave dhe prokurori i kryeqytetit Julian Xhengo ka k\u00ebrkuar shpalljen e tij fajtor.<\/span><\/p>\n<p><span style=\"color: #000000;\">N\u00eb seanc\u00ebn e 1 dhjetorit 2022, gjykat\u00ebsi Martin Deda, administroi nj\u00eb s\u00ebr\u00eb dokumentesh nga Inspektorati i Lart\u00eb i Deklarimit dhe Kontrollit t\u00eb Pasurive si dhe nga Drejtoria e Rrug\u00ebve, sipas t\u00eb cilave Ymer Marku nuk kishte deklaruar sakt\u00eb t\u00eb dh\u00ebnat e tij financiare edhe pse ishte i zgjedhur publik dhe kishte detyrim ta b\u00ebnte.<\/span><\/p>\n<p><span style=\"color: #000000;\">Sipas raportit t\u00eb ILDKP-s\u00eb q\u00eb u administrua dhe m\u00eb pas n\u00eb Gjykat\u00ebn e Tiran\u00ebs, Marku, nuk justifikonte burimin e krijimit t\u00eb pasuris\u00eb s\u00eb tij p\u00ebr pes\u00eb objekte pasurore, q\u00eb nuk jan\u00eb deklaruar sakt\u00eb nga Marku.<\/span><\/p>\n<p><span style=\"color: #000000;\"><strong>Pasurit\u00eb<\/strong><\/span><\/p>\n<p><span style=\"color: #000000;\">Bar-Restorant Domje, vlera e deklaruar nga subjekti \u00ebsht\u00eb 5.000.000 leke t\u00eb reja. Nga Raportit t\u00eb Vler\u00ebsimit t\u00eb dat\u00ebs 03.02.2010 t\u00eb ekspertit vler\u00ebrues, rezulton se prona objekt shqyrtimi \u00ebsht\u00eb vler\u00ebsuar n\u00eb shum\u00ebn 12.591.000 lek\u00eb t\u00eb reja. Pra, \u00ebsht\u00eb deklaruar 7.591.000 lek\u00eb t\u00eb reja m\u00eb pak.<\/span><\/p>\n<p><span style=\"color: #000000;\">Autovetur\u00eb deklaruar 1.500.000 lek\u00eb t\u00eb reja. Nga hetimi administrativ ka rezultuar q\u00eb ky automjet \u00ebsht\u00eb bler\u00eb n\u00eb shum\u00ebn 19.375 euro ose e vler\u00ebsuar me kursin e Bank\u00ebs s\u00eb Shqip\u00ebris\u00eb, n\u00eb shum\u00ebn 2.359.488 lek\u00eb. Pra, \u00ebsht\u00eb deklaruar 859.788 lek\u00eb m\u00eb pak.<\/span><\/p>\n<p><span style=\"color: #000000;\">Depozita bankare dhe llogari rrjedh\u00ebse n\u00eb Tirana Bank, n\u00eb shumat n\u00eb total 11.340 euro.<\/span><\/p>\n<p><span style=\"color: #000000;\">Depozit\u00eb afatshkurt\u00ebr n\u00eb vitin 2006 shuma 71.700 euro, (derdhur dhe t\u00ebrhequr brenda vitit).<\/span><\/p>\n<p><span style=\"color: #000000;\">Depozit\u00eb afatshkurt\u00ebr n\u00eb vitin 2007, n\u00eb llogarin\u00eb n\u00eb lek\u00eb shuma prej 4.500.000 lek\u00eb t\u00eb reja (derdhur dhe t\u00ebrhequr brenda vitit).<\/span><\/p>\n<p><span style=\"color: #000000;\">Nga hetimi administrative asokohe ka rezultuar se pasurit\u00eb dhe interesat private t\u00eb subjektit Ymer Marku, objekt i verifikimit t\u00eb ILDKP, nuk mbulohen dhe as nuk justifikohen me burime t\u00eb ligjshme, q\u00eb n\u00eb total kapin vler\u00ebn 22.656.000 lek\u00eb t\u00eb reja.<\/span><\/p>\n<p><span style=\"color: #000000;\">Por pavar\u00ebsisht k\u00ebtyre shkeljeve dhe mosdeklarimit t\u00eb pasuris\u00eb n\u00eb disa raste, Gjykata n\u00eb at\u00eb koh\u00eb nuk mori parasysh\u00a0 k\u00ebrkes\u00ebn e prokurorit Julian Xhengo q\u00eb k\u00ebrkonte d\u00ebnim dhe shpallje fajtor t\u00eb Ymer Markut, dhe as k\u00ebrkes\u00ebn e ILDKP-s\u00eb, p\u00ebr vepr\u00ebn penale \u201cDeklarimit te rreme te pasurise te personave te zgjedhur dhe nenpunesve publik\u201d<\/span><\/p>\n<p><span style=\"color: #000000;\"><strong>Njoftimi<\/strong><\/span><\/p>\n<p><span style=\"color: #000000;\"><em>\u201cProkuroria pran\u00eb Gjykat\u00ebs s\u00eb Shkall\u00ebs s\u00eb Par\u00eb t\u00eb Juridiksionit t\u00eb P\u00ebrgjithsh\u00ebm, Tiran\u00eb, k\u00ebrkoi caktimin e mas\u00ebs s\u00eb sigurimit personal \u201cArrest n\u00eb burg\u201d p\u00ebr ish-zyrtar\u00ebt Y.M., K.B., A.L., p\u00ebr kryerjen e vepr\u00ebs penale \u201cShp\u00ebrdorimi i detyr\u00ebs\u201d dhe shtetasin dhe K.A. p\u00ebr vepr\u00ebn penale \u201cFalsifikimi dokumentave\u201d, parashikuar nga neni 186\/2 i K.Penal dhe vepr\u00ebn \u201cPastrimi i produkteve t\u00eb vepr\u00ebs penale\u201d e parashikuar nga neni 287 i K.Penal.<\/em><\/span><\/p>\n<p><span style=\"color: #000000;\"><em>Po k\u00ebshtu, kjo prokurori k\u00ebrkoi sekuestrimin e pasuris\u00eb 7.500m2 tok\u00eb e llojit \u201cArr\u00eb\u201d e dyshuar e p\u00ebrfituar n\u00eb m\u00ebnyr\u00eb t\u00eb paligjshme dhe m\u00eb pas e shitur shoq\u00ebris\u00eb \u201cAlko Impex Construsion\u201d shpk n\u00eb vler\u00ebn 10.000.000 lek\u00eb t\u00eb reja.<\/em><\/span><\/p>\n<p><span style=\"color: #000000;\"><em>M\u00eb 16.09.2020, kjo prokurori ka regjistruar pro\u00e7edimin penal nr.5783, p\u00ebr vepr\u00ebn penale \u201cShp\u00ebrdorimit t\u00eb detyr\u00ebs\u201d t\u00eb parashikuar nga neni 248 t\u00eb K.Penal.<\/em><\/span><\/p>\n<p><span style=\"color: #000000;\"><em>Nga hetimi rezultoi se plani i rivelimit p\u00ebr pasurin\u00eb me sip 7.500 m2 shkoi n\u00eb favor t\u00eb shtetasit K.A. (n\u00ebnshkruar\/firmosur) nga Kryeplaku i Fshatit B\u00ebrxull\u00eb shtetasi A.L. dhe Kryetari i Komun\u00ebs Y. M, n\u00eb nj\u00eb koh\u00eb kur tokat n\u00eb kod\u00ebr B\u00ebrxull\u00eb kan\u00eb q\u00ebn\u00eb toka t\u00eb Bashkis\u00eb Vor\u00eb dhe n\u00eb vitin 1998 kan\u00eb kaluar n\u00eb administrim t\u00eb ish-Komun\u00ebs B\u00ebrxull.<\/em><\/span><\/p>\n<p><span style=\"color: #000000;\"><em>Personi n\u00ebn hetim shtetasi Shtetasi Y.M nga viti viti 2004 &#8211; Gusht deri n\u00eb vitin 2015, ka q\u00ebn\u00eb me detyr\u00eb Kryetar i Komun\u00ebs B\u00ebrxull, Tiran\u00eb. Me shkres\u00ebn me nr.1021 prot, dt. 13.07.2005, ai ka d\u00ebrguar p\u00ebr verifikim n\u00eb K\u00ebshillin e Qarkut Tiran\u00eb, dokumentacionin p\u00ebr shtetasit A.A., P.A. dhe Sh.A. N\u00eb cil\u00ebsin\u00eb e Kryetarit t\u00eb Komun\u00ebs B\u00ebrxull\u00eb s\u00eb bashku me kryeplakun e fshatit shtetasin A.L. kan\u00eb n\u00ebnshkruar n\u00eb plan rilevimin p\u00ebr pasurit\u00eb e k\u00ebtyre shtetasve.<\/em><\/span><\/p>\n<p><span style=\"color: #000000;\"><em>Nd\u00ebrsa me shkres\u00ebn me nr.576 Prot, dat\u00eb 12.05.2015 me l\u00ebnd\u00eb \u201cD\u00ebrgim dokumentacioni p\u00ebr rregjistrim\u201d \u00ebsht\u00eb formuluar\/konceptuar nga specialisti i Z.M.M.T, shtetasi K. B. dhe konfirmuar (firmosur) nga kryetari i Komun\u00ebs shtetasi Y.M. p\u00ebr t\u00eb nj\u00ebjt\u00ebn pasuri n\u00eb em\u00ebr t\u00eb shtetasit K.A. (ndryshe nga sa kishte vepruar nj\u00eb vit m\u00eb par\u00eb p\u00ebr t\u00eb nj\u00ebjt\u00ebn pasuri).<\/em><\/span><\/p>\n<p><span style=\"color: #000000;\"><em>Personi n\u00ebn hetim shtetasi K. B. i cili nga muaji Korrik 2011- Shtator t\u00eb vitit 2015, ka q\u00ebn\u00eb me detyr\u00eb P\u00ebrgjegj\u00ebs i Zyr\u00ebs s\u00eb Mbrojtjes dhe Menaxhimit t\u00eb Tok\u00ebs pran\u00eb Komun\u00ebs B\u00ebrxull\u00eb, Tiran\u00eb ka p\u00ebrpiluar shkresat p\u00ebr d\u00ebrgimin p\u00ebr regjistrim bashk\u00eblidhur dhe ka d\u00ebrguar AMTP origjinale pa num\u00ebr n\u00eb em\u00ebr t\u00eb shtetasit K.A. p\u00ebr pasurin\u00eb me nr.1032 z.k.1167 me sip\u00ebrfaqe 7.500 m2, pa kryer m\u00eb par\u00eb verifikimin n\u00eb dokumentacionin q\u00eb dispozonon zyra e tij. Nd\u00ebrkoh\u00eb q\u00eb shtetasi K.A., nuk mund t\u00eb pajisej me AMTP pa num\u00ebr dat\u00eb 14.1.1996 (e falsifikuar sipas aktit t\u00eb ekspertimit) pasi ishte pajisur me AMTP me nr.30 dat\u00eb 06.01.1996, p\u00ebr pasurin\u00eb me nr.133\/12, me sip\u00ebrfaqe 5.100 m2 e llojit ar\u00eb (sa ka q\u00ebn\u00eb edhe norma p\u00ebr frym\u00eb).<\/em><\/span><\/p>\n<p><span style=\"color: #000000;\"><em>Personi n\u00ebn hetim shtetasi K.A. rezulton se pasi ka p\u00ebrvet\u00ebsuar pasurin\u00eb me dokumenta t\u00eb falsifikuara n\u00eb bashk\u00ebpunim me punonj\u00ebsit e Komun\u00ebs B\u00ebrxull\u00eb dhe Kryeplakun e fshatit, ka p\u00ebrfituar edhe t\u00eb ardhura monetare n\u00eb vler\u00ebn 10.000.000 lek\u00eb t\u00eb rinj, duke konsumuar dhe vepr\u00ebn \u201cPastrimi i produkteve t\u00eb vepr\u00ebs penale\u201d e parashikuar nga neni 287 i K.Penal, duke tjet\u00ebrsuar pasurin\u00eb me q\u00ebllim mbulimin e orgjin\u00ebs s\u00eb saj, duke ditur q\u00eb kjo pasuri \u00ebsht\u00eb produkt i vepr\u00ebs penale t\u00eb falsifikimit t\u00eb dokumentave.<\/em><\/span><\/p>\n<p><span style=\"color: #000000;\"><em>N\u00eb rastin konkret, gjat\u00eb ushtrimit t\u00eb detyr\u00ebs n\u00eb Komun\u00ebn B\u00ebrxull\u00eb, shtetasit K. B., A.L. dhe Y. M., n\u00eb bashk\u00ebpunim me nj\u00ebri-tjetrin, duke shp\u00ebrdoruar detyr\u00ebn, kan\u00eb konsumuar element\u00eb t\u00eb vepr\u00ebs penale t\u00eb &#8220;Shp\u00ebrdorimit t\u00eb detyr\u00ebs&#8221; parashikuar nga neni 248 t\u00eb K.Penal, pasi ka dyshime t\u00eb bazuara n\u00eb prova se k\u00ebta punonj\u00ebs, me veprimet dhe mosveprimet e tyre, kan\u00eb kryer veprime n\u00eb kund\u00ebrshtim me detyr\u00ebn funksionale, duke c\u00ebnuar interesat e ligjsh\u00ebm t\u00eb shtetit dhe personave t\u00eb tjer\u00eb pretendues, p\u00ebr shkak t\u00eb d\u00ebmit t\u00eb konsideruesh\u00ebm ekonomik q\u00eb u ka ardhur si pasoj\u00eb e tjet\u00ebrsimit jo t\u00eb ligjsh\u00ebm t\u00eb pasuris\u00eb t\u00eb pretenduar dhe g\u00ebzuar prej vitesh prej tyre.<\/em><\/span><\/p>\n<p><span style=\"color: #000000;\"><em>Duke marr\u00eb parasysh rrezikshm\u00ebrin\u00eb shoq\u00ebrore t\u00eb vepr\u00ebs penale, p\u00ebrhapjen e vepr\u00ebs penale, sanksionin, si dhe me q\u00ebllim kryerjen e nj\u00eb hetimi gjith\u00eb p\u00ebrfshir\u00ebs, n\u00eb kushtet kur ekzistojn\u00eb shkaqe t\u00eb cilat v\u00ebn\u00eb n\u00eb rrezik marrjen ose v\u00ebrtet\u00ebsin\u00eb e prov\u00ebs (kriteret e p\u00ebrcaktuara n\u00eb nenin 228 t\u00eb K.Penal), vler\u00ebsojm\u00eb se ndaj shtetasve K.A., K. B., A. L. dhe Y.M., duhet t\u00eb caktohet masa e sigurimit personal \u201carrest n\u00eb burg\u201d, parashikuar nga neni 238 t\u00eb K.Pr.Penale.\u201d<\/em><\/span><\/p>\n","protected":false,"gt_translate_keys":[{"key":"rendered","format":"html"}]},"excerpt":{"rendered":"<p>Ymer Marku, ish-kreu i Komun\u00ebs B\u00ebrxull\u00eb e kandidati i Lulzim Bash\u00ebs \u00ebsht\u00eb arrestuar me k\u00ebrkes\u00eb nga Prokuroria e Tiran\u00ebs. Ai dhe tre persona t\u00eb tjer\u00eb jan\u00eb arrestuar lidhur me nj\u00eb hetim p\u00ebr tjet\u00ebrsimin e 7.500 m2 tok\u00eb. P\u00ebrve\u00e7 Markut, arrest me burg \u00ebsht\u00eb k\u00ebrkuar edhe p\u00ebr Kujtim Balliun, Agim Locin e Kujtim Allmet\u00ebn. P\u00ebrve\u00e7 mas\u00ebs [&hellip;]<\/p>\n","protected":false,"gt_translate_keys":[{"key":"rendered","format":"html"}]},"author":51,"featured_media":667897,"comment_status":"closed","ping_status":"open","sticky":false,"template":"","format":"standard","meta":{"footnotes":""},"categories":[22],"tags":[],"class_list":["post-667867","post","type-post","status-publish","format-standard","has-post-thumbnail","hentry","category-ballina"],"gt_translate_keys":[{"key":"link","format":"url"}],"_links":{"self":[{"href":"https:\/\/www.hashtag.al\/index.php\/wp-json\/wp\/v2\/posts\/667867","targetHints":{"allow":["GET"]}}],"collection":[{"href":"https:\/\/www.hashtag.al\/index.php\/wp-json\/wp\/v2\/posts"}],"about":[{"href":"https:\/\/www.hashtag.al\/index.php\/wp-json\/wp\/v2\/types\/post"}],"author":[{"embeddable":true,"href":"https:\/\/www.hashtag.al\/index.php\/wp-json\/wp\/v2\/users\/51"}],"replies":[{"embeddable":true,"href":"https:\/\/www.hashtag.al\/index.php\/wp-json\/wp\/v2\/comments?post=667867"}],"version-history":[{"count":0,"href":"https:\/\/www.hashtag.al\/index.php\/wp-json\/wp\/v2\/posts\/667867\/revisions"}],"wp:featuredmedia":[{"embeddable":true,"href":"https:\/\/www.hashtag.al\/index.php\/wp-json\/wp\/v2\/media\/667897"}],"wp:attachment":[{"href":"https:\/\/www.hashtag.al\/index.php\/wp-json\/wp\/v2\/media?parent=667867"}],"wp:term":[{"taxonomy":"category","embeddable":true,"href":"https:\/\/www.hashtag.al\/index.php\/wp-json\/wp\/v2\/categories?post=667867"},{"taxonomy":"post_tag","embeddable":true,"href":"https:\/\/www.hashtag.al\/index.php\/wp-json\/wp\/v2\/tags?post=667867"}],"curies":[{"name":"wp","href":"https:\/\/api.w.org\/{rel}","templated":true}]}}