{"id":667861,"date":"2024-04-15T11:18:22","date_gmt":"2024-04-15T09:18:22","guid":{"rendered":"https:\/\/www.hashtag.al\/?p=667861"},"modified":"2024-04-15T11:19:43","modified_gmt":"2024-04-15T09:19:43","slug":"miq-neser-votohet-propozimi-im-per-konfiskimin-e-aseteve-ruse-basha-i-ngazellyer-videomesazh-nga-strasburgu","status":"publish","type":"post","link":"https:\/\/www.hashtag.al\/index.php\/2024\/04\/15\/miq-neser-votohet-propozimi-im-per-konfiskimin-e-aseteve-ruse-basha-i-ngazellyer-videomesazh-nga-strasburgu\/","title":{"rendered":"\u201cMiq, nes\u00ebr votohet propozimi im p\u00ebr konfiskimin e aseteve ruse\u201d &#8211; Basha i ngaz\u00ebllyer videomesazh nga Strasburgu","gt_translate_keys":[{"key":"rendered","format":"text"}]},"content":{"rendered":"<p><span style=\"color: #000000;\"><img loading=\"lazy\" decoding=\"async\" class=\"aligncenter size-full wp-image-667863\" src=\"https:\/\/www.hashtag.al\/wp-content\/uploads\/2024\/04\/basha2-1.png\" alt=\"\" width=\"1365\" height=\"706\" srcset=\"https:\/\/www.hashtag.al\/wp-content\/uploads\/2024\/04\/basha2-1.png 1365w, https:\/\/www.hashtag.al\/wp-content\/uploads\/2024\/04\/basha2-1-300x155.png 300w, https:\/\/www.hashtag.al\/wp-content\/uploads\/2024\/04\/basha2-1-1024x530.png 1024w, https:\/\/www.hashtag.al\/wp-content\/uploads\/2024\/04\/basha2-1-768x397.png 768w\" sizes=\"auto, (max-width: 1365px) 100vw, 1365px\" \/><\/span><\/p>\n<p><span style=\"color: #000000;\">Kreu i PD-s\u00eb Basha ka njoftuar nga Strasburgu se sot e nes\u00ebr do vendoset an\u00ebtar\u00ebsimi i Kosov\u00ebs n\u00eb K\u00ebshillin e Europ\u00ebs si dhe propozimi i tij p\u00ebr konfiskimin e aseteve t\u00eb Rusis\u00eb dhe p\u00ebrdorimin e tyre p\u00ebr rind\u00ebrtimin e Ukrain\u00ebs.<\/span><\/p>\n<p><span style=\"color: #000000;\">Basha b\u00ebn me dije se do na mbaj\u00eb t\u00eb informuar p\u00ebr at\u00eb q\u00eb do ndodh\u00eb sot e nes\u00ebr.<\/span><\/p>\n<p><span style=\"color: #000000;\">\u201c<em>T\u00eb dashur miq, ju p\u00ebrsh\u00ebndes nga K\u00ebshilli i Europ\u00ebs. Asambleja parlamentare e K\u00ebshillit t\u00eb Europ\u00ebs do vendos\u00eb k\u00ebt\u00eb jav\u00eb p\u00ebr an\u00ebtar\u00ebsimin e Kosov\u00ebs. Dy dit\u00eb historike, sot dhe nes\u00ebr. Sot do diskutojm\u00eb n\u00eb komitetet parlamentare \u00a0dhe grupet politike dhe nes\u00ebr me vot\u00eb, 46 vende, delegacionet e tyre parlamentare do votojn\u00eb p\u00ebr an\u00ebtar\u00ebsimin e Kosov\u00ebs n\u00eb K\u00ebshillin e Europ\u00ebs.Nj\u00ebkoh\u00ebsisht nes\u00ebr do debatohet e votohet edhe propozimi im p\u00ebr konfiskimin e aseteve t\u00eb Federat\u00ebs Ruse dhe vendosje e tyre n\u00eb dispozicion t\u00eb rind\u00ebrtimit t\u00eb Ukrain\u00ebs. Dy dit\u00eb shum\u00eb t\u00eb r\u00ebnd\u00ebsishme pra, n\u00eb Asamblen\u00eb Parlamentare t\u00eb K\u00ebshillit t\u00eb Europ\u00ebs. Do ju mbaj t\u00eb informuar, drejtp\u00ebrdrejt dhe p\u00ebrmes mediave. Ju p\u00ebrsh\u00ebndes dhe ju uroj nj\u00eb jav\u00eb t\u00eb mbar\u00eb nga Strasburgu, nga K\u00ebshilli i Europ\u00ebs.\u201d<\/em> &#8211; thot\u00eb Basha n\u00eb videomesazhin e tij.<em><br \/>\n<\/em><\/span><\/p>\n<div style=\"width: 640px;\" class=\"wp-video\"><video class=\"wp-video-shortcode\" id=\"video-667861-1\" width=\"640\" height=\"360\" preload=\"metadata\" controls=\"controls\"><source type=\"video\/mp4\" src=\"https:\/\/www.hashtag.al\/wp-content\/uploads\/2024\/04\/436318563_1201795907479970_5513669037157616343_n.mp4?_=1\" \/><a href=\"https:\/\/www.hashtag.al\/wp-content\/uploads\/2024\/04\/436318563_1201795907479970_5513669037157616343_n.mp4\">https:\/\/www.hashtag.al\/wp-content\/uploads\/2024\/04\/436318563_1201795907479970_5513669037157616343_n.mp4<\/a><\/video><\/div>\n","protected":false,"gt_translate_keys":[{"key":"rendered","format":"html"}]},"excerpt":{"rendered":"<p>Kreu i PD-s\u00eb Basha ka njoftuar nga Strasburgu se sot e nes\u00ebr do vendoset an\u00ebtar\u00ebsimi i Kosov\u00ebs n\u00eb K\u00ebshillin e Europ\u00ebs si dhe propozimi i tij p\u00ebr konfiskimin e aseteve t\u00eb Rusis\u00eb dhe p\u00ebrdorimin e tyre p\u00ebr rind\u00ebrtimin e Ukrain\u00ebs. Basha b\u00ebn me dije se do na mbaj\u00eb t\u00eb informuar p\u00ebr at\u00eb q\u00eb do ndodh\u00eb [&hellip;]<\/p>\n","protected":false,"gt_translate_keys":[{"key":"rendered","format":"html"}]},"author":51,"featured_media":667863,"comment_status":"closed","ping_status":"open","sticky":false,"template":"","format":"standard","meta":{"footnotes":""},"categories":[53],"tags":[],"class_list":["post-667861","post","type-post","status-publish","format-standard","has-post-thumbnail","hentry","category-fast-foodi"],"gt_translate_keys":[{"key":"link","format":"url"}],"_links":{"self":[{"href":"https:\/\/www.hashtag.al\/index.php\/wp-json\/wp\/v2\/posts\/667861","targetHints":{"allow":["GET"]}}],"collection":[{"href":"https:\/\/www.hashtag.al\/index.php\/wp-json\/wp\/v2\/posts"}],"about":[{"href":"https:\/\/www.hashtag.al\/index.php\/wp-json\/wp\/v2\/types\/post"}],"author":[{"embeddable":true,"href":"https:\/\/www.hashtag.al\/index.php\/wp-json\/wp\/v2\/users\/51"}],"replies":[{"embeddable":true,"href":"https:\/\/www.hashtag.al\/index.php\/wp-json\/wp\/v2\/comments?post=667861"}],"version-history":[{"count":0,"href":"https:\/\/www.hashtag.al\/index.php\/wp-json\/wp\/v2\/posts\/667861\/revisions"}],"wp:featuredmedia":[{"embeddable":true,"href":"https:\/\/www.hashtag.al\/index.php\/wp-json\/wp\/v2\/media\/667863"}],"wp:attachment":[{"href":"https:\/\/www.hashtag.al\/index.php\/wp-json\/wp\/v2\/media?parent=667861"}],"wp:term":[{"taxonomy":"category","embeddable":true,"href":"https:\/\/www.hashtag.al\/index.php\/wp-json\/wp\/v2\/categories?post=667861"},{"taxonomy":"post_tag","embeddable":true,"href":"https:\/\/www.hashtag.al\/index.php\/wp-json\/wp\/v2\/tags?post=667861"}],"curies":[{"name":"wp","href":"https:\/\/api.w.org\/{rel}","templated":true}]}}