{"id":667791,"date":"2024-04-14T21:22:34","date_gmt":"2024-04-14T19:22:34","guid":{"rendered":"https:\/\/www.hashtag.al\/?p=667791"},"modified":"2024-04-14T21:22:34","modified_gmt":"2024-04-14T19:22:34","slug":"kurti-30-jave-nga-sulmi-ne-banjske-dhe-nuk-ka-asnje-akuze-ndaj-radoicicit","status":"publish","type":"post","link":"https:\/\/www.hashtag.al\/index.php\/2024\/04\/14\/kurti-30-jave-nga-sulmi-ne-banjske-dhe-nuk-ka-asnje-akuze-ndaj-radoicicit\/","title":{"rendered":"Kurti: 30 jav\u00eb nga sulmi n\u00eb Banjsk\u00eb dhe nuk ka asnj\u00eb akuz\u00eb ndaj Radoi\u00e7i\u00e7it","gt_translate_keys":[{"key":"rendered","format":"text"}]},"content":{"rendered":"<p><span style=\"color: #000000;\"><a href=\"https:\/\/www.hashtag.al\/wp-content\/uploads\/2024\/04\/kurti-1.jpg\"><img loading=\"lazy\" decoding=\"async\" class=\"aligncenter size-full wp-image-666034\" src=\"https:\/\/www.hashtag.al\/wp-content\/uploads\/2024\/04\/kurti-1.jpg\" alt=\"\" width=\"754\" height=\"497\" srcset=\"https:\/\/www.hashtag.al\/wp-content\/uploads\/2024\/04\/kurti-1.jpg 754w, https:\/\/www.hashtag.al\/wp-content\/uploads\/2024\/04\/kurti-1-300x198.jpg 300w\" sizes=\"auto, (max-width: 754px) 100vw, 754px\" \/><\/a><\/span><\/p>\n<p><span style=\"color: #000000;\">L\u00ebvizja Vet\u00ebvendosje sot ka mbajtur mbledhjen e radh\u00ebs s\u00eb K\u00ebshillit t\u00eb P\u00ebrgjithsh\u00ebm t\u00eb saj.<\/span><\/p>\n<p><span style=\"color: #000000;\">Kryetari i LVV-s\u00eb nj\u00ebher\u00ebsh kryeministri Albin Kurt tha se as pas 30 jav\u00ebsh prej sulmit terrorist n\u00eb Banjsk\u00eb nuk ka aktakuz\u00eb ndaj organizatorit Milan Radoi\u00e7iq.<\/span><\/p>\n<p><span style=\"color: #000000;\">\u201cSot po hyjm\u00eb n\u00eb jav\u00ebn e 30-t\u00eb prej sulmit n\u00eb Banjsk\u00eb nga kryekrimineli Milan Radoji\u00e7i\u00e7, por ende nuk ka aktakuz\u00eb nga Prokuroria e Shtetit p\u00ebr sulmin terrorist q\u00eb na vrau rreshterin dhe heroin Afrim Banjaku. Sulm p\u00ebr t\u00eb cilin ai pranoi publikisht pjes\u00ebmarrjen dhe autor\u00ebsin\u00eb. Edhe java e tret\u00eb po t\u00eb ishte pa aktakuz\u00eb do t\u00eb duhej t\u00eb ishte problem se lere m\u00eb java e 30-t\u00eb n\u00eb t\u00eb cil\u00ebn hyjm\u00eb sot\u201d, tha ai.<\/span><\/p>\n<p><span style=\"color: #000000;\">Kurti pati edhe kritika p\u00ebr sistemin e drejt\u00ebsis\u00eb n\u00eb vend.<\/span><\/p>\n<p>&nbsp;<\/p>\n","protected":false,"gt_translate_keys":[{"key":"rendered","format":"html"}]},"excerpt":{"rendered":"<p>L\u00ebvizja Vet\u00ebvendosje sot ka mbajtur mbledhjen e radh\u00ebs s\u00eb K\u00ebshillit t\u00eb P\u00ebrgjithsh\u00ebm t\u00eb saj. Kryetari i LVV-s\u00eb nj\u00ebher\u00ebsh kryeministri Albin Kurt tha se as pas 30 jav\u00ebsh prej sulmit terrorist n\u00eb Banjsk\u00eb nuk ka aktakuz\u00eb ndaj organizatorit Milan Radoi\u00e7iq. \u201cSot po hyjm\u00eb n\u00eb jav\u00ebn e 30-t\u00eb prej sulmit n\u00eb Banjsk\u00eb nga kryekrimineli Milan Radoji\u00e7i\u00e7, por [&hellip;]<\/p>\n","protected":false,"gt_translate_keys":[{"key":"rendered","format":"html"}]},"author":32,"featured_media":666034,"comment_status":"closed","ping_status":"open","sticky":false,"template":"","format":"standard","meta":{"footnotes":""},"categories":[149,13],"tags":[],"class_list":["post-667791","post","type-post","status-publish","format-standard","has-post-thumbnail","hentry","category-kosoverajon","category-te-fundit"],"gt_translate_keys":[{"key":"link","format":"url"}],"_links":{"self":[{"href":"https:\/\/www.hashtag.al\/index.php\/wp-json\/wp\/v2\/posts\/667791","targetHints":{"allow":["GET"]}}],"collection":[{"href":"https:\/\/www.hashtag.al\/index.php\/wp-json\/wp\/v2\/posts"}],"about":[{"href":"https:\/\/www.hashtag.al\/index.php\/wp-json\/wp\/v2\/types\/post"}],"author":[{"embeddable":true,"href":"https:\/\/www.hashtag.al\/index.php\/wp-json\/wp\/v2\/users\/32"}],"replies":[{"embeddable":true,"href":"https:\/\/www.hashtag.al\/index.php\/wp-json\/wp\/v2\/comments?post=667791"}],"version-history":[{"count":0,"href":"https:\/\/www.hashtag.al\/index.php\/wp-json\/wp\/v2\/posts\/667791\/revisions"}],"wp:featuredmedia":[{"embeddable":true,"href":"https:\/\/www.hashtag.al\/index.php\/wp-json\/wp\/v2\/media\/666034"}],"wp:attachment":[{"href":"https:\/\/www.hashtag.al\/index.php\/wp-json\/wp\/v2\/media?parent=667791"}],"wp:term":[{"taxonomy":"category","embeddable":true,"href":"https:\/\/www.hashtag.al\/index.php\/wp-json\/wp\/v2\/categories?post=667791"},{"taxonomy":"post_tag","embeddable":true,"href":"https:\/\/www.hashtag.al\/index.php\/wp-json\/wp\/v2\/tags?post=667791"}],"curies":[{"name":"wp","href":"https:\/\/api.w.org\/{rel}","templated":true}]}}