{"id":667718,"date":"2024-04-14T11:09:13","date_gmt":"2024-04-14T09:09:13","guid":{"rendered":"https:\/\/www.hashtag.al\/?p=667718"},"modified":"2024-04-14T11:09:13","modified_gmt":"2024-04-14T09:09:13","slug":"gramsh-kultivuan-lende-narkotike-ne-sera-tre-te-arrestuar-dhe-dy-ne-kerkim","status":"publish","type":"post","link":"https:\/\/www.hashtag.al\/index.php\/2024\/04\/14\/gramsh-kultivuan-lende-narkotike-ne-sera-tre-te-arrestuar-dhe-dy-ne-kerkim\/","title":{"rendered":"Gramsh, kultivuan l\u00ebnd\u00eb narkotike n\u00eb sera, tre t\u00eb arrestuar dhe dy n\u00eb k\u00ebrkim\u00a0","gt_translate_keys":[{"key":"rendered","format":"text"}]},"content":{"rendered":"<p><img loading=\"lazy\" decoding=\"async\" class=\"size-full wp-image-667719 aligncenter\" src=\"https:\/\/www.hashtag.al\/wp-content\/uploads\/2024\/04\/arrestim-1-5.webp\" alt=\"\" width=\"1024\" height=\"518\" srcset=\"https:\/\/www.hashtag.al\/wp-content\/uploads\/2024\/04\/arrestim-1-5.webp 1024w, https:\/\/www.hashtag.al\/wp-content\/uploads\/2024\/04\/arrestim-1-5-300x152.webp 300w, https:\/\/www.hashtag.al\/wp-content\/uploads\/2024\/04\/arrestim-1-5-768x389.webp 768w\" sizes=\"auto, (max-width: 1024px) 100vw, 1024px\" \/><\/p>\n<p><span style=\"font-weight: 400; color: #000000;\">Tre ambiente si sera ishin p\u00ebrshtatur p\u00ebr t\u00eb kultivuar kanabis n\u00eb pyllin e fshatit Katerlis, nj\u00ebsia administrative Tunje, Gramsh. Policia thot\u00eb se u gjet\u00ebn\u00a0 t\u00eb kultivuar 792 fidan\u00eb t\u00eb dyshuar narkotik\u00eb cannabis sativa.\u00a0<\/span><\/p>\n<p><span style=\"font-weight: 400; color: #000000;\">N\u00eb pranga ran\u00eb Sokol Beshiri, 28 vje\u00e7, Vullnet Myrteli,56 vje\u00e7, t\u00eb dy banues n\u00eb Dimal,dhe Lorjan Goga, 30 vje\u00e7. Vijon puna p\u00ebr kapjen e 2 shtetasve t\u00eb tjer\u00eb t\u00eb implikuar n\u00eb k\u00ebt\u00eb veprimtari kriminale.<\/span><\/p>\n<p><span style=\"font-weight: 400; color: #000000;\">Shtetasit Sokol Beshiri dhe Vullnet Myrteli jan\u00eb kapur n\u00eb flagranc\u00eb n\u00eb nj\u00ebr\u00ebn nga serat, nd\u00ebrsa shtetasi Lorjan Goga \u00ebsht\u00eb kapur n\u00eb bashk\u00ebpunim me sh\u00ebrbimet e Policis\u00eb Ku\u00e7ov\u00eb, informoi sot policia e Elbasanit.<\/span><\/p>\n<p><span style=\"color: #000000;\"><b>NJOFTIMI I POLICIS\u00cb<\/b><\/span><\/p>\n<p><span style=\"color: #000000;\"><i><span style=\"font-weight: 400;\">\u201cGramsh\/Finalizohet pas nj\u00eb hetimi disamujor me metoda proaktive, operacioni policor i koduar i koduar \u201cKaterlisi\u201d, p\u00ebr goditjen e veprimtaris\u00eb kriminale t\u00eb kultivimit t\u00eb bim\u00ebve narkotike, n\u00eb faz\u00eb fillestare.<\/span><\/i><\/span><\/p>\n<p><span style=\"color: #000000;\"><i><span style=\"font-weight: 400;\">Operacioni, nga Komisariati i Policis\u00eb Gramsh n\u00eb drejtimin e Prokuroris\u00eb pran\u00eb Gjykat\u00ebs s\u00eb Shkall\u00ebs s\u00eb Par\u00eb t\u00eb Juridiksionit t\u00eb P\u00ebrgjithsh\u00ebm Elbasan.<\/span><\/i><\/span><\/p>\n<p><span style=\"color: #000000;\"><i><span style=\"font-weight: 400;\">Gjat\u00eb finalizimit t\u00eb operacionit \u00ebsht\u00eb bashk\u00ebpunuar dhe me Komisariatin e Policis\u00eb Ku\u00e7ov\u00eb.<\/span><\/i><\/span><\/p>\n<p><span style=\"color: #000000;\"><i><span style=\"font-weight: 400;\">Kishin p\u00ebrshtatur 3 ambiente si sera, n\u00eb pyllin e fshatit Katerlis, n\u00eb t\u00eb cilat kishin kultivuar 792 fidan\u00eb narkotik\u00eb, vihen n\u00eb pranga 3 shtetas (2 prej tyre u kap\u00ebn n\u00eb flagranc\u00eb n\u00eb nj\u00ebr\u00ebn nga serat).<\/span><\/i><\/span><\/p>\n<p><span style=\"color: #000000;\"><i><span style=\"font-weight: 400;\">Vijon puna p\u00ebr kapjen e 2 shtetasve t\u00eb tjer\u00eb t\u00eb implikuar n\u00eb k\u00ebt\u00eb veprimtari kriminale.<\/span><\/i><\/span><\/p>\n<p><span style=\"color: #000000;\"><i><span style=\"font-weight: 400;\">Gjithashtu, procedohen n\u00eb gjendje t\u00eb lir\u00eb, p\u00ebr shp\u00ebrdorim t\u00eb detyr\u00ebs, kryeplaku i fshatit Katerlis dhe inxhinieri i mjedisit.<\/span><\/i><\/span><\/p>\n<p><span style=\"color: #000000;\"><i><span style=\"font-weight: 400;\">Asgj\u00ebsohen 792 fidan\u00eb t\u00eb dyshuar narkotik\u00eb cannabis sativa.<\/span><\/i><\/span><\/p>\n<p><span style=\"color: #000000;\"><i><span style=\"font-weight: 400;\">N\u00eb zbatim t\u00eb planit t\u00eb posa\u00e7\u00ebm operacional policor q\u00eb ka si objektiv parandalimin, evidentimin dhe goditjen e rasteve t\u00eb kutivimit t\u00eb bim\u00ebve narkotike, sh\u00ebrbimet e Komisariatit t\u00eb Policis\u00eb Gramsh, bazuar n\u00eb informacionet e siguruara se n\u00eb territorin e fshatit Katerlis, nj\u00ebsia administrative Tunje, Gramsh, n\u00eb nj\u00eb zon\u00eb t\u00eb pyll\u00ebzuar, ishin kultivuar fidan\u00eb narkotik\u00eb, referuan materialet n\u00eb Prokurori, e cila regjistroi procedimin penal.<\/span><\/i><\/span><\/p>\n<p><span style=\"color: #000000;\"><i><span style=\"font-weight: 400;\">N\u00eb kuad\u00ebr t\u00eb k\u00ebtij procedimi, n\u00eb drejtimin e Prokuroris\u00eb pran\u00eb Gjykat\u00ebs s\u00eb Shkall\u00ebs s\u00eb Par\u00eb t\u00eb Juridiksionit t\u00eb P\u00ebrgjithsh\u00ebm Elbasan dhe n\u00eb bashk\u00ebpunim me Komisariatin e Policis\u00eb Ku\u00e7ov\u00eb, \u00ebsht\u00eb zhvilluar operacioni policor i koduar \u201cKaterlisi\u201d.<\/span><\/i><\/span><\/p>\n<p><span style=\"color: #000000;\"><i><span style=\"font-weight: 400;\">Gjat\u00eb operacionit, n\u00eb fshatin Katerlis, nj\u00ebsia administrative Tunje, Gramsh, n\u00eb masivin pyjor, u zbuluan 3 ambiente t\u00eb p\u00ebrshtatura si sera, n\u00eb t\u00eb cilat u gjet\u00ebn t\u00eb kultivuar 792 fidan\u00eb t\u00eb dyshuar narkotik\u00eb cannabis sativa.<\/span><\/i><\/span><\/p>\n<p><span style=\"color: #000000;\"><i><span style=\"font-weight: 400;\">Gjithashtu, u b\u00eb e mundur kapja dhe arrestimi n\u00eb flagranc\u00eb i autor\u00ebve t\u00eb dyshuar t\u00eb k\u00ebtij rasti, shtetasve:<\/span><\/i><\/span><\/p>\n<p><span style=\"color: #000000;\"><i><span style=\"font-weight: 400;\">-S. B., 28 vje\u00e7, banues n\u00eb Dimal, p\u00ebr vepr\u00ebn penale \u201cKultivimi i bim\u00ebve narkotike\u201d, kryer n\u00eb bashk\u00ebpunim;<\/span><\/i><\/span><\/p>\n<p><span style=\"color: #000000;\"><i><span style=\"font-weight: 400;\">-V. M., 56 vje\u00e7, banues n\u00eb Dimal p\u00ebr veprat penale \u201cKultivimi i bim\u00ebve narkotike\u201d, kryer n\u00eb bashk\u00ebpunim;<\/span><\/i><\/span><\/p>\n<p><span style=\"color: #000000;\"><i><span style=\"font-weight: 400;\">-L. G., 30 vje\u00e7, p\u00ebr veprat penale \u201cKultivimi i bim\u00ebve narkotike\u201d, kryer n\u00eb bashk\u00ebpunim dhe \u201cVeprime q\u00eb pengojn\u00eb zbulimin e s\u00eb v\u00ebrtet\u00ebs\u201d.<\/span><\/i><\/span><\/p>\n<p><span style=\"color: #000000;\"><i><span style=\"font-weight: 400;\">Shtetasit S. B. dhe V. M. jan\u00eb kapur n\u00eb flagranc\u00eb n\u00eb nj\u00ebr\u00ebn nga serat, nd\u00ebrsa shtetasi L. G. \u00ebsht\u00eb kapur n\u00eb bashk\u00ebpunim me sh\u00ebrbimet e Policis\u00eb Ku\u00e7ov\u00eb.<\/span><\/i><\/span><\/p>\n<p><span style=\"color: #000000;\"><i><span style=\"font-weight: 400;\">Gjithashtu, vijon puna p\u00ebr kapjen e shtetasve G. G., 43 vje\u00e7 dhe I. Z., 47 vje\u00e7, t\u00eb dyshuar p\u00ebr vepr\u00ebn penale \u201cKultivimi i bim\u00ebve narkotike\u201d, kryer n\u00eb bashk\u00ebpunim.<\/span><\/i><\/span><\/p>\n<p><span style=\"color: #000000;\"><i><span style=\"font-weight: 400;\">Me tej, n\u00eb vijim t\u00eb veprimeve p\u00ebr k\u00ebt\u00eb rast, u referuan materialet n\u00eb Prokurori ku nisi procedimi n\u00eb gjendje t\u00eb lir\u00eb p\u00ebr vepr\u00ebn penale \u201cShp\u00ebrdorimi i detyr\u00ebs\u201d, p\u00ebr shtetasit Xh. M., 32 vje\u00e7, me detyr\u00eb inxhinier mjedisi dhe S. Ll., 61 vje\u00e7, kryeplaku i fshatit.<\/span><\/i><\/span><\/p>\n<p><span style=\"color: #000000;\"><i><span style=\"font-weight: 400;\">Materialet procedurale i kaluan Prokuroris\u00eb, p\u00ebr veprime t\u00eb m\u00ebtejshme, nd\u00ebrkoh\u00eb q\u00eb vijon puna p\u00ebr kapjen e shtetasve t\u00eb shpallur n\u00eb k\u00ebrkim\u201d.<\/span><\/i><\/span><\/p>\n","protected":false,"gt_translate_keys":[{"key":"rendered","format":"html"}]},"excerpt":{"rendered":"<p>Tre ambiente si sera ishin p\u00ebrshtatur p\u00ebr t\u00eb kultivuar kanabis n\u00eb pyllin e fshatit Katerlis, nj\u00ebsia administrative Tunje, Gramsh. Policia thot\u00eb se u gjet\u00ebn\u00a0 t\u00eb kultivuar 792 fidan\u00eb t\u00eb dyshuar narkotik\u00eb cannabis sativa.\u00a0 N\u00eb pranga ran\u00eb Sokol Beshiri, 28 vje\u00e7, Vullnet Myrteli,56 vje\u00e7, t\u00eb dy banues n\u00eb Dimal,dhe Lorjan Goga, 30 vje\u00e7. Vijon puna p\u00ebr [&hellip;]<\/p>\n","protected":false,"gt_translate_keys":[{"key":"rendered","format":"html"}]},"author":4,"featured_media":667719,"comment_status":"closed","ping_status":"open","sticky":false,"template":"","format":"standard","meta":{"footnotes":""},"categories":[65],"tags":[],"class_list":["post-667718","post","type-post","status-publish","format-standard","has-post-thumbnail","hentry","category-lajme"],"gt_translate_keys":[{"key":"link","format":"url"}],"_links":{"self":[{"href":"https:\/\/www.hashtag.al\/index.php\/wp-json\/wp\/v2\/posts\/667718","targetHints":{"allow":["GET"]}}],"collection":[{"href":"https:\/\/www.hashtag.al\/index.php\/wp-json\/wp\/v2\/posts"}],"about":[{"href":"https:\/\/www.hashtag.al\/index.php\/wp-json\/wp\/v2\/types\/post"}],"author":[{"embeddable":true,"href":"https:\/\/www.hashtag.al\/index.php\/wp-json\/wp\/v2\/users\/4"}],"replies":[{"embeddable":true,"href":"https:\/\/www.hashtag.al\/index.php\/wp-json\/wp\/v2\/comments?post=667718"}],"version-history":[{"count":0,"href":"https:\/\/www.hashtag.al\/index.php\/wp-json\/wp\/v2\/posts\/667718\/revisions"}],"wp:featuredmedia":[{"embeddable":true,"href":"https:\/\/www.hashtag.al\/index.php\/wp-json\/wp\/v2\/media\/667719"}],"wp:attachment":[{"href":"https:\/\/www.hashtag.al\/index.php\/wp-json\/wp\/v2\/media?parent=667718"}],"wp:term":[{"taxonomy":"category","embeddable":true,"href":"https:\/\/www.hashtag.al\/index.php\/wp-json\/wp\/v2\/categories?post=667718"},{"taxonomy":"post_tag","embeddable":true,"href":"https:\/\/www.hashtag.al\/index.php\/wp-json\/wp\/v2\/tags?post=667718"}],"curies":[{"name":"wp","href":"https:\/\/api.w.org\/{rel}","templated":true}]}}