{"id":667530,"date":"2024-04-13T09:20:18","date_gmt":"2024-04-13T07:20:18","guid":{"rendered":"https:\/\/www.hashtag.al\/?p=667530"},"modified":"2024-04-13T09:20:18","modified_gmt":"2024-04-13T07:20:18","slug":"aksident-ne-aksin-lushnje-berat-makina-perplaset-me-motorin-plagoset-62-vjecari","status":"publish","type":"post","link":"https:\/\/www.hashtag.al\/index.php\/2024\/04\/13\/aksident-ne-aksin-lushnje-berat-makina-perplaset-me-motorin-plagoset-62-vjecari\/","title":{"rendered":"Aksident n\u00eb\u00a0aksin Lushnj\u00eb-Berat, makina p\u00ebrplaset me motorin, plagoset\u00a0 62-vje\u00e7ari","gt_translate_keys":[{"key":"rendered","format":"text"}]},"content":{"rendered":"<p><img loading=\"lazy\" decoding=\"async\" class=\"size-full wp-image-667532 aligncenter\" src=\"https:\/\/www.hashtag.al\/wp-content\/uploads\/2024\/04\/1712990822_aksidentlushnje-transformed.jpeg\" alt=\"\" width=\"780\" height=\"440\" srcset=\"https:\/\/www.hashtag.al\/wp-content\/uploads\/2024\/04\/1712990822_aksidentlushnje-transformed.jpeg 780w, https:\/\/www.hashtag.al\/wp-content\/uploads\/2024\/04\/1712990822_aksidentlushnje-transformed-300x169.jpeg 300w, https:\/\/www.hashtag.al\/wp-content\/uploads\/2024\/04\/1712990822_aksidentlushnje-transformed-768x433.jpeg 768w\" sizes=\"auto, (max-width: 780px) 100vw, 780px\" \/><\/p>\n<p><span style=\"font-weight: 400; color: #000000;\">Nj\u00eb aksident i r\u00ebnd\u00eb ka ndodhur n\u00eb rrug\u00ebn nacionale Lushnje-Berat n\u00eb af\u00ebrsi t\u00eb Fier-Sheganit. 62-vje\u00e7ari Etem Bushi q\u00eb udh\u00ebtonte me nj\u00eb motomjet elektrik duke dal\u00eb nga rruga dyt\u00ebsore \u00ebsht\u00eb p\u00ebrplasur me nj\u00eb mjet tip Toyota q\u00eb udh\u00ebtonte n\u00eb drejtim t\u00eb Lushnjes.<\/span><\/p>\n<p><span style=\"color: #000000;\"><i><span style=\"font-weight: 400;\">\u201cSi rezultat i p\u00ebrplasjes motomjeti \u00ebsht\u00eb ndar\u00eb n\u00eb dysh dhe drejtuesi ka marr\u00eb plag\u00eb t\u00eb r\u00ebnda. 62-vje\u00e7ari n\u00eb spitalin e Lushnjes me plag\u00eb t\u00eb r\u00ebnda.<\/span><\/i><\/span><\/p>\n<p><span style=\"color: #000000;\"><i><span style=\"font-weight: 400;\">Aksident n\u00eb aksin rrugor \u201cLushnj\u00eb-Berat\u201d. Ngjarja ndodhi rreth or\u00ebs 08:00. M\u00ebsohet se automjeti tip \u201cToyota\u201d, me drejtues shtetasen me inicialet E. \u00c7., \u00ebsht\u00eb p\u00ebrplasur me nj\u00eb motomjet q\u00eb drejtohej nga shtetasi E. B., rreth 62 vje\u00e7.<\/span><\/i><\/span><\/p>\n<p><span style=\"color: #000000;\"><i><span style=\"font-weight: 400;\">\u201cRreth or\u00ebs 08:00 n\u00eb aksin rrugor \u201cLushnj\u00eb-Berat\u201d, automjeti tip \u201cToyota\u201d, me drejtues shtetasen E. \u00c7., \u00ebsht\u00eb p\u00ebrplasur me nj\u00eb motomjet q\u00eb drejtohej nga shtetasi E. B., rreth 62 vje\u00e7.<\/span><\/i><\/span><\/p>\n<p><span style=\"color: #000000;\"><i><span style=\"font-weight: 400;\">Si pasoj\u00eb e p\u00ebrplasjes \u00ebsht\u00eb d\u00ebmtuar drejtuesi i motomjetit shtetasi E. B., i cili \u00ebsht\u00eb transportuar n\u00eb spital p\u00ebr ndihm\u00eb mjek\u00ebsore. Grupi hetimor po punon p\u00ebr sqarimin e plot\u00eb t\u00eb rrethanave dhe shkakut t\u00eb aksidentit.\u201d,<\/span><\/i><span style=\"font-weight: 400;\"> njofton policia.<\/span><\/span><\/p>\n","protected":false,"gt_translate_keys":[{"key":"rendered","format":"html"}]},"excerpt":{"rendered":"<p>Nj\u00eb aksident i r\u00ebnd\u00eb ka ndodhur n\u00eb rrug\u00ebn nacionale Lushnje-Berat n\u00eb af\u00ebrsi t\u00eb Fier-Sheganit. 62-vje\u00e7ari Etem Bushi q\u00eb udh\u00ebtonte me nj\u00eb motomjet elektrik duke dal\u00eb nga rruga dyt\u00ebsore \u00ebsht\u00eb p\u00ebrplasur me nj\u00eb mjet tip Toyota q\u00eb udh\u00ebtonte n\u00eb drejtim t\u00eb Lushnjes. \u201cSi rezultat i p\u00ebrplasjes motomjeti \u00ebsht\u00eb ndar\u00eb n\u00eb dysh dhe drejtuesi ka marr\u00eb plag\u00eb [&hellip;]<\/p>\n","protected":false,"gt_translate_keys":[{"key":"rendered","format":"html"}]},"author":4,"featured_media":667532,"comment_status":"closed","ping_status":"open","sticky":false,"template":"","format":"standard","meta":{"footnotes":""},"categories":[65],"tags":[],"class_list":["post-667530","post","type-post","status-publish","format-standard","has-post-thumbnail","hentry","category-lajme"],"gt_translate_keys":[{"key":"link","format":"url"}],"_links":{"self":[{"href":"https:\/\/www.hashtag.al\/index.php\/wp-json\/wp\/v2\/posts\/667530","targetHints":{"allow":["GET"]}}],"collection":[{"href":"https:\/\/www.hashtag.al\/index.php\/wp-json\/wp\/v2\/posts"}],"about":[{"href":"https:\/\/www.hashtag.al\/index.php\/wp-json\/wp\/v2\/types\/post"}],"author":[{"embeddable":true,"href":"https:\/\/www.hashtag.al\/index.php\/wp-json\/wp\/v2\/users\/4"}],"replies":[{"embeddable":true,"href":"https:\/\/www.hashtag.al\/index.php\/wp-json\/wp\/v2\/comments?post=667530"}],"version-history":[{"count":0,"href":"https:\/\/www.hashtag.al\/index.php\/wp-json\/wp\/v2\/posts\/667530\/revisions"}],"wp:featuredmedia":[{"embeddable":true,"href":"https:\/\/www.hashtag.al\/index.php\/wp-json\/wp\/v2\/media\/667532"}],"wp:attachment":[{"href":"https:\/\/www.hashtag.al\/index.php\/wp-json\/wp\/v2\/media?parent=667530"}],"wp:term":[{"taxonomy":"category","embeddable":true,"href":"https:\/\/www.hashtag.al\/index.php\/wp-json\/wp\/v2\/categories?post=667530"},{"taxonomy":"post_tag","embeddable":true,"href":"https:\/\/www.hashtag.al\/index.php\/wp-json\/wp\/v2\/tags?post=667530"}],"curies":[{"name":"wp","href":"https:\/\/api.w.org\/{rel}","templated":true}]}}