{"id":667474,"date":"2024-04-12T16:08:33","date_gmt":"2024-04-12T14:08:33","guid":{"rendered":"https:\/\/www.hashtag.al\/?p=667474"},"modified":"2024-04-12T16:10:22","modified_gmt":"2024-04-12T14:10:22","slug":"ambasada-amerikane-mbeshtetje-spak-ut-te-angazhuar-per-nje-sstem-drejtesie-qe-shqiptaret-duan-e-meritojne","status":"publish","type":"post","link":"https:\/\/www.hashtag.al\/index.php\/2024\/04\/12\/ambasada-amerikane-mbeshtetje-spak-ut-te-angazhuar-per-nje-sstem-drejtesie-qe-shqiptaret-duan-e-meritojne\/","title":{"rendered":"Ambasada Amerikane mb\u00ebshtetje SPAK-ut: T\u00eb angazhuar p\u00ebr nj\u00eb drejt\u00ebsi q\u00eb shqiptar\u00ebt e meritojn\u00eb","gt_translate_keys":[{"key":"rendered","format":"text"}]},"content":{"rendered":"<p>\u00eb<img loading=\"lazy\" decoding=\"async\" class=\"aligncenter size-full wp-image-667476\" src=\"https:\/\/www.hashtag.al\/wp-content\/uploads\/2024\/04\/GK9CJP5WQAEr-4k.jpg\" alt=\"\" width=\"2048\" height=\"1536\" srcset=\"https:\/\/www.hashtag.al\/wp-content\/uploads\/2024\/04\/GK9CJP5WQAEr-4k.jpg 2048w, https:\/\/www.hashtag.al\/wp-content\/uploads\/2024\/04\/GK9CJP5WQAEr-4k-300x225.jpg 300w, https:\/\/www.hashtag.al\/wp-content\/uploads\/2024\/04\/GK9CJP5WQAEr-4k-1024x768.jpg 1024w, https:\/\/www.hashtag.al\/wp-content\/uploads\/2024\/04\/GK9CJP5WQAEr-4k-768x576.jpg 768w, https:\/\/www.hashtag.al\/wp-content\/uploads\/2024\/04\/GK9CJP5WQAEr-4k-1536x1152.jpg 1536w\" sizes=\"auto, (max-width: 2048px) 100vw, 2048px\" \/><\/p>\n<p><span style=\"color: #000000;\">Ambasada Amerikane ka shprehur mb\u00ebshtetjen p\u00ebr SPAK-un. <\/span><\/p>\n<p><span style=\"color: #000000;\">N\u00eb nj\u00eb postim n\u00eb X, ajo shkruan se \u00ebsht\u00eb krenare q\u00eb mb\u00ebshtet angazhimin e Prokuroris\u00eb Speciale n\u00eb luft\u00ebn kund\u00ebr korrupsionit, krimit t\u00eb organizuar e mosnd\u00ebshkimit. <\/span><\/p>\n<p><span style=\"color: #000000;\">Ambasada n\u00ebnvizon se \u00ebsht\u00eb e angazhuar p\u00ebr nj\u00eb sistem drejt\u00ebsie q\u00eb shqiptar\u00ebt e duan dhe e meritojn\u00eb.<\/span><\/p>\n<p><span style=\"color: #000000;\"><em>\u201cProkuror\u00ebt e Struktur\u00ebs s\u00eb Posa\u00e7me Kund\u00ebr Korrupsionit dhe Krimit t\u00eb Organizuar (SPAK) mor\u00ebn pjes\u00eb s\u00eb fundmi n\u00eb nj\u00eb seminar t\u00eb organizuar nga Zyra e SHBA p\u00ebr Zhvillimin, Asistenc\u00ebn dhe Trajnimin e Prokuroris\u00eb Jasht\u00eb shtetit (OPDAT). Ekipi i SPAK diskutoi arritjet dhe strategjit\u00eb e tyre p\u00ebr t\u00eb p\u00ebrmir\u00ebsuar pun\u00ebn ekipore, p\u00ebr t\u00eb p\u00ebrmir\u00ebsuar p\u00ebrpjekjet e tyre dhe p\u00ebr t\u00eb rritur rezultatet n\u00eb luft\u00ebn kund\u00ebr korrupsionit dhe krimit t\u00eb organizuar. Ne jemi krenar\u00eb q\u00eb mb\u00ebshtesim angazhimin e SPAK p\u00ebr integritet dhe drejt\u00ebsi. Shtetet e Bashkuara q\u00ebndrojn\u00eb p\u00ebrkrah institucioneve t\u00eb drejt\u00ebsis\u00eb s\u00eb Shqip\u00ebris\u00eb n\u00eb luft\u00ebn e tyre kund\u00ebr korrupsionit, krimit t\u00eb organizuar dhe mosnd\u00ebshkimit, duke p\u00ebrforcuar angazhimin ton\u00eb t\u00eb q\u00ebndruesh\u00ebm p\u00ebr nj\u00eb sistem drejt\u00ebsie q\u00eb shqiptar\u00ebt duan dhe e meritojn\u00eb.\u201d<\/em> &#8211; thuhet n\u00eb postimin n\u00eb X t\u00eb ambasad\u00ebs amerikane.<\/span><\/p>\n<p><img loading=\"lazy\" decoding=\"async\" class=\"aligncenter size-full wp-image-667477\" src=\"https:\/\/www.hashtag.al\/wp-content\/uploads\/2024\/04\/Capture-10.png\" alt=\"\" width=\"738\" height=\"815\" srcset=\"https:\/\/www.hashtag.al\/wp-content\/uploads\/2024\/04\/Capture-10.png 738w, https:\/\/www.hashtag.al\/wp-content\/uploads\/2024\/04\/Capture-10-272x300.png 272w\" sizes=\"auto, (max-width: 738px) 100vw, 738px\" \/><\/p>\n","protected":false,"gt_translate_keys":[{"key":"rendered","format":"html"}]},"excerpt":{"rendered":"<p>\u00eb Ambasada Amerikane ka shprehur mb\u00ebshtetjen p\u00ebr SPAK-un. N\u00eb nj\u00eb postim n\u00eb X, ajo shkruan se \u00ebsht\u00eb krenare q\u00eb mb\u00ebshtet angazhimin e Prokuroris\u00eb Speciale n\u00eb luft\u00ebn kund\u00ebr korrupsionit, krimit t\u00eb organizuar e mosnd\u00ebshkimit. Ambasada n\u00ebnvizon se \u00ebsht\u00eb e angazhuar p\u00ebr nj\u00eb sistem drejt\u00ebsie q\u00eb shqiptar\u00ebt e duan dhe e meritojn\u00eb. \u201cProkuror\u00ebt e Struktur\u00ebs s\u00eb Posa\u00e7me [&hellip;]<\/p>\n","protected":false,"gt_translate_keys":[{"key":"rendered","format":"html"}]},"author":51,"featured_media":667476,"comment_status":"closed","ping_status":"open","sticky":false,"template":"","format":"standard","meta":{"footnotes":""},"categories":[65],"tags":[],"class_list":["post-667474","post","type-post","status-publish","format-standard","has-post-thumbnail","hentry","category-lajme"],"gt_translate_keys":[{"key":"link","format":"url"}],"_links":{"self":[{"href":"https:\/\/www.hashtag.al\/index.php\/wp-json\/wp\/v2\/posts\/667474","targetHints":{"allow":["GET"]}}],"collection":[{"href":"https:\/\/www.hashtag.al\/index.php\/wp-json\/wp\/v2\/posts"}],"about":[{"href":"https:\/\/www.hashtag.al\/index.php\/wp-json\/wp\/v2\/types\/post"}],"author":[{"embeddable":true,"href":"https:\/\/www.hashtag.al\/index.php\/wp-json\/wp\/v2\/users\/51"}],"replies":[{"embeddable":true,"href":"https:\/\/www.hashtag.al\/index.php\/wp-json\/wp\/v2\/comments?post=667474"}],"version-history":[{"count":0,"href":"https:\/\/www.hashtag.al\/index.php\/wp-json\/wp\/v2\/posts\/667474\/revisions"}],"wp:featuredmedia":[{"embeddable":true,"href":"https:\/\/www.hashtag.al\/index.php\/wp-json\/wp\/v2\/media\/667476"}],"wp:attachment":[{"href":"https:\/\/www.hashtag.al\/index.php\/wp-json\/wp\/v2\/media?parent=667474"}],"wp:term":[{"taxonomy":"category","embeddable":true,"href":"https:\/\/www.hashtag.al\/index.php\/wp-json\/wp\/v2\/categories?post=667474"},{"taxonomy":"post_tag","embeddable":true,"href":"https:\/\/www.hashtag.al\/index.php\/wp-json\/wp\/v2\/tags?post=667474"}],"curies":[{"name":"wp","href":"https:\/\/api.w.org\/{rel}","templated":true}]}}