{"id":667343,"date":"2024-04-12T00:01:00","date_gmt":"2024-04-11T22:01:00","guid":{"rendered":"https:\/\/www.hashtag.al\/?p=667343"},"modified":"2024-04-12T00:01:59","modified_gmt":"2024-04-11T22:01:59","slug":"veliaj-plani-per-inceneratorin-te-vijoje-duhej-te-dorezohej-ne-2023","status":"publish","type":"post","link":"https:\/\/www.hashtag.al\/index.php\/2024\/04\/12\/veliaj-plani-per-inceneratorin-te-vijoje-duhej-te-dorezohej-ne-2023\/","title":{"rendered":"Veliaj: Plani p\u00ebr inceneratorin t\u00eb vijoj\u00eb, duhej t\u00eb dor\u00ebzohej n\u00eb 2023","gt_translate_keys":[{"key":"rendered","format":"text"}]},"content":{"rendered":"<p><span style=\"color: #000000;\"><a style=\"color: #000000;\" href=\"https:\/\/www.hashtag.al\/wp-content\/uploads\/2024\/04\/veliaj-1.png\"><img loading=\"lazy\" decoding=\"async\" class=\"aligncenter size-full wp-image-667326\" src=\"https:\/\/www.hashtag.al\/wp-content\/uploads\/2024\/04\/veliaj-1.png\" alt=\"\" width=\"1179\" height=\"723\" srcset=\"https:\/\/www.hashtag.al\/wp-content\/uploads\/2024\/04\/veliaj-1.png 1179w, https:\/\/www.hashtag.al\/wp-content\/uploads\/2024\/04\/veliaj-1-300x184.png 300w, https:\/\/www.hashtag.al\/wp-content\/uploads\/2024\/04\/veliaj-1-1024x628.png 1024w, https:\/\/www.hashtag.al\/wp-content\/uploads\/2024\/04\/veliaj-1-768x471.png 768w\" sizes=\"auto, (max-width: 1179px) 100vw, 1179px\" \/><\/a><\/span><\/p>\n<p><span style=\"color: #000000;\">Kryetari i Bashkis\u00eb Tiran\u00eb, Erion Veliaj gjat\u00eb nj\u00eb interviste n\u00eb Abc Ne\u00ebs deklaroi se inkurajon planin p\u00ebr nd\u00ebrtimin e inceneratorit t\u00eb Tiran\u00ebs.<\/span><\/p>\n<p><span style=\"color: #000000;\">Sipas Veliajt inceneratori duhej t\u00eb dor\u00ebzohej n\u00eb 2023 por p\u00ebr shkak t\u00eb \u00e7\u00ebshtjes ku \u00ebsht\u00eb p\u00ebrfshir\u00eb koncesioni dhe pronar\u00ebt e tij nuk u realizua.<\/span><\/p>\n<p><span style=\"color: #000000;\">\u201c<em>Ne jemi klient\u00eb t\u00eb landfillit, drejtohet nga nj\u00eb kompani publike. \u00c7far\u00eb mendoj un\u00eb si K\u00ebshill se nuk kam vendimmarrje. Si K\u00ebshill \u00ebsht\u00eb t\u00eb vijoj\u00eb plani ta b\u00ebjn\u00eb inceneratorin, e kishin p\u00ebr ta dor\u00ebzuar n\u00eb 2023, ndodhi kjo anomali, t\u00eb aplikojn\u00eb prap\u00eb. Madje i inkurajova, aplikoni t\u00eb hapen qelizat e reja p\u00ebr t\u00eb kompresuar plehrat<\/em>\u201d, tha Veliaj.<\/span><\/p>\n<p>&nbsp;<\/p>\n","protected":false,"gt_translate_keys":[{"key":"rendered","format":"html"}]},"excerpt":{"rendered":"<p>Kryetari i Bashkis\u00eb Tiran\u00eb, Erion Veliaj gjat\u00eb nj\u00eb interviste n\u00eb Abc Ne\u00ebs deklaroi se inkurajon planin p\u00ebr nd\u00ebrtimin e inceneratorit t\u00eb Tiran\u00ebs. Sipas Veliajt inceneratori duhej t\u00eb dor\u00ebzohej n\u00eb 2023 por p\u00ebr shkak t\u00eb \u00e7\u00ebshtjes ku \u00ebsht\u00eb p\u00ebrfshir\u00eb koncesioni dhe pronar\u00ebt e tij nuk u realizua. \u201cNe jemi klient\u00eb t\u00eb landfillit, drejtohet nga nj\u00eb kompani [&hellip;]<\/p>\n","protected":false,"gt_translate_keys":[{"key":"rendered","format":"html"}]},"author":32,"featured_media":667326,"comment_status":"closed","ping_status":"open","sticky":false,"template":"","format":"standard","meta":{"footnotes":""},"categories":[65,13],"tags":[],"class_list":["post-667343","post","type-post","status-publish","format-standard","has-post-thumbnail","hentry","category-lajme","category-te-fundit"],"gt_translate_keys":[{"key":"link","format":"url"}],"_links":{"self":[{"href":"https:\/\/www.hashtag.al\/index.php\/wp-json\/wp\/v2\/posts\/667343","targetHints":{"allow":["GET"]}}],"collection":[{"href":"https:\/\/www.hashtag.al\/index.php\/wp-json\/wp\/v2\/posts"}],"about":[{"href":"https:\/\/www.hashtag.al\/index.php\/wp-json\/wp\/v2\/types\/post"}],"author":[{"embeddable":true,"href":"https:\/\/www.hashtag.al\/index.php\/wp-json\/wp\/v2\/users\/32"}],"replies":[{"embeddable":true,"href":"https:\/\/www.hashtag.al\/index.php\/wp-json\/wp\/v2\/comments?post=667343"}],"version-history":[{"count":0,"href":"https:\/\/www.hashtag.al\/index.php\/wp-json\/wp\/v2\/posts\/667343\/revisions"}],"wp:featuredmedia":[{"embeddable":true,"href":"https:\/\/www.hashtag.al\/index.php\/wp-json\/wp\/v2\/media\/667326"}],"wp:attachment":[{"href":"https:\/\/www.hashtag.al\/index.php\/wp-json\/wp\/v2\/media?parent=667343"}],"wp:term":[{"taxonomy":"category","embeddable":true,"href":"https:\/\/www.hashtag.al\/index.php\/wp-json\/wp\/v2\/categories?post=667343"},{"taxonomy":"post_tag","embeddable":true,"href":"https:\/\/www.hashtag.al\/index.php\/wp-json\/wp\/v2\/tags?post=667343"}],"curies":[{"name":"wp","href":"https:\/\/api.w.org\/{rel}","templated":true}]}}