{"id":667285,"date":"2024-04-11T16:06:31","date_gmt":"2024-04-11T14:06:31","guid":{"rendered":"https:\/\/www.hashtag.al\/?p=667285"},"modified":"2024-04-11T16:06:31","modified_gmt":"2024-04-11T14:06:31","slug":"paqja-e-ukraines-e-pamundur-pa-rusine-ministri-i-jashtem-i-zvicres","status":"publish","type":"post","link":"https:\/\/www.hashtag.al\/index.php\/2024\/04\/11\/paqja-e-ukraines-e-pamundur-pa-rusine-ministri-i-jashtem-i-zvicres\/","title":{"rendered":"Paqja e Ukrain\u00ebs e pamundur pa Rusin\u00eb &#8211; Ministri i Jasht\u00ebm i Zvicr\u00ebs","gt_translate_keys":[{"key":"rendered","format":"text"}]},"content":{"rendered":"<p><img loading=\"lazy\" decoding=\"async\" class=\"aligncenter size-full wp-image-667286\" src=\"https:\/\/www.hashtag.al\/wp-content\/uploads\/2024\/04\/6617943b85f54054692a7de0.jpg\" alt=\"\" width=\"768\" height=\"432\" srcset=\"https:\/\/www.hashtag.al\/wp-content\/uploads\/2024\/04\/6617943b85f54054692a7de0.jpg 768w, https:\/\/www.hashtag.al\/wp-content\/uploads\/2024\/04\/6617943b85f54054692a7de0-300x169.jpg 300w\" sizes=\"auto, (max-width: 768px) 100vw, 768px\" \/><\/p>\n<p><span style=\"color: #000000;\">\u00c7do p\u00ebrpjekje diplomatike p\u00ebr t\u00eb zgjidhur konfliktin n\u00eb Ukrain\u00eb do t\u00eb jet\u00eb e pafrytshme n\u00ebse Rusia nuk p\u00ebrfshihet n\u00eb proces, tha ministri i Jasht\u00ebm zviceran, Ignazio Cassis.<\/span><\/p>\n<p><span style=\"color: #000000;\">Zvicra po planifikon t\u00eb pres\u00eb nj\u00eb konferenc\u00eb t\u00eb nivelit t\u00eb lart\u00eb t\u00eb paqes n\u00eb Ukrain\u00eb n\u00eb qershor 2024 n\u00eb resortin Burgenstock pran\u00eb liqenit t\u00eb Lucernit, duke k\u00ebrkuar &#8220;t\u00eb krijoj\u00eb nj\u00eb kuptim t\u00eb p\u00ebrbashk\u00ebt t\u00eb nj\u00eb kuadri t\u00eb favorsh\u00ebm&#8221; p\u00ebr p\u00ebrfundimin e konfliktit dhe krijimin e nj\u00eb &#8220;udh\u00ebrr\u00ebfyesi tw prekshwm&#8221; p\u00ebr paqen.<\/span><\/p>\n<p><span style=\"color: #000000;\">Raportet e m\u00ebparshme t\u00eb medias sugjeruan se deri n\u00eb 100 kombe mund t\u00eb ishin t\u00eb pranish\u00ebm n\u00eb k\u00ebt\u00eb takim. Rusia, megjithat\u00eb, ka sinjalizuar se nuk do marr\u00eb pjes\u00eb, edhe n\u00ebse ftohet zyrtarisht. <\/span><\/p>\n<p><span style=\"color: #000000;\">Ajo ka argumentuar se tubimi do promovoj\u00eb &#8220;formul\u00ebn e paqes&#8221; t\u00eb presidentit ukrainas Vladimir Zelensky, qw k\u00ebrkon q\u00eb Moska t\u00eb t\u00ebrhiqet nga t\u00eb gjitha territoret dhe krijimin e nj\u00eb tribunali p\u00ebr t\u00eb ndjekur penalisht Rusin\u00eb p\u00ebr krime t\u00eb dyshuara lufte. <\/span><\/p>\n<p><span style=\"color: #000000;\">Moska e ka hedhur posht\u00eb nism\u00ebn si &#8220;t\u00eb shk\u00ebputur nga realiteti&#8221;. Duke folur me gazetar\u00ebt t\u00eb m\u00ebrkur\u00ebn, Cassis vuri n\u00eb dukje se konferenca do organizohej me k\u00ebrkes\u00eb t\u00eb Zelenskyt, duke shtuar se ka kushte t\u00eb mjaftueshme p\u00ebr t\u00eb nisur nj\u00eb shtytje t\u00eb profilit t\u00eb lart\u00eb p\u00ebr paqen.<\/span><\/p>\n<p><span style=\"color: #000000;\"><em>\u201cVendi i par\u00eb me t\u00eb cilin biseduam pas Ukrain\u00ebs ishte, natyrisht, Rusia. Sepse asnj\u00eb proces paqeje nuk mund t\u00eb zhvillohet pa Rusin\u00eb, edhe n\u00ebse ajo nuk do jet\u00eb e pranishme n\u00eb takimin e par\u00eb\u201d<\/em>, tha ai.<\/span><\/p>\n<p><span style=\"color: #000000;\">Diplomati pranoi se Moska do duhej t\u00eb p\u00ebrfshihej &#8220;her\u00ebt a von\u00eb, por jo domosdoshm\u00ebrisht q\u00eb nga dita e par\u00eb&#8221;, duke sugjeruar se konferenca e par\u00eb mund t\u00eb pwrqendrohet n\u00eb &#8220;sakt\u00ebsisht si t\u00eb ftohet Rusia dhe \u00e7far\u00eb roli t&#8217;i japet asaj&#8221;.<\/span><\/p>\n","protected":false,"gt_translate_keys":[{"key":"rendered","format":"html"}]},"excerpt":{"rendered":"<p>\u00c7do p\u00ebrpjekje diplomatike p\u00ebr t\u00eb zgjidhur konfliktin n\u00eb Ukrain\u00eb do t\u00eb jet\u00eb e pafrytshme n\u00ebse Rusia nuk p\u00ebrfshihet n\u00eb proces, tha ministri i Jasht\u00ebm zviceran, Ignazio Cassis. Zvicra po planifikon t\u00eb pres\u00eb nj\u00eb konferenc\u00eb t\u00eb nivelit t\u00eb lart\u00eb t\u00eb paqes n\u00eb Ukrain\u00eb n\u00eb qershor 2024 n\u00eb resortin Burgenstock pran\u00eb liqenit t\u00eb Lucernit, duke k\u00ebrkuar &#8220;t\u00eb [&hellip;]<\/p>\n","protected":false,"gt_translate_keys":[{"key":"rendered","format":"html"}]},"author":51,"featured_media":667286,"comment_status":"closed","ping_status":"open","sticky":false,"template":"","format":"standard","meta":{"footnotes":""},"categories":[53],"tags":[],"class_list":["post-667285","post","type-post","status-publish","format-standard","has-post-thumbnail","hentry","category-fast-foodi"],"gt_translate_keys":[{"key":"link","format":"url"}],"_links":{"self":[{"href":"https:\/\/www.hashtag.al\/index.php\/wp-json\/wp\/v2\/posts\/667285","targetHints":{"allow":["GET"]}}],"collection":[{"href":"https:\/\/www.hashtag.al\/index.php\/wp-json\/wp\/v2\/posts"}],"about":[{"href":"https:\/\/www.hashtag.al\/index.php\/wp-json\/wp\/v2\/types\/post"}],"author":[{"embeddable":true,"href":"https:\/\/www.hashtag.al\/index.php\/wp-json\/wp\/v2\/users\/51"}],"replies":[{"embeddable":true,"href":"https:\/\/www.hashtag.al\/index.php\/wp-json\/wp\/v2\/comments?post=667285"}],"version-history":[{"count":0,"href":"https:\/\/www.hashtag.al\/index.php\/wp-json\/wp\/v2\/posts\/667285\/revisions"}],"wp:featuredmedia":[{"embeddable":true,"href":"https:\/\/www.hashtag.al\/index.php\/wp-json\/wp\/v2\/media\/667286"}],"wp:attachment":[{"href":"https:\/\/www.hashtag.al\/index.php\/wp-json\/wp\/v2\/media?parent=667285"}],"wp:term":[{"taxonomy":"category","embeddable":true,"href":"https:\/\/www.hashtag.al\/index.php\/wp-json\/wp\/v2\/categories?post=667285"},{"taxonomy":"post_tag","embeddable":true,"href":"https:\/\/www.hashtag.al\/index.php\/wp-json\/wp\/v2\/tags?post=667285"}],"curies":[{"name":"wp","href":"https:\/\/api.w.org\/{rel}","templated":true}]}}