{"id":667103,"date":"2024-04-10T18:50:29","date_gmt":"2024-04-10T16:50:29","guid":{"rendered":"https:\/\/www.hashtag.al\/?p=667103"},"modified":"2024-04-10T18:50:29","modified_gmt":"2024-04-10T16:50:29","slug":"be-miraton-reformen-e-rregullave-te-migracionit","status":"publish","type":"post","link":"https:\/\/www.hashtag.al\/index.php\/2024\/04\/10\/be-miraton-reformen-e-rregullave-te-migracionit\/","title":{"rendered":"BE miraton reform\u00ebn e rregullave t\u00eb migracionit","gt_translate_keys":[{"key":"rendered","format":"text"}]},"content":{"rendered":"<p><span style=\"color: #000000;\"><a style=\"color: #000000;\" href=\"https:\/\/www.hashtag.al\/wp-content\/uploads\/2024\/04\/azili.png\"><img loading=\"lazy\" decoding=\"async\" class=\"aligncenter size-full wp-image-667104\" src=\"https:\/\/www.hashtag.al\/wp-content\/uploads\/2024\/04\/azili.png\" alt=\"\" width=\"1014\" height=\"561\" srcset=\"https:\/\/www.hashtag.al\/wp-content\/uploads\/2024\/04\/azili.png 1014w, https:\/\/www.hashtag.al\/wp-content\/uploads\/2024\/04\/azili-300x166.png 300w, https:\/\/www.hashtag.al\/wp-content\/uploads\/2024\/04\/azili-768x425.png 768w, https:\/\/www.hashtag.al\/wp-content\/uploads\/2024\/04\/azili-750x415.png 750w\" sizes=\"auto, (max-width: 1014px) 100vw, 1014px\" \/><\/a><\/span><\/p>\n<p><span style=\"color: #000000;\">Pas vitesh negociatash, Parlamenti Evropian ka miratuar nj\u00eb reform\u00eb t\u00eb madhe t\u00eb rregullave t\u00eb BE-s\u00eb p\u00ebr migracionin dhe azilin.<\/span><\/p>\n<p><span style=\"color: #000000;\">Pakti i BE-s\u00eb p\u00ebr Azilin dhe Migracionin \u00ebsht\u00eb n\u00eb pun\u00eb q\u00eb nga viti 2015. Ai do t\u00eb hyj\u00eb n\u00eb fuqi pas dy vitesh.<\/span><\/p>\n<p><span style=\"color: #000000;\">Ai \u00ebsht\u00eb krijuar p\u00ebr t\u00eb p\u00ebrshpejtuar procesin e azilit dhe p\u00ebr t\u00eb nxitur kthimin e migrant\u00ebve t\u00eb parregullt n\u00eb vendet e origjin\u00ebs.<\/span><\/p>\n<p><span style=\"color: #000000;\">Ai gjithashtu do t\u00eb k\u00ebrkoj\u00eb q\u00eb shtetet an\u00ebtare t\u00eb BE-s\u00eb t\u00eb ndajn\u00eb p\u00ebrgjegj\u00ebsin\u00eb p\u00ebr azilk\u00ebrkuesit.<\/span><\/p>\n<p><span style=\"color: #000000;\">Vitin e kaluar pa rreth 380,000 njer\u00ebz q\u00eb kaluan ilegalisht kufijt\u00eb e BE-s\u00eb &#8211; numri m\u00eb i lart\u00eb q\u00eb nga viti 2016.<\/span><\/p>\n<p><span style=\"color: #000000;\">BE tha se pakti kombinonte &#8220;solidaritetin e detyruesh\u00ebm&#8221; midis vendeve an\u00ebtare me fleksibilitetin. Edhe pse disa shtete t\u00eb BE-s\u00eb mbeten kund\u00ebr pjes\u00ebve t\u00eb marr\u00ebveshjes, ajo pritet t\u00eb marr\u00eb miratimin e plot\u00eb n\u00eb fund t\u00eb prillit me votim t\u00eb shumic\u00ebs.<\/span><\/p>\n<p><span style=\"color: #000000;\">Sipas rregullave t\u00eb propozuara, 27 vendeve t\u00eb BE-s\u00eb do t&#8217;u k\u00ebrkohet ose t\u00eb pranojn\u00eb mij\u00ebra emigrant\u00eb nga vendet e &#8220;vij\u00ebs s\u00eb par\u00eb&#8221;, si Greqia dhe Italia, ose t\u00eb ofrojn\u00eb fonde ose burime shtes\u00eb.<\/span><\/p>\n<p><span style=\"color: #000000;\">Marr\u00ebveshja synon gjithashtu t\u00eb trajtoj\u00eb k\u00ebrkesat p\u00ebr azil brenda nj\u00eb maksimumi 12 jav\u00ebsh. N\u00eb rast refuzimi, azilk\u00ebrkuesit duhet t\u00eb kthehen me forc\u00eb n\u00eb vendin e tyre brenda t\u00eb nj\u00ebjt\u00ebs periudh\u00eb.<\/span><\/p>\n<p><span style=\"color: #000000;\">Emigrant\u00ebt do t&#8217;i n\u00ebnshtrohen nj\u00eb procedure t\u00eb ashp\u00ebr t\u00eb shqyrtimit para hyrjes brenda shtat\u00eb dit\u00ebve, e cila do t\u00eb p\u00ebrfshij\u00eb identifikimin dhe kontrollet sh\u00ebndet\u00ebsore dhe t\u00eb siguris\u00eb.<\/span><\/p>\n<p><span style=\"color: #000000;\">Do t\u00eb mblidhen t\u00eb dh\u00ebna biometrike p\u00ebr \u00e7do migrant t\u00eb mosh\u00ebs gjasht\u00eb vje\u00e7 e lart dhe do t\u00eb ket\u00eb nj\u00eb mekaniz\u00ebm p\u00ebr t&#8217;iu p\u00ebrgjigjur rritjeve t\u00eb papritura t\u00eb mb\u00ebrritjeve.<\/span><\/p>\n<p><span style=\"color: #000000;\">Pakti i migracionit \u00ebsht\u00eb mb\u00ebshtetur nga dy grupet kryesore politike &#8211; Grupi i Partis\u00eb Popullore Evropiane t\u00eb qendr\u00ebs s\u00eb djatht\u00eb (Grupi PPE) dhe Aleanca Progresive e Socialist\u00ebve dhe Demokrat\u00ebve (S&amp;D) e qendr\u00ebs s\u00eb majt\u00eb.<\/span><\/p>\n<p><span style=\"color: #000000;\">T\u00eb dy grupet po p\u00ebrpiqen t\u00eb shmangin nj\u00eb sfid\u00eb t\u00eb fort\u00eb nga e djathta n\u00eb zgjedhjet parlamentare n\u00eb qershor.<\/span><\/p>\n<p><span style=\"color: #000000;\">Kancelari gjerman Olaf Scholz vler\u00ebsoi nj\u00eb &#8220;hap historik, t\u00eb domosdosh\u00ebm&#8221; dhe Roberta Metsola, presidentja e Parlamentit Evropian, tha se ai arriti nj\u00eb &#8220;ekuilib\u00ebr midis solidaritetit dhe p\u00ebrgjegj\u00ebsis\u00eb&#8221;.<\/span><\/p>\n<p><span style=\"color: #000000;\">Hungaria \u00ebsht\u00eb zotuar t\u00eb mos pranoj\u00eb asnj\u00eb emigrant t\u00eb parregullt &#8220;pavar\u00ebsisht nga ndonj\u00eb pakt migrimi&#8221; dhe kryeministri polak Donald Tusk e ka hedhur posht\u00eb si &#8220;t\u00eb papranuesh\u00ebm&#8221; mekanizmin e pranimit t\u00eb disa azilk\u00ebrkuesve ose pages\u00ebs n\u00eb nj\u00eb fond t\u00eb BE-s\u00eb p\u00ebr shtetet e vij\u00ebs s\u00eb par\u00eb.<\/span><\/p>\n<p><span style=\"color: #000000;\">Megjith\u00ebse shum\u00eb deputet\u00eb e mir\u00ebprit\u00ebn rezultatin, disa vun\u00eb re gjithashtu se marr\u00ebveshja nuk ishte &#8220;perfekte&#8221;.<\/span><\/p>\n<p><span style=\"color: #000000;\">&#8220;\u00cbsht\u00eb nj\u00eb kompromis me t\u00eb cilin mund t\u00eb punojm\u00eb,&#8221; tha eurodeputetja sllovene Matjaz Nemec, nd\u00ebrsa Hilde Vautmans e Belgjik\u00ebs tha se legjislacioni &#8220;nuk ishte i p\u00ebrsosur&#8221;, por megjithat\u00eb ajo kishte votuar p\u00ebr t\u00eb.<\/span><\/p>\n<p><span style=\"color: #000000;\">Megjithat\u00eb, grupet e krahut t\u00eb majt\u00eb dhe t\u00eb ekstremit t\u00eb djatht\u00eb e kund\u00ebrshtuan marr\u00ebveshjen.<\/span><\/p>\n<p><span style=\"color: #000000;\">Dhe shum\u00eb OJQ u k\u00ebrkuan gjithashtu deputet\u00ebve t\u00eb votojn\u00eb kund\u00ebr reform\u00ebs, me Amnesty International duke paralajm\u00ebruar se pakti do t\u00eb \u00e7onte n\u00eb nj\u00eb &#8220;rritje t\u00eb vuajtjeve&#8221; p\u00ebr azilk\u00ebrkuesit.<\/span><\/p>\n<p><span style=\"color: #000000;\">N\u00eb nj\u00eb moment, protestuesit nd\u00ebrpren\u00eb votimin, duke brohoritur &#8220;ky pakt vret, votoni Jo&#8221; dhe duke hedhur avion\u00eb letre.<\/span><\/p>\n<p><span style=\"color: #000000;\">N\u00eb nj\u00eb deklarat\u00eb, grupi Choose Love, i cili financon bamir\u00ebsi refugjat\u00ebsh n\u00eb baz\u00eb, paralajm\u00ebroi se f\u00ebmij\u00ebt q\u00eb ikin nga konflikti mund t\u00eb futen n\u00eb burg dhe familjet q\u00eb i shp\u00ebtojn\u00eb persekutimit mund t\u00eb shtyhen me dhun\u00eb sipas paktit t\u00eb ri.<\/span><\/p>\n","protected":false,"gt_translate_keys":[{"key":"rendered","format":"html"}]},"excerpt":{"rendered":"<p>Pas vitesh negociatash, Parlamenti Evropian ka miratuar nj\u00eb reform\u00eb t\u00eb madhe t\u00eb rregullave t\u00eb BE-s\u00eb p\u00ebr migracionin dhe azilin. Pakti i BE-s\u00eb p\u00ebr Azilin dhe Migracionin \u00ebsht\u00eb n\u00eb pun\u00eb q\u00eb nga viti 2015. Ai do t\u00eb hyj\u00eb n\u00eb fuqi pas dy vitesh. Ai \u00ebsht\u00eb krijuar p\u00ebr t\u00eb p\u00ebrshpejtuar procesin e azilit dhe p\u00ebr t\u00eb nxitur [&hellip;]<\/p>\n","protected":false,"gt_translate_keys":[{"key":"rendered","format":"html"}]},"author":32,"featured_media":667104,"comment_status":"closed","ping_status":"open","sticky":false,"template":"","format":"standard","meta":{"footnotes":""},"categories":[65,13],"tags":[],"class_list":["post-667103","post","type-post","status-publish","format-standard","has-post-thumbnail","hentry","category-lajme","category-te-fundit"],"gt_translate_keys":[{"key":"link","format":"url"}],"_links":{"self":[{"href":"https:\/\/www.hashtag.al\/index.php\/wp-json\/wp\/v2\/posts\/667103","targetHints":{"allow":["GET"]}}],"collection":[{"href":"https:\/\/www.hashtag.al\/index.php\/wp-json\/wp\/v2\/posts"}],"about":[{"href":"https:\/\/www.hashtag.al\/index.php\/wp-json\/wp\/v2\/types\/post"}],"author":[{"embeddable":true,"href":"https:\/\/www.hashtag.al\/index.php\/wp-json\/wp\/v2\/users\/32"}],"replies":[{"embeddable":true,"href":"https:\/\/www.hashtag.al\/index.php\/wp-json\/wp\/v2\/comments?post=667103"}],"version-history":[{"count":0,"href":"https:\/\/www.hashtag.al\/index.php\/wp-json\/wp\/v2\/posts\/667103\/revisions"}],"wp:featuredmedia":[{"embeddable":true,"href":"https:\/\/www.hashtag.al\/index.php\/wp-json\/wp\/v2\/media\/667104"}],"wp:attachment":[{"href":"https:\/\/www.hashtag.al\/index.php\/wp-json\/wp\/v2\/media?parent=667103"}],"wp:term":[{"taxonomy":"category","embeddable":true,"href":"https:\/\/www.hashtag.al\/index.php\/wp-json\/wp\/v2\/categories?post=667103"},{"taxonomy":"post_tag","embeddable":true,"href":"https:\/\/www.hashtag.al\/index.php\/wp-json\/wp\/v2\/tags?post=667103"}],"curies":[{"name":"wp","href":"https:\/\/api.w.org\/{rel}","templated":true}]}}