{"id":667100,"date":"2024-04-10T18:32:26","date_gmt":"2024-04-10T16:32:26","guid":{"rendered":"https:\/\/www.hashtag.al\/?p=667100"},"modified":"2024-04-10T18:48:40","modified_gmt":"2024-04-10T16:48:40","slug":"salianji-arrestimi-i-drejtorit-te-it-se-ne-policine-e-shtetit-truk-per-mos-dhenie-llogarie-para-komisionit-hetimor","status":"publish","type":"post","link":"https:\/\/www.hashtag.al\/index.php\/2024\/04\/10\/salianji-arrestimi-i-drejtorit-te-it-se-ne-policine-e-shtetit-truk-per-mos-dhenie-llogarie-para-komisionit-hetimor\/","title":{"rendered":"Salianji: Arrestimi i drejtorit t\u00eb IT-s\u00eb n\u00eb Policin\u00eb e Shtetit truk p\u00ebr mos dh\u00ebnie llogarie para komisionit hetimor","gt_translate_keys":[{"key":"rendered","format":"text"}]},"content":{"rendered":"<p><span style=\"color: #000000;\"><a style=\"color: #000000;\" href=\"https:\/\/www.hashtag.al\/wp-content\/uploads\/2024\/04\/salianji.jpg\"><img loading=\"lazy\" decoding=\"async\" class=\"aligncenter size-full wp-image-667101\" src=\"https:\/\/www.hashtag.al\/wp-content\/uploads\/2024\/04\/salianji.jpg\" alt=\"\" width=\"770\" height=\"440\" srcset=\"https:\/\/www.hashtag.al\/wp-content\/uploads\/2024\/04\/salianji.jpg 770w, https:\/\/www.hashtag.al\/wp-content\/uploads\/2024\/04\/salianji-300x171.jpg 300w, https:\/\/www.hashtag.al\/wp-content\/uploads\/2024\/04\/salianji-768x439.jpg 768w\" sizes=\"auto, (max-width: 770px) 100vw, 770px\" \/><\/a><\/span><\/p>\n<p><span style=\"color: #000000;\">Deputeti i Partis\u00eb Demokratike, Ervin Salianji, n\u00eb nj\u00eb fjalim para demokrat\u00ebve n\u00eb Rr\u00ebshen, komentoi arrestimin e drejtorit t\u00eb IT n\u00eb Policin\u00eb e Shtetit, Ervin Mu\u00e7\u00ebs, i cili dyshohet p\u00ebr nd\u00ebrhyrje n\u00eb sistemin TIMS.<\/span><\/p>\n<p><span style=\"color: #000000;\">Salianji theksoi se shpreh se shpreson q\u00eb arrestimi dhe m\u00eb pas vendosja n\u00eb arrest sht\u00ebpie e Mu\u00e7\u00ebs t\u00eb mos jet\u00eb thjesht nj\u00eb truk, me q\u00ebllim shmangien e p\u00ebrgjegj\u00ebsis\u00eb p\u00ebrpara Komisionit Hetimor parlamentar p\u00ebr sistemin TIMS. Ai gjithashtu shtoi se opozita do t\u00eb vazhdoj\u00eb t\u00eb denoncoj\u00eb shum\u00eb afera t\u00eb qeveris\u00eb.<\/span><\/p>\n<p><span style=\"color: #000000;\">\u201c<em>OSBE ODIHR e ka th\u00ebn\u00eb se zgjedhjet jan\u00eb manipuluar. Opozita po fiton sot p\u00ebrdit\u00eb e m\u00eb shum\u00eb terren, tek z\u00ebri yn\u00eb n\u00eb parlament, tek z\u00ebri i p\u00ebrfaq\u00ebsuesve t\u00eb PD n\u00eb \u00e7do cep t\u00eb Shqip\u00ebris\u00eb. Puna po sjell transparenc\u00eb dhe po ia heq nj\u00eb e nga nj\u00eb qeveris\u00eb. Nuk ka nd\u00ebrhyrje m\u00eb t\u00eb r\u00ebnd\u00eb sesa t\u00eb hysh n\u00eb TIMS.<\/em><\/span><\/p>\n<p><span style=\"color: #000000;\"><em>Arrestuan drejtorin e IT n\u00eb Policin\u00eb e Shtetit. Shpresoj mos t\u00eb jet\u00eb truk, q\u00eb mos japin llogari n\u00eb Komisionin Hetimor parlamentar. Edi Rama \u00ebsht\u00eb drejtp\u00ebrdrejt\u00eb i p\u00ebrfshir\u00eb n\u00eb afera. Rama ka nd\u00ebrtuar nj\u00eb sistem, q\u00eb asetet shet\u00ebrore t\u00eb jen\u00eb n\u00eb duar t\u00eb individ\u00ebve t\u00eb dyshimt\u00eb. E vetmja rrug\u00eb q\u00eb kemi \u00ebsht\u00eb q\u00eb t\u00eb p\u00ebrballemi me k\u00ebt\u00eb regjim. N\u00ebse kemi bashkim, betej\u00eb e cil\u00ebsi, rezultati do t\u00eb vij\u00eb. Fitore e suksese n\u00eb zgjedhjet e 2025<\/em>\u201d, deklaroi Salianji.<\/span><\/p>\n","protected":false,"gt_translate_keys":[{"key":"rendered","format":"html"}]},"excerpt":{"rendered":"<p>Deputeti i Partis\u00eb Demokratike, Ervin Salianji, n\u00eb nj\u00eb fjalim para demokrat\u00ebve n\u00eb Rr\u00ebshen, komentoi arrestimin e drejtorit t\u00eb IT n\u00eb Policin\u00eb e Shtetit, Ervin Mu\u00e7\u00ebs, i cili dyshohet p\u00ebr nd\u00ebrhyrje n\u00eb sistemin TIMS. Salianji theksoi se shpreh se shpreson q\u00eb arrestimi dhe m\u00eb pas vendosja n\u00eb arrest sht\u00ebpie e Mu\u00e7\u00ebs t\u00eb mos jet\u00eb thjesht nj\u00eb [&hellip;]<\/p>\n","protected":false,"gt_translate_keys":[{"key":"rendered","format":"html"}]},"author":32,"featured_media":667101,"comment_status":"closed","ping_status":"open","sticky":false,"template":"","format":"standard","meta":{"footnotes":""},"categories":[65,13],"tags":[],"class_list":["post-667100","post","type-post","status-publish","format-standard","has-post-thumbnail","hentry","category-lajme","category-te-fundit"],"gt_translate_keys":[{"key":"link","format":"url"}],"_links":{"self":[{"href":"https:\/\/www.hashtag.al\/index.php\/wp-json\/wp\/v2\/posts\/667100","targetHints":{"allow":["GET"]}}],"collection":[{"href":"https:\/\/www.hashtag.al\/index.php\/wp-json\/wp\/v2\/posts"}],"about":[{"href":"https:\/\/www.hashtag.al\/index.php\/wp-json\/wp\/v2\/types\/post"}],"author":[{"embeddable":true,"href":"https:\/\/www.hashtag.al\/index.php\/wp-json\/wp\/v2\/users\/32"}],"replies":[{"embeddable":true,"href":"https:\/\/www.hashtag.al\/index.php\/wp-json\/wp\/v2\/comments?post=667100"}],"version-history":[{"count":0,"href":"https:\/\/www.hashtag.al\/index.php\/wp-json\/wp\/v2\/posts\/667100\/revisions"}],"wp:featuredmedia":[{"embeddable":true,"href":"https:\/\/www.hashtag.al\/index.php\/wp-json\/wp\/v2\/media\/667101"}],"wp:attachment":[{"href":"https:\/\/www.hashtag.al\/index.php\/wp-json\/wp\/v2\/media?parent=667100"}],"wp:term":[{"taxonomy":"category","embeddable":true,"href":"https:\/\/www.hashtag.al\/index.php\/wp-json\/wp\/v2\/categories?post=667100"},{"taxonomy":"post_tag","embeddable":true,"href":"https:\/\/www.hashtag.al\/index.php\/wp-json\/wp\/v2\/tags?post=667100"}],"curies":[{"name":"wp","href":"https:\/\/api.w.org\/{rel}","templated":true}]}}