{"id":666963,"date":"2024-04-10T09:09:16","date_gmt":"2024-04-10T07:09:16","guid":{"rendered":"https:\/\/www.hashtag.al\/?p=666963"},"modified":"2024-04-10T09:09:16","modified_gmt":"2024-04-10T07:09:16","slug":"presidentja-osmani-uron-besimtaret-per-fiter-bajram-paqe-tolerance-dhe-respekt-te-ndersjelle-per-te-gjithe","status":"publish","type":"post","link":"https:\/\/www.hashtag.al\/index.php\/2024\/04\/10\/presidentja-osmani-uron-besimtaret-per-fiter-bajram-paqe-tolerance-dhe-respekt-te-ndersjelle-per-te-gjithe\/","title":{"rendered":"Presidentja Osmani uron besimtar\u00ebt p\u00ebr Fit\u00ebr Bajram: Paqe, toleranc\u00eb dhe respekt t\u00eb nd\u00ebrsjell\u00eb p\u00ebr t\u00eb gjith\u00eb","gt_translate_keys":[{"key":"rendered","format":"text"}]},"content":{"rendered":"<p><img loading=\"lazy\" decoding=\"async\" class=\"size-full wp-image-666964 aligncenter\" src=\"https:\/\/www.hashtag.al\/wp-content\/uploads\/2024\/04\/1692301341_vjosaosmani.jpg\" alt=\"\" width=\"780\" height=\"440\" srcset=\"https:\/\/www.hashtag.al\/wp-content\/uploads\/2024\/04\/1692301341_vjosaosmani.jpg 780w, https:\/\/www.hashtag.al\/wp-content\/uploads\/2024\/04\/1692301341_vjosaosmani-300x169.jpg 300w, https:\/\/www.hashtag.al\/wp-content\/uploads\/2024\/04\/1692301341_vjosaosmani-768x433.jpg 768w\" sizes=\"auto, (max-width: 780px) 100vw, 780px\" \/><\/p>\n<p><span style=\"font-weight: 400; color: #000000;\">Presidentja e Kosov\u00ebs, Vjosa Osmani ka uruar qytetar\u00ebt p\u00ebr fest\u00ebn e Fit\u00ebr Bajramit, duke th\u00ebn\u00eb se solidariteti nd\u00ebrnjer\u00ebzor, i cili e shoq\u00ebron muajin e bekuar t\u00eb Ramazanit \u00ebsht\u00eb trash\u00ebgimi e jona e \u00e7muar. Osmani n\u00eb nj\u00eb postim n\u00eb Facebook shkruan se festa e Fit\u00ebr Bajramit \u00ebsht\u00eb p\u00ebrkushtim ndaj besimit, sakrific\u00ebs dhe vet\u00ebmohimit.<\/span><\/p>\n<p><span style=\"color: #000000;\"><i><span style=\"font-weight: 400;\">\u201cLutjet dhe sakrifica juaj p\u00ebrgjat\u00eb muajit t\u00eb Ramazanit u pranofshin. Ju p\u00ebrcjellt\u00eb sh\u00ebndeti, mbar\u00ebsia dhe begatia n\u00eb familjet tuaja!<\/span><\/i><\/span><\/p>\n<p><span style=\"color: #000000;\"><i><span style=\"font-weight: 400;\">N\u00eb k\u00ebt\u00eb dit\u00eb feste, t\u00eb gjith\u00eb duhet ta hapin zemr\u00ebn, ta shtrijn\u00eb dor\u00ebn e mir\u00ebsis\u00eb dhe bujaris\u00eb p\u00ebr ata q\u00eb kan\u00eb nevoj\u00eb. Qoft\u00eb kjo dit\u00eb e mbushur me g\u00ebzim t\u00eb pakufish\u00ebm, paqe, toleranc\u00eb dhe respekt t\u00eb nd\u00ebrsjell\u00eb!\u201d,<\/span><\/i><span style=\"font-weight: 400;\"> shkruan presidentja.<\/span><\/span><\/p>\n","protected":false,"gt_translate_keys":[{"key":"rendered","format":"html"}]},"excerpt":{"rendered":"<p>Presidentja e Kosov\u00ebs, Vjosa Osmani ka uruar qytetar\u00ebt p\u00ebr fest\u00ebn e Fit\u00ebr Bajramit, duke th\u00ebn\u00eb se solidariteti nd\u00ebrnjer\u00ebzor, i cili e shoq\u00ebron muajin e bekuar t\u00eb Ramazanit \u00ebsht\u00eb trash\u00ebgimi e jona e \u00e7muar. Osmani n\u00eb nj\u00eb postim n\u00eb Facebook shkruan se festa e Fit\u00ebr Bajramit \u00ebsht\u00eb p\u00ebrkushtim ndaj besimit, sakrific\u00ebs dhe vet\u00ebmohimit. \u201cLutjet dhe sakrifica [&hellip;]<\/p>\n","protected":false,"gt_translate_keys":[{"key":"rendered","format":"html"}]},"author":4,"featured_media":666964,"comment_status":"closed","ping_status":"open","sticky":false,"template":"","format":"standard","meta":{"footnotes":""},"categories":[149],"tags":[],"class_list":["post-666963","post","type-post","status-publish","format-standard","has-post-thumbnail","hentry","category-kosoverajon"],"gt_translate_keys":[{"key":"link","format":"url"}],"_links":{"self":[{"href":"https:\/\/www.hashtag.al\/index.php\/wp-json\/wp\/v2\/posts\/666963","targetHints":{"allow":["GET"]}}],"collection":[{"href":"https:\/\/www.hashtag.al\/index.php\/wp-json\/wp\/v2\/posts"}],"about":[{"href":"https:\/\/www.hashtag.al\/index.php\/wp-json\/wp\/v2\/types\/post"}],"author":[{"embeddable":true,"href":"https:\/\/www.hashtag.al\/index.php\/wp-json\/wp\/v2\/users\/4"}],"replies":[{"embeddable":true,"href":"https:\/\/www.hashtag.al\/index.php\/wp-json\/wp\/v2\/comments?post=666963"}],"version-history":[{"count":0,"href":"https:\/\/www.hashtag.al\/index.php\/wp-json\/wp\/v2\/posts\/666963\/revisions"}],"wp:featuredmedia":[{"embeddable":true,"href":"https:\/\/www.hashtag.al\/index.php\/wp-json\/wp\/v2\/media\/666964"}],"wp:attachment":[{"href":"https:\/\/www.hashtag.al\/index.php\/wp-json\/wp\/v2\/media?parent=666963"}],"wp:term":[{"taxonomy":"category","embeddable":true,"href":"https:\/\/www.hashtag.al\/index.php\/wp-json\/wp\/v2\/categories?post=666963"},{"taxonomy":"post_tag","embeddable":true,"href":"https:\/\/www.hashtag.al\/index.php\/wp-json\/wp\/v2\/tags?post=666963"}],"curies":[{"name":"wp","href":"https:\/\/api.w.org\/{rel}","templated":true}]}}