{"id":666837,"date":"2024-04-09T20:30:18","date_gmt":"2024-04-09T18:30:18","guid":{"rendered":"https:\/\/www.hashtag.al\/?p=666837"},"modified":"2024-04-09T20:30:18","modified_gmt":"2024-04-09T18:30:18","slug":"netanyahu-askush-nuk-do-ta-ndaloje-operacionin-izraelit-ne-rafah","status":"publish","type":"post","link":"https:\/\/www.hashtag.al\/index.php\/2024\/04\/09\/netanyahu-askush-nuk-do-ta-ndaloje-operacionin-izraelit-ne-rafah\/","title":{"rendered":"Netanyahu: Askush nuk do ta ndaloj\u00eb operacionin izraelit n\u00eb Rafah","gt_translate_keys":[{"key":"rendered","format":"text"}]},"content":{"rendered":"<p style=\"text-align: left;\"><span style=\"color: #000000;\"><img loading=\"lazy\" decoding=\"async\" class=\"size-full wp-image-666418 aligncenter\" src=\"https:\/\/www.hashtag.al\/wp-content\/uploads\/2024\/04\/2024-03-31T135038Z_1609163870_RC2WC5A0S4MC_RTRMADP_3_ISRAEL-POLITICS-NETANYAHU-1712010055.webp\" alt=\"\" width=\"770\" height=\"513\" srcset=\"https:\/\/www.hashtag.al\/wp-content\/uploads\/2024\/04\/2024-03-31T135038Z_1609163870_RC2WC5A0S4MC_RTRMADP_3_ISRAEL-POLITICS-NETANYAHU-1712010055.webp 770w, https:\/\/www.hashtag.al\/wp-content\/uploads\/2024\/04\/2024-03-31T135038Z_1609163870_RC2WC5A0S4MC_RTRMADP_3_ISRAEL-POLITICS-NETANYAHU-1712010055-300x200.webp 300w, https:\/\/www.hashtag.al\/wp-content\/uploads\/2024\/04\/2024-03-31T135038Z_1609163870_RC2WC5A0S4MC_RTRMADP_3_ISRAEL-POLITICS-NETANYAHU-1712010055-768x512.webp 768w\" sizes=\"auto, (max-width: 770px) 100vw, 770px\" \/><\/span><\/p>\n<p style=\"text-align: left;\"><span style=\"color: #000000;\">Kryeministri izraelit, Benjamin Netanyahu tha t\u00eb mart\u00ebn se \u201casnj\u00eb forc\u00eb n\u00eb bot\u00eb\u201d nuk do t\u2019i ndaloj\u00eb trupat izraelite t\u00eb hyjn\u00eb n\u00eb Rafah n\u00eb Gaz\u00ebn jugore p\u00ebr t\u00eb eliminuar nj\u00ebsit\u00eb e Hamasit q\u00eb thuhet se jan\u00eb atje.<\/span><\/p>\n<p style=\"text-align: left;\"><span style=\"color: #000000;\">Duke folur n\u00eb nj\u00eb ngjarje rekrutimi n\u00eb nj\u00eb baz\u00eb ushtarake, Netanyahu tha:<em> \u201cNe do t\u00eb p\u00ebrfundojm\u00eb eliminimin e batalioneve t\u00eb Hamasit, p\u00ebrfshir\u00eb n\u00eb Rafah. Nuk ka forc\u00eb n\u00eb bot\u00eb q\u00eb do t\u00eb na ndaloj\u00eb.\u201d,<\/em> shkruan<span style=\"color: #0000ff;\"><strong>\u00a0<a style=\"color: #0000ff;\" href=\"https:\/\/edition.cnn.com\/middleeast\/live-news\/israel-hamas-war-gaza-news-04-09-24\/h_0d96bac4f0f4a6c711b90548eecdaaf6\" target=\"_blank\" rel=\"noopener\">CNN<\/a>.<\/strong><\/span><\/span><\/p>\n<p style=\"text-align: left;\"><span style=\"color: #000000;\"><em>\u201cShum\u00eb forca po p\u00ebrpiqen ta b\u00ebjn\u00eb k\u00ebt\u00eb, por kjo nuk do t\u00eb ndihmoj\u00eb, sepse ky armik, pas asaj q\u00eb ka b\u00ebr\u00eb, nuk do ta b\u00ebj\u00eb m\u00eb, do t\u00eb pushoj\u00eb s\u00eb ekzistuari\u201d,<\/em> shtoi Netanyahu.<\/span><\/p>\n","protected":false,"gt_translate_keys":[{"key":"rendered","format":"html"}]},"excerpt":{"rendered":"<p>Kryeministri izraelit, Benjamin Netanyahu tha t\u00eb mart\u00ebn se \u201casnj\u00eb forc\u00eb n\u00eb bot\u00eb\u201d nuk do t\u2019i ndaloj\u00eb trupat izraelite t\u00eb hyjn\u00eb n\u00eb Rafah n\u00eb Gaz\u00ebn jugore p\u00ebr t\u00eb eliminuar nj\u00ebsit\u00eb e Hamasit q\u00eb thuhet se jan\u00eb atje. Duke folur n\u00eb nj\u00eb ngjarje rekrutimi n\u00eb nj\u00eb baz\u00eb ushtarake, Netanyahu tha: \u201cNe do t\u00eb p\u00ebrfundojm\u00eb eliminimin e batalioneve [&hellip;]<\/p>\n","protected":false,"gt_translate_keys":[{"key":"rendered","format":"html"}]},"author":4,"featured_media":666418,"comment_status":"closed","ping_status":"open","sticky":false,"template":"","format":"standard","meta":{"footnotes":""},"categories":[6],"tags":[],"class_list":["post-666837","post","type-post","status-publish","format-standard","has-post-thumbnail","hentry","category-nderkombetare"],"gt_translate_keys":[{"key":"link","format":"url"}],"_links":{"self":[{"href":"https:\/\/www.hashtag.al\/index.php\/wp-json\/wp\/v2\/posts\/666837","targetHints":{"allow":["GET"]}}],"collection":[{"href":"https:\/\/www.hashtag.al\/index.php\/wp-json\/wp\/v2\/posts"}],"about":[{"href":"https:\/\/www.hashtag.al\/index.php\/wp-json\/wp\/v2\/types\/post"}],"author":[{"embeddable":true,"href":"https:\/\/www.hashtag.al\/index.php\/wp-json\/wp\/v2\/users\/4"}],"replies":[{"embeddable":true,"href":"https:\/\/www.hashtag.al\/index.php\/wp-json\/wp\/v2\/comments?post=666837"}],"version-history":[{"count":0,"href":"https:\/\/www.hashtag.al\/index.php\/wp-json\/wp\/v2\/posts\/666837\/revisions"}],"wp:featuredmedia":[{"embeddable":true,"href":"https:\/\/www.hashtag.al\/index.php\/wp-json\/wp\/v2\/media\/666418"}],"wp:attachment":[{"href":"https:\/\/www.hashtag.al\/index.php\/wp-json\/wp\/v2\/media?parent=666837"}],"wp:term":[{"taxonomy":"category","embeddable":true,"href":"https:\/\/www.hashtag.al\/index.php\/wp-json\/wp\/v2\/categories?post=666837"},{"taxonomy":"post_tag","embeddable":true,"href":"https:\/\/www.hashtag.al\/index.php\/wp-json\/wp\/v2\/tags?post=666837"}],"curies":[{"name":"wp","href":"https:\/\/api.w.org\/{rel}","templated":true}]}}