{"id":666741,"date":"2024-04-09T09:43:02","date_gmt":"2024-04-09T07:43:02","guid":{"rendered":"https:\/\/www.hashtag.al\/?p=666741"},"modified":"2024-04-09T09:45:58","modified_gmt":"2024-04-09T07:45:58","slug":"tiktok-u-tendenca-me-e-fundit-e-politikaneve-evropiane-pavaresisht-shqetesimeve-te-sigurise","status":"publish","type":"post","link":"https:\/\/www.hashtag.al\/index.php\/2024\/04\/09\/tiktok-u-tendenca-me-e-fundit-e-politikaneve-evropiane-pavaresisht-shqetesimeve-te-sigurise\/","title":{"rendered":"Politikan\u00ebt evropian\u00eb shfaqen n\u00eb TikTok nj\u00eb e nga nj\u00eb pavar\u00ebsisht shqet\u00ebsimeve t\u00eb siguris\u00eb","gt_translate_keys":[{"key":"rendered","format":"text"}]},"content":{"rendered":"<p><img loading=\"lazy\" decoding=\"async\" class=\"aligncenter size-full wp-image-666742\" src=\"https:\/\/www.hashtag.al\/wp-content\/uploads\/2024\/04\/tiktok.jpg\" alt=\"\" width=\"2000\" height=\"1012\" srcset=\"https:\/\/www.hashtag.al\/wp-content\/uploads\/2024\/04\/tiktok.jpg 2000w, https:\/\/www.hashtag.al\/wp-content\/uploads\/2024\/04\/tiktok-300x152.jpg 300w, https:\/\/www.hashtag.al\/wp-content\/uploads\/2024\/04\/tiktok-1024x518.jpg 1024w, https:\/\/www.hashtag.al\/wp-content\/uploads\/2024\/04\/tiktok-768x389.jpg 768w, https:\/\/www.hashtag.al\/wp-content\/uploads\/2024\/04\/tiktok-1536x777.jpg 1536w\" sizes=\"auto, (max-width: 2000px) 100vw, 2000px\" \/><\/p>\n<p><span style=\"color: #000000;\">Kur Simon Harris u b\u00eb kryeminist\u00ebr i Irland\u00ebs n\u00eb pritje n\u00eb mars, ai iu drejtua nj\u00eb platforme t\u00eb favorizuar p\u00ebr t&#8217;u shprehur: TikTok-ut.<\/span><\/p>\n<p><span style=\"color: #000000;\">N\u00eb nj\u00eb video me &#8216;FALEMINDERIT&#8217; t\u00eb shkruar me shkronja t\u00eb verdha, njeriu q\u00eb do jet\u00eb kryeministri m\u00eb i ri i Irland\u00ebs u tregoi 95,000 ndjek\u00ebsve t\u00eb tij p\u00ebr rrug\u00ebtimin e tij t\u00eb v\u00ebshtir\u00eb , nga nj\u00eb &#8220;adoleshent me mendime dhe humor&#8221;, q\u00eb vuante nga mungesa e ndihm\u00ebs arsimore p\u00ebr v\u00ebllain e tij autik.<\/span><\/p>\n<p><span style=\"color: #000000;\">Harris, i quajtur ndonj\u00ebher\u00eb &#8220;TikTok Taoiseach&#8221;, \u00ebsht\u00eb nd\u00ebr pararoj\u00eb e politikan\u00ebve evropian\u00eb q\u00eb kan\u00eb p\u00ebrqafuar platform\u00ebn e mediave sociale n\u00eb pron\u00ebsi kineze, duke llogaritur se nevoja p\u00ebr t\u00eb arritur votuesit m\u00eb t\u00eb rinj tejkalon shqet\u00ebsimet e siguris\u00eb.<\/span><\/p>\n<p><span style=\"color: #000000;\">Me afrimin e zgjedhjeve evropiane n\u00eb qershor, politikan\u00ebt kryesor\u00eb jan\u00eb t\u00eb kujdessh\u00ebm p\u00ebr t&#8217;u l\u00ebshuar terren partive ekstreme q\u00eb kan\u00eb shfryt\u00ebzuar me sukses formatin e shkurt\u00ebr t\u00eb videove t\u00eb TikTok.<\/span><\/p>\n<p><span style=\"color: #000000;\">Por aplikacioni \u00ebsht\u00eb n\u00ebn kontroll n\u00eb rritje n\u00eb Per\u00ebndim p\u00ebr shkak t\u00eb frik\u00ebs se t\u00eb dh\u00ebnat e p\u00ebrdoruesve nga aplikacioni n\u00eb pron\u00ebsi t\u00eb kompanis\u00eb me baz\u00eb n\u00eb Pekin, ByteDance, mund t\u00eb p\u00ebrfundojn\u00eb n\u00eb duart e qeveris\u00eb kineze.<\/span><\/p>\n<p><span style=\"color: #000000;\">Agjencit\u00eb gjermane t\u00eb siguris\u00eb, p\u00ebr shembull, kan\u00eb paralajm\u00ebruar kund\u00ebr p\u00ebrdorimit t\u00eb aplikacionit p\u00ebr shqet\u00ebsimet se mund t\u00eb ndaj\u00eb t\u00eb dh\u00ebna me qeverin\u00eb e Kin\u00ebs ose t\u00eb p\u00ebrdoret p\u00ebr t\u00eb ndikuar tek p\u00ebrdoruesit.<\/span><\/p>\n<p><span style=\"color: #000000;\">N\u00eb SHBA, ligjv\u00ebn\u00ebsit duan t\u00eb detyrojn\u00eb nj\u00eb shitje t\u00eb platform\u00ebs nga pronari i saj kinez ose ta ndalojn\u00eb at\u00eb nga dyqanet e aplikacioneve. Presidenti Biden e ka ngritur shqet\u00ebsimin me presidentin kinez Xi Jinping.<\/span><\/p>\n<p><span style=\"color: #000000;\">TikTok thot\u00eb se paralajm\u00ebrimet e siguris\u00eb jan\u00eb t\u00eb pajustifikuara dhe nuk mbledh m\u00eb shum\u00eb informacion se aplikacionet e tjera.<\/span><\/p>\n<p><span style=\"color: #000000;\">Harris, 37 vje\u00e7, ka qen\u00eb nj\u00eb p\u00ebrdorues i hersh\u00ebm n\u00eb mars 2021, duke prodhuar video q\u00eb shkonin nga nj\u00eb p\u00ebrmbledhje e buxhetit 60 sekonda me sfond muzikor deri te pamjet e tij duke b\u00ebr\u00eb nj\u00eb filxhan \u00e7aj teksa shikonte futboll.<\/span><\/p>\n<p><span style=\"color: #000000;\">Nj\u00eb tjet\u00ebr p\u00ebrdorues \u00ebsht\u00eb presidenti francez Emmanuel Macron, i cili krenohet me 4 milion\u00eb ndjek\u00ebs q\u00eb kur iu bashkua TikTok-ut n\u00eb vitin 2020.<\/span><\/p>\n<p><span style=\"color: #000000;\">N\u00eb Gjermani, p\u00ebrqafimi i TikTok-ut nga politikan\u00eb t\u00eb lart\u00eb \u00ebsht\u00eb nj\u00eb prirje m\u00eb e re, me ministrin e Sh\u00ebndet\u00ebsis\u00eb Karl Lauterbach q\u00eb \u00ebsht\u00eb ministri i pare n\u00eb vend q\u00eb hap nj\u00eb llogari n\u00eb mars.<\/span><\/p>\n<p><span style=\"color: #000000;\"><em>&#8220;Revolucioni n\u00eb TikTok: fillon sot,&#8221;<\/em> tha ai.<\/span><\/p>\n<p><span style=\"color: #000000;\"><em>&#8220;Ne nuk mund t&#8217;ia l\u00ebm\u00eb mediat sociale AfD-s\u00eb&#8221;<\/em>, tha ai, p\u00ebr partin\u00eb e ekstremit t\u00eb djatht\u00eb Alternativa p\u00ebr Gjermanin\u00eb (AfD) q\u00eb u b\u00eb e dyta m\u00eb popullore n\u00eb Gjermani.<\/span><\/p>\n<p><span style=\"color: #000000;\">Atij iu bashkua t\u00eb h\u00ebn\u00ebn shefi i tij, kancelari gjerman Olaf Scholz, i cili hapi llogarin\u00eb e tij n\u00eb TikTok dhe tha n\u00eb X: <em>&#8220;Nuk do k\u00ebrcej. Premtoj&#8221;.<\/em><\/span><\/p>\n<p><span style=\"color: #000000;\">Titulli i videos s\u00eb tij t\u00eb par\u00eb n\u00eb TikTok, i shoq\u00ebruar me muzik\u00eb t\u00eb \u00e7uditshme, lexonte: &#8220;Ne jemi po aq t\u00eb befasuar sa ju! (Dhe po, kancelari \u00ebsht\u00eb me t\u00eb v\u00ebrtet\u00eb n\u00eb TikTok tani)&#8221;.<\/span><\/p>\n<p><span style=\"color: #000000;\">Ministrat kryesor\u00eb t\u00eb Gjermanis\u00eb kan\u00eb pasur prej koh\u00ebsh nj\u00eb prani t\u00eb vendosur n\u00eb media t\u00eb tjera sociale. P\u00ebr shembull, Scholz, ministri i Financave, ministri i Ekonomis\u00eb dhe ministrja e Jashtme kan\u00eb t\u00eb gjith\u00eb llogari n\u00eb Instagram, ashtu si edhe Lauterbach.<\/span><\/p>\n","protected":false,"gt_translate_keys":[{"key":"rendered","format":"html"}]},"excerpt":{"rendered":"<p>Kur Simon Harris u b\u00eb kryeminist\u00ebr i Irland\u00ebs n\u00eb pritje n\u00eb mars, ai iu drejtua nj\u00eb platforme t\u00eb favorizuar p\u00ebr t&#8217;u shprehur: TikTok-ut. N\u00eb nj\u00eb video me &#8216;FALEMINDERIT&#8217; t\u00eb shkruar me shkronja t\u00eb verdha, njeriu q\u00eb do jet\u00eb kryeministri m\u00eb i ri i Irland\u00ebs u tregoi 95,000 ndjek\u00ebsve t\u00eb tij p\u00ebr rrug\u00ebtimin e tij t\u00eb [&hellip;]<\/p>\n","protected":false,"gt_translate_keys":[{"key":"rendered","format":"html"}]},"author":51,"featured_media":666742,"comment_status":"closed","ping_status":"open","sticky":false,"template":"","format":"standard","meta":{"footnotes":""},"categories":[53],"tags":[],"class_list":["post-666741","post","type-post","status-publish","format-standard","has-post-thumbnail","hentry","category-fast-foodi"],"gt_translate_keys":[{"key":"link","format":"url"}],"_links":{"self":[{"href":"https:\/\/www.hashtag.al\/index.php\/wp-json\/wp\/v2\/posts\/666741","targetHints":{"allow":["GET"]}}],"collection":[{"href":"https:\/\/www.hashtag.al\/index.php\/wp-json\/wp\/v2\/posts"}],"about":[{"href":"https:\/\/www.hashtag.al\/index.php\/wp-json\/wp\/v2\/types\/post"}],"author":[{"embeddable":true,"href":"https:\/\/www.hashtag.al\/index.php\/wp-json\/wp\/v2\/users\/51"}],"replies":[{"embeddable":true,"href":"https:\/\/www.hashtag.al\/index.php\/wp-json\/wp\/v2\/comments?post=666741"}],"version-history":[{"count":0,"href":"https:\/\/www.hashtag.al\/index.php\/wp-json\/wp\/v2\/posts\/666741\/revisions"}],"wp:featuredmedia":[{"embeddable":true,"href":"https:\/\/www.hashtag.al\/index.php\/wp-json\/wp\/v2\/media\/666742"}],"wp:attachment":[{"href":"https:\/\/www.hashtag.al\/index.php\/wp-json\/wp\/v2\/media?parent=666741"}],"wp:term":[{"taxonomy":"category","embeddable":true,"href":"https:\/\/www.hashtag.al\/index.php\/wp-json\/wp\/v2\/categories?post=666741"},{"taxonomy":"post_tag","embeddable":true,"href":"https:\/\/www.hashtag.al\/index.php\/wp-json\/wp\/v2\/tags?post=666741"}],"curies":[{"name":"wp","href":"https:\/\/api.w.org\/{rel}","templated":true}]}}