{"id":666586,"date":"2024-04-08T14:17:29","date_gmt":"2024-04-08T12:17:29","guid":{"rendered":"https:\/\/www.hashtag.al\/?p=666586"},"modified":"2024-04-08T14:17:29","modified_gmt":"2024-04-08T12:17:29","slug":"kerkoi-zbutje-te-mases-se-sigurise-gjykata-rrezon-kerkesen-e-ish-kryeministrit-sali-berisha","status":"publish","type":"post","link":"https:\/\/www.hashtag.al\/index.php\/2024\/04\/08\/kerkoi-zbutje-te-mases-se-sigurise-gjykata-rrezon-kerkesen-e-ish-kryeministrit-sali-berisha\/","title":{"rendered":"K\u00ebrkoi zbutje t\u00eb mas\u00ebs s\u00eb siguris\u00eb, Gjykata rr\u00ebzon k\u00ebrkes\u00ebn e ish-kryeministrit Sali Berisha","gt_translate_keys":[{"key":"rendered","format":"text"}]},"content":{"rendered":"<p><img loading=\"lazy\" decoding=\"async\" class=\"size-full wp-image-666499 aligncenter\" src=\"https:\/\/www.hashtag.al\/wp-content\/uploads\/2024\/04\/Berisha-SPAK1-3.jpg\" alt=\"\" width=\"770\" height=\"434\" srcset=\"https:\/\/www.hashtag.al\/wp-content\/uploads\/2024\/04\/Berisha-SPAK1-3.jpg 770w, https:\/\/www.hashtag.al\/wp-content\/uploads\/2024\/04\/Berisha-SPAK1-3-300x169.jpg 300w, https:\/\/www.hashtag.al\/wp-content\/uploads\/2024\/04\/Berisha-SPAK1-3-768x433.jpg 768w\" sizes=\"auto, (max-width: 770px) 100vw, 770px\" \/><\/p>\n<p><span style=\"font-weight: 400; color: #000000;\">Dit\u00ebn e sotme u mbajt n\u00eb ambientet e Gjykat\u00ebs s\u00eb Posa\u00e7me seanca p\u00ebr zgjatjen e afateve p\u00ebr ish kryeministrin Sali Berisha.<\/span><\/p>\n<p><span style=\"font-weight: 400; color: #000000;\">Nd\u00ebrkoh\u00eb nes\u00ebr pritet t\u00eb mbahet nj\u00eb seanc\u00eb n\u00eb Gjykat\u00ebn e Lart\u00eb, n\u00eb lidhje me nj\u00eb nga k\u00ebrkesat e Berish\u00ebs p\u00ebr mas\u00ebn e siguris\u00eb.<\/span><\/p>\n<p><span style=\"font-weight: 400; color: #000000;\">Berisha dyshohet p\u00ebr korrupsion bashk\u00eb me dh\u00ebndrin e tij Jamarb\u00ebr Malltezi n\u00eb lidhje me procedurat e privatizimit te ish klubit sportiv Partizani. SPAK shtyu s\u00eb fundmi afatet e hetimit edhe p\u00ebr 3 muaj t\u00eb tjer\u00eb.<\/span><\/p>\n","protected":false,"gt_translate_keys":[{"key":"rendered","format":"html"}]},"excerpt":{"rendered":"<p>Dit\u00ebn e sotme u mbajt n\u00eb ambientet e Gjykat\u00ebs s\u00eb Posa\u00e7me seanca p\u00ebr zgjatjen e afateve p\u00ebr ish kryeministrin Sali Berisha. Nd\u00ebrkoh\u00eb nes\u00ebr pritet t\u00eb mbahet nj\u00eb seanc\u00eb n\u00eb Gjykat\u00ebn e Lart\u00eb, n\u00eb lidhje me nj\u00eb nga k\u00ebrkesat e Berish\u00ebs p\u00ebr mas\u00ebn e siguris\u00eb. Berisha dyshohet p\u00ebr korrupsion bashk\u00eb me dh\u00ebndrin e tij Jamarb\u00ebr Malltezi [&hellip;]<\/p>\n","protected":false,"gt_translate_keys":[{"key":"rendered","format":"html"}]},"author":4,"featured_media":666499,"comment_status":"closed","ping_status":"open","sticky":false,"template":"","format":"standard","meta":{"footnotes":""},"categories":[65],"tags":[],"class_list":["post-666586","post","type-post","status-publish","format-standard","has-post-thumbnail","hentry","category-lajme"],"gt_translate_keys":[{"key":"link","format":"url"}],"_links":{"self":[{"href":"https:\/\/www.hashtag.al\/index.php\/wp-json\/wp\/v2\/posts\/666586","targetHints":{"allow":["GET"]}}],"collection":[{"href":"https:\/\/www.hashtag.al\/index.php\/wp-json\/wp\/v2\/posts"}],"about":[{"href":"https:\/\/www.hashtag.al\/index.php\/wp-json\/wp\/v2\/types\/post"}],"author":[{"embeddable":true,"href":"https:\/\/www.hashtag.al\/index.php\/wp-json\/wp\/v2\/users\/4"}],"replies":[{"embeddable":true,"href":"https:\/\/www.hashtag.al\/index.php\/wp-json\/wp\/v2\/comments?post=666586"}],"version-history":[{"count":0,"href":"https:\/\/www.hashtag.al\/index.php\/wp-json\/wp\/v2\/posts\/666586\/revisions"}],"wp:featuredmedia":[{"embeddable":true,"href":"https:\/\/www.hashtag.al\/index.php\/wp-json\/wp\/v2\/media\/666499"}],"wp:attachment":[{"href":"https:\/\/www.hashtag.al\/index.php\/wp-json\/wp\/v2\/media?parent=666586"}],"wp:term":[{"taxonomy":"category","embeddable":true,"href":"https:\/\/www.hashtag.al\/index.php\/wp-json\/wp\/v2\/categories?post=666586"},{"taxonomy":"post_tag","embeddable":true,"href":"https:\/\/www.hashtag.al\/index.php\/wp-json\/wp\/v2\/tags?post=666586"}],"curies":[{"name":"wp","href":"https:\/\/api.w.org\/{rel}","templated":true}]}}