{"id":666460,"date":"2024-04-07T22:24:03","date_gmt":"2024-04-07T20:24:03","guid":{"rendered":"https:\/\/www.hashtag.al\/?p=666460"},"modified":"2024-04-07T22:24:03","modified_gmt":"2024-04-07T20:24:03","slug":"zgjedhjet-lokale-ne-poloni-prove-per-qeverisjen-pro-evropiane-te-kryeministrit-tusk","status":"publish","type":"post","link":"https:\/\/www.hashtag.al\/index.php\/2024\/04\/07\/zgjedhjet-lokale-ne-poloni-prove-per-qeverisjen-pro-evropiane-te-kryeministrit-tusk\/","title":{"rendered":"Zgjedhjet lokale n\u00eb Poloni, prov\u00eb p\u00ebr qeverisjen pro-evropiane t\u00eb kryeministrit Tusk","gt_translate_keys":[{"key":"rendered","format":"text"}]},"content":{"rendered":"<p><img loading=\"lazy\" decoding=\"async\" class=\"alignnone size-full wp-image-666461\" src=\"https:\/\/www.hashtag.al\/wp-content\/uploads\/2024\/04\/Poloni-zgjedhjet1.jpg\" alt=\"\" width=\"1023\" height=\"589\" srcset=\"https:\/\/www.hashtag.al\/wp-content\/uploads\/2024\/04\/Poloni-zgjedhjet1.jpg 1023w, https:\/\/www.hashtag.al\/wp-content\/uploads\/2024\/04\/Poloni-zgjedhjet1-300x173.jpg 300w, https:\/\/www.hashtag.al\/wp-content\/uploads\/2024\/04\/Poloni-zgjedhjet1-768x442.jpg 768w, https:\/\/www.hashtag.al\/wp-content\/uploads\/2024\/04\/Poloni-zgjedhjet1-250x145.jpg 250w\" sizes=\"auto, (max-width: 1023px) 100vw, 1023px\" \/><\/p>\n<p><span style=\"font-weight: 400; color: #000000;\">Polak\u00ebt po votojn\u00eb t\u00eb diel\u00ebn n\u00eb zgjedhjet lokale p\u00ebr t\u00eb zgjedhur k\u00ebshilltar\u00ebt dhe kryetar\u00ebt e bashkive, t\u00eb cil\u00ebt luajn\u00eb ky\u00e7 n\u00eb m\u00ebnyr\u00ebn se si shp\u00ebrndahen miliarda eurot nga fondet e Bashkimit Evropian.<\/span><\/p>\n<p><span style=\"font-weight: 400; color: #000000;\">Rezultati i zgjedhjeve do t\u00eb sh\u00ebrbej\u00eb gjithashtu si tregues i q\u00ebndrimit t\u00eb tyre ndaj qeveris\u00eb s\u00eb kryeministrit Donald Tusk, zgjedhja e t\u00eb cilit n\u00eb dhjetor sh\u00ebnoi nj\u00eb pik\u00eb kthese p\u00ebr vendin m\u00eb t\u00eb madh t\u00eb pjes\u00ebs lindore t\u00eb BE-s\u00eb, duke e rikthyer at\u00eb n\u00eb kursin pro-evropian.<\/span><\/p>\n<p><span style=\"font-weight: 400; color: #000000;\">P\u00ebr tet\u00eb vjet, qeveria e m\u00ebparshme nacionaliste mbajti q\u00ebndrime q\u00eb binin ndesh me aleat\u00ebt per\u00ebndimor\u00eb.<\/span><\/p>\n<p><span style=\"font-weight: 400; color: #000000;\">Koalicioni i gjer\u00eb q\u00eb kryeson zoti Tusk fitoi shumic\u00ebn n\u00eb zgjedhjet parlamentare t\u00eb tetorit me premtimet p\u00ebr t\u00eb hequr dor\u00eb nga reformat gjyq\u00ebsore t\u00eb qeveris\u00eb s\u00eb m\u00ebparshme q\u00eb kritik\u00ebt kishin th\u00ebn\u00eb se minonin pavar\u00ebsin\u00eb e gjykatave.<\/span><\/p>\n<p><span style=\"color: #000000;\"><i><span style=\"font-weight: 400;\">&#8220;T\u00eb gjith\u00eb ata q\u00eb nuk duan q\u00eb fati i tyre t\u00eb vendoset nga dikush tjet\u00ebr, duhet t\u00eb votojn\u00eb,&#8221;<\/span><\/i><span style=\"font-weight: 400;\"> u tha zoti Tusk gazetar\u00ebve pasi hodhi vot\u00ebn e tij n\u00eb qytetin e tij t\u00eb lindjes, Sopot, n\u00eb bregdetin Baltik.<\/span><\/span><\/p>\n<p><span style=\"font-weight: 400; color: #000000;\">Kryeministri Tusk e sheh fitoren e Koalicionin Civil (KO), grupimi m\u00eb i madh n\u00eb aleanc\u00ebn qeveris\u00ebse, si thelb\u00ebsore p\u00ebr t\u00eb shmangur kthes\u00ebn drejt nj\u00eb regjimi nacionalist n\u00ebn partin\u00eb Ligj dhe Drejt\u00ebsi (PiS).<\/span><\/p>\n<p><span style=\"font-weight: 400; color: #000000;\">Tre partit\u00eb e koalicionit qeveris\u00ebs kan\u00eb dal\u00eb me kandidat\u00eb t\u00eb ve\u00e7ant\u00eb, prandaj votimi \u00ebsht\u00eb gjithashtu nj\u00eb shans p\u00ebr zotin Tusk q\u00eb t\u00eb \u00e7imentoj\u00eb mbizot\u00ebrimin e partis\u00eb s\u00eb tij n\u00eb qeveri.<\/span><\/p>\n<p><span style=\"font-weight: 400; color: #000000;\">N\u00eb qershor mbahen zgjedhjet p\u00ebr Parlamentin Evropian dhe rezultatet e s\u00eb diel\u00ebs do t\u00eb ndiqen nga af\u00ebr nga Brukseli.<\/span><\/p>\n<p><span style=\"font-weight: 400; color: #000000;\">P\u00ebr kreun e PiS-s\u00eb Jaroslaw Kaczynski, zgjedhjet lokale ofrojn\u00eb nj\u00eb shans p\u00ebr t&#8217;i d\u00ebrguar nj\u00eb mesazh paralajm\u00ebrimi qeveris\u00eb.<\/span><\/p>\n<p><span style=\"color: #000000;\"><i><span style=\"font-weight: 400;\">&#8220;Kemi nj\u00eb shans &#8230; t&#8217;u japim autoriteteve q\u00eb jan\u00eb n\u00eb krye t\u00eb Varshav\u00ebs sot nj\u00eb karton t\u00eb verdh\u00eb,&#8221;<\/span><\/i><span style=\"font-weight: 400;\"> u tha ai p\u00ebrkrah\u00ebsve t\u00eb tij t\u00eb premten.<\/span><\/span><\/p>\n<p><span style=\"color: #000000;\"><span style=\"font-weight: 400;\"><span style=\"color: #ff0000;\">VINI RE:<\/span> Ky material \u00ebsht\u00eb pron\u00ebsi intelektuale e<\/span><span style=\"color: #0000ff;\"><a style=\"color: #0000ff;\" href=\"https:\/\/www.zeriamerikes.com\/a\/7560143.html\"><span style=\"font-weight: 400;\"> VOA<\/span><\/a><\/span><\/span><\/p>\n","protected":false,"gt_translate_keys":[{"key":"rendered","format":"html"}]},"excerpt":{"rendered":"<p>Polak\u00ebt po votojn\u00eb t\u00eb diel\u00ebn n\u00eb zgjedhjet lokale p\u00ebr t\u00eb zgjedhur k\u00ebshilltar\u00ebt dhe kryetar\u00ebt e bashkive, t\u00eb cil\u00ebt luajn\u00eb ky\u00e7 n\u00eb m\u00ebnyr\u00ebn se si shp\u00ebrndahen miliarda eurot nga fondet e Bashkimit Evropian. Rezultati i zgjedhjeve do t\u00eb sh\u00ebrbej\u00eb gjithashtu si tregues i q\u00ebndrimit t\u00eb tyre ndaj qeveris\u00eb s\u00eb kryeministrit Donald Tusk, zgjedhja e t\u00eb cilit [&hellip;]<\/p>\n","protected":false,"gt_translate_keys":[{"key":"rendered","format":"html"}]},"author":4,"featured_media":666461,"comment_status":"closed","ping_status":"open","sticky":false,"template":"","format":"standard","meta":{"footnotes":""},"categories":[6],"tags":[],"class_list":["post-666460","post","type-post","status-publish","format-standard","has-post-thumbnail","hentry","category-nderkombetare"],"gt_translate_keys":[{"key":"link","format":"url"}],"_links":{"self":[{"href":"https:\/\/www.hashtag.al\/index.php\/wp-json\/wp\/v2\/posts\/666460","targetHints":{"allow":["GET"]}}],"collection":[{"href":"https:\/\/www.hashtag.al\/index.php\/wp-json\/wp\/v2\/posts"}],"about":[{"href":"https:\/\/www.hashtag.al\/index.php\/wp-json\/wp\/v2\/types\/post"}],"author":[{"embeddable":true,"href":"https:\/\/www.hashtag.al\/index.php\/wp-json\/wp\/v2\/users\/4"}],"replies":[{"embeddable":true,"href":"https:\/\/www.hashtag.al\/index.php\/wp-json\/wp\/v2\/comments?post=666460"}],"version-history":[{"count":0,"href":"https:\/\/www.hashtag.al\/index.php\/wp-json\/wp\/v2\/posts\/666460\/revisions"}],"wp:featuredmedia":[{"embeddable":true,"href":"https:\/\/www.hashtag.al\/index.php\/wp-json\/wp\/v2\/media\/666461"}],"wp:attachment":[{"href":"https:\/\/www.hashtag.al\/index.php\/wp-json\/wp\/v2\/media?parent=666460"}],"wp:term":[{"taxonomy":"category","embeddable":true,"href":"https:\/\/www.hashtag.al\/index.php\/wp-json\/wp\/v2\/categories?post=666460"},{"taxonomy":"post_tag","embeddable":true,"href":"https:\/\/www.hashtag.al\/index.php\/wp-json\/wp\/v2\/tags?post=666460"}],"curies":[{"name":"wp","href":"https:\/\/api.w.org\/{rel}","templated":true}]}}