{"id":666385,"date":"2024-04-07T14:20:05","date_gmt":"2024-04-07T12:20:05","guid":{"rendered":"https:\/\/www.hashtag.al\/?p=666385"},"modified":"2024-04-07T14:20:05","modified_gmt":"2024-04-07T12:20:05","slug":"reagimi-i-veliajt-per-dosjen-5d-berisha-u-shperfaq-me-e-shemtuar-se-kurre-fytyra-e-vertete-e-republikes-se-vjedhesve","status":"publish","type":"post","link":"https:\/\/www.hashtag.al\/index.php\/2024\/04\/07\/reagimi-i-veliajt-per-dosjen-5d-berisha-u-shperfaq-me-e-shemtuar-se-kurre-fytyra-e-vertete-e-republikes-se-vjedhesve\/","title":{"rendered":"Reagimi i Veliajt p\u00ebr &#8220;Dosjen 5D\u201d, Berisha: U shp\u00ebrfaq m\u00eb e sh\u00ebmtuar se kurr\u00eb, fytyra e v\u00ebrtet\u00eb e \u201cRepublik\u00ebs s\u00eb vjedh\u00ebsve\u201d","gt_translate_keys":[{"key":"rendered","format":"text"}]},"content":{"rendered":"<p><span style=\"color: #000000;\"><a href=\"https:\/\/www.hashtag.al\/wp-content\/uploads\/2024\/04\/berisha1.jpg\"><img loading=\"lazy\" decoding=\"async\" class=\"aligncenter size-full wp-image-666311\" src=\"https:\/\/www.hashtag.al\/wp-content\/uploads\/2024\/04\/berisha1.jpg\" alt=\"\" width=\"1123\" height=\"639\" srcset=\"https:\/\/www.hashtag.al\/wp-content\/uploads\/2024\/04\/berisha1.jpg 1123w, https:\/\/www.hashtag.al\/wp-content\/uploads\/2024\/04\/berisha1-300x171.jpg 300w, https:\/\/www.hashtag.al\/wp-content\/uploads\/2024\/04\/berisha1-1024x583.jpg 1024w, https:\/\/www.hashtag.al\/wp-content\/uploads\/2024\/04\/berisha1-768x437.jpg 768w\" sizes=\"auto, (max-width: 1123px) 100vw, 1123px\" \/><\/a><\/span><\/p>\n<p><span style=\"color: #000000;\">Ish kryeministri Sali Berisha ka deklaruar se dit\u00ebn e djeshme, u shfaq para shqiptar\u00ebve fytyra e v\u00ebrtet\u00eb e \u201cRepublik\u00ebs s\u00eb vjedh\u00ebsve\u201d.<\/span><\/p>\n<p><span style=\"color: #000000;\">N\u00eb nj\u00eb postim n\u00eb rrjetet sociale, Berisha, referuar daljes s\u00eb kryebashkiakut Erjon Veliaj dit\u00ebne djeshme ku u distancua nga zyrtar\u00ebt e arrestuar si rezultat i \u201cDosjes 5D\u201d, ka shkruar se fakti q\u00eb kryeministri Edi Rama reagoi shpejt pas deklarat\u00ebs s\u00eb Veliajt, tregon se \u201cVeliaj i diktoi Ram\u00ebs afatin kohor t\u00eb p\u00ebrgjigjes publike jasht\u00eb t\u00eb cilit Rama nuk do mund t\u00eb p\u00ebrgjigjej m\u00eb\u201d.<\/span><\/p>\n<p><span style=\"color: #000000;\">Kjo sipas Berish\u00ebs, tregon se vendi yn\u00eb de facto ka tashm\u00eb nj\u00eb kryeminist\u00ebr t\u00eb ri.<\/span><\/p>\n<p>&nbsp;<\/p>\n<p><span style=\"color: #000000;\">Postimi i plot\u00eb:<\/span><\/p>\n<p><span style=\"color: #000000;\"><em>Shqip\u00ebria gdhiu sot me nj\u00eb kryeminist\u00ebr t\u00eb ri.<\/em><\/span><\/p>\n<p><span style=\"color: #000000;\"><em>T\u00eb dashur miq, \u00e7do dit\u00eb dhe \u00e7do jav\u00eb opozita dhe mediat denoncojn\u00eb vjedhje mbas vjedhje nga qeveritar\u00ebt qendror dhe lokal dhe piramida e tyre e hajnis\u00eb.<\/em><\/span><\/p>\n<p><span style=\"color: #000000;\"><em>Por dje u shp\u00ebrfaq para shqiptar\u00ebve, m\u00eb e sh\u00ebmtuar se kurr\u00eb, fytyra e v\u00ebrtet\u00eb e Republik\u00ebs s\u00eb vjedh\u00ebsve. Dje ndeshja midis kryebalozit t\u00eb zi t\u00eb vjedhjve t\u00eb qeveris\u00eb Edi Rama dhe kryebalozit t\u00eb zi t\u00eb vjedhjve t\u00eb Bashkis\u00eb Erion Velia u fitua 100% sapo filloi raundi i par\u00eb nga Lali Vjedh\u00ebsi.<\/em><\/span><\/p>\n<p><span style=\"color: #000000;\"><em>N\u00eb daljen e tij publike kund\u00ebr Edi Ram\u00ebs dhe skapit t\u00eb kontrolluar prej tij Erion Veliaj:<\/em><\/span><\/p>\n<p><span style=\"color: #000000;\"><em>-S\u00eb pari mbrojti drejtor\u00ebt e tij hajdut\u00eb me t\u00eb cil\u00ebt ka vendosur modelin e vjedhjes 100% t\u00eb dhjetra milion\u00eb euro n\u00eb prokurime publike. Ai nuk u tha atyre se keni ngr\u00ebn\u00eb fiq prapa shpin\u00ebs time, por i shpalli ata si koleg\u00eb heronj t\u00eb v\u00ebrtet\u00eb t\u00eb tij dhe qytetitit t\u00eb Tiran\u00ebs dhe vet\u00ebkuptohet si viktima t\u00eb Skapit t\u00eb kontrolluar nga Edi Rama.<\/em><\/span><\/p>\n<p><span style=\"color: #000000;\"><em>-S\u00eb dyti me daljen e tij terrorizuese p\u00ebr Edi Ram\u00ebn, Veliaj pasi paraqiti si heronjt\u00eb e tij dhe viktima t\u00eb spakut koleg\u00ebt e tij, shkoi direkt te Edi Rama, i ra kok\u00ebs atij me Arben Ahmetaj, z\u00ebvend\u00ebsi m\u00eb i ngusht\u00eb dhe n\u00eb arrati i Edi Ram\u00ebs. Jo t\u00eb gjith\u00eb e kuptuan se pse Veliaj zgjodhi Arben Ahmetajn p\u00ebr t\u00eb k\u00ebrc\u00ebnuar Ram\u00ebn.<\/em><\/span><\/p>\n<p><span style=\"color: #000000;\"><em>Gjykuar nga efekti kapitullant q\u00eb pati mbi Ram\u00ebn sulmi me Arben Ahmetajn, arsyeja pse Veliaj zgjodhi pik\u00ebrisht Ahmetajn q\u00ebndron n\u00eb deklerat\u00ebn e k\u00ebtij t\u00eb fundit se \u2018njer\u00ebzit do llahtarisen kur t\u00eb m\u00ebsojn\u00eb t\u00eb v\u00ebrtetat p\u00ebr djeg\u00ebsin e Tiran\u00ebs\u2019. Pra del qart\u00eb se t\u00eb v\u00ebrtetat llahtaris\u00ebse q\u00eb din\u00eb Arben Ahnetaj p\u00ebr Ram\u00ebn i din madje dhe m\u00eb n\u00eb thell\u00ebsi Lali Vjedh\u00ebsi i cili deri sot ka zhdukur 100% t\u00eb 130 milion\u00eb euro para t\u00eb paguara nga Edi Rama t\u00eb taksapaguesve shqiptar\u00eb p\u00ebr sip\u00ebrmarrjen Rama-Veliaj, djeg\u00ebsin e Tiran\u00ebn q\u00eb sot pas gjasht\u00eb viteve nuk ka nam as nishan.<\/em><\/span><\/p>\n<p><span style=\"color: #000000;\"><em>Por p\u00ebrve\u00e7 llahtarisjes me djeg\u00ebsin e Tiran\u00ebs, Veliaj din edhe llahtarisje t\u00eb tjera p\u00ebr Ram\u00ebn si 30% e tij n\u00eb \u00e7do kull\u00eb t\u00eb Tiran\u00ebs dhe tjet\u00ebrsimin, vjedhjet me klientel\u00ebn e tij t\u00eb pronave dhe objekteve q\u00eb shkojn\u00eb qindra milion euro.<\/em><\/span><\/p>\n<p><span style=\"color: #000000;\"><em>Prandaj si kurr\u00eb, kurr\u00eb ndonj\u00ebher\u00eb m\u00eb par\u00eb n\u00eb m\u00eb pak se 1 or\u00eb Edi Rama i p\u00ebrgjigjet me p\u00ebrgjerim dhe p\u00ebrul\u00ebsi dhe vet\u00ebposht\u00ebrim absolut, me \u00e7ar\u00e7af t\u00eb bardh\u00eb dhe me kapitullim total sulmit t\u00eb koduar t\u00eb Erion Velis\u00eb duke deklaruar se jo vet\u00ebm ishte dakord me \u00e7do fjal\u00eb, por dhe me \u00e7do presje t\u00eb Erionit. \u00c7far\u00eb do t\u00eb thot\u00eb n\u00eb kod se do l\u00ebpish edhe presjet e mia.<\/em><\/span><\/p>\n<p><span style=\"color: #000000;\"><em>Shpejt\u00ebsia e rrufeshme e p\u00ebrgjigjes t\u00eb Edi Ram\u00ebs ndaj Erion Velis\u00eb d\u00ebshmon se ishte Veliaj ai q\u00eb n\u00eb m\u00ebnyr\u00eb ultimative i kishte diktuar Ram\u00ebs afatin kohor t\u00eb p\u00ebrgjigjes publike jasht\u00eb t\u00eb cilit Rama nuk do mund t\u00eb p\u00ebrgjigjej me.<\/em><\/span><\/p>\n<p><span style=\"color: #000000;\"><em>Por po kaq posht\u00ebrues dhe i pam\u00ebshir\u00eb ishte teksti q\u00eb lexoi Edi Rama n\u00eb t\u00eb cilin ai peng i bashk\u00ebvjedhjeve t\u00eb m\u00ebdha me Velin\u00eb duhet t\u00eb miratontnte 100% dhe pa i hequr nj\u00eb presje sikur t\u00eb ishin fjal\u00eb profeti, sulmin q\u00eb i b\u00ebri Veliaj p\u00ebr arrestimin nga Rama t\u00eb heronjve bashk\u00ebvjedh\u00ebsve t\u00eb Velis\u00eb dhe t\u2019i pranonte ata jo si m\u00ebkatar q\u00eb kan\u00eb ngr\u00ebn\u00eb fiq pas shpin\u00ebs s\u00eb Lali Vjedh\u00ebsit, por si heronj edhe t\u00eb tij dhe t\u2019i egzoneronte pa shkuar n\u00eb Gjykat\u00eb nga \u00e7do keqb\u00ebrje dhe p\u00ebrgjegj\u00ebsi.<\/em><\/span><\/p>\n<p><span style=\"color: #000000;\"><em>Me k\u00ebt\u00eb zhvillim dramatik q\u00eb sot Shqip\u00ebria de facto ka nj\u00eb kryeminister t\u00eb ri, vjedh\u00ebsin 100% t\u00eb fondeve publike, Erion Veliajn.<\/em><\/span><\/p>\n<p><span style=\"color: #000000;\"><em>O sot o kurr\u00eb! #sb<\/em><\/span><\/p>\n","protected":false,"gt_translate_keys":[{"key":"rendered","format":"html"}]},"excerpt":{"rendered":"<p>Ish kryeministri Sali Berisha ka deklaruar se dit\u00ebn e djeshme, u shfaq para shqiptar\u00ebve fytyra e v\u00ebrtet\u00eb e \u201cRepublik\u00ebs s\u00eb vjedh\u00ebsve\u201d. N\u00eb nj\u00eb postim n\u00eb rrjetet sociale, Berisha, referuar daljes s\u00eb kryebashkiakut Erjon Veliaj dit\u00ebne djeshme ku u distancua nga zyrtar\u00ebt e arrestuar si rezultat i \u201cDosjes 5D\u201d, ka shkruar se fakti q\u00eb kryeministri Edi [&hellip;]<\/p>\n","protected":false,"gt_translate_keys":[{"key":"rendered","format":"html"}]},"author":30,"featured_media":666311,"comment_status":"closed","ping_status":"open","sticky":false,"template":"","format":"standard","meta":{"footnotes":""},"categories":[65],"tags":[],"class_list":["post-666385","post","type-post","status-publish","format-standard","has-post-thumbnail","hentry","category-lajme"],"gt_translate_keys":[{"key":"link","format":"url"}],"_links":{"self":[{"href":"https:\/\/www.hashtag.al\/index.php\/wp-json\/wp\/v2\/posts\/666385","targetHints":{"allow":["GET"]}}],"collection":[{"href":"https:\/\/www.hashtag.al\/index.php\/wp-json\/wp\/v2\/posts"}],"about":[{"href":"https:\/\/www.hashtag.al\/index.php\/wp-json\/wp\/v2\/types\/post"}],"author":[{"embeddable":true,"href":"https:\/\/www.hashtag.al\/index.php\/wp-json\/wp\/v2\/users\/30"}],"replies":[{"embeddable":true,"href":"https:\/\/www.hashtag.al\/index.php\/wp-json\/wp\/v2\/comments?post=666385"}],"version-history":[{"count":0,"href":"https:\/\/www.hashtag.al\/index.php\/wp-json\/wp\/v2\/posts\/666385\/revisions"}],"wp:featuredmedia":[{"embeddable":true,"href":"https:\/\/www.hashtag.al\/index.php\/wp-json\/wp\/v2\/media\/666311"}],"wp:attachment":[{"href":"https:\/\/www.hashtag.al\/index.php\/wp-json\/wp\/v2\/media?parent=666385"}],"wp:term":[{"taxonomy":"category","embeddable":true,"href":"https:\/\/www.hashtag.al\/index.php\/wp-json\/wp\/v2\/categories?post=666385"},{"taxonomy":"post_tag","embeddable":true,"href":"https:\/\/www.hashtag.al\/index.php\/wp-json\/wp\/v2\/tags?post=666385"}],"curies":[{"name":"wp","href":"https:\/\/api.w.org\/{rel}","templated":true}]}}