{"id":666366,"date":"2024-04-07T12:21:20","date_gmt":"2024-04-07T10:21:20","guid":{"rendered":"https:\/\/www.hashtag.al\/?p=666366"},"modified":"2024-04-07T12:21:20","modified_gmt":"2024-04-07T10:21:20","slug":"mijera-ish-luftetare-wagner-do-i-bashkohen-njesise-speciale-cecene-kadyrov","status":"publish","type":"post","link":"https:\/\/www.hashtag.al\/index.php\/2024\/04\/07\/mijera-ish-luftetare-wagner-do-i-bashkohen-njesise-speciale-cecene-kadyrov\/","title":{"rendered":"Mij\u00ebra ish-luft\u00ebtar\u00eb Wagner do i bashkohen nj\u00ebsis\u00eb speciale \u00e7e\u00e7ene &#8211; Kadyrov","gt_translate_keys":[{"key":"rendered","format":"text"}]},"content":{"rendered":"<p><span style=\"color: #000000;\"><img loading=\"lazy\" decoding=\"async\" class=\"aligncenter size-full wp-image-611919\" src=\"https:\/\/www.hashtag.al\/wp-content\/uploads\/2023\/08\/kadyrov.jpg\" alt=\"\" width=\"768\" height=\"432\" srcset=\"https:\/\/www.hashtag.al\/wp-content\/uploads\/2023\/08\/kadyrov.jpg 768w, https:\/\/www.hashtag.al\/wp-content\/uploads\/2023\/08\/kadyrov-300x169.jpg 300w\" sizes=\"auto, (max-width: 768px) 100vw, 768px\" \/><\/span><\/p>\n<p><span style=\"color: #000000;\">Nj\u00ebsia e forcave speciale Akhmat nga Republika e \u00c7e\u00e7enis\u00eb do thith\u00eb 3000 ish-luft\u00ebtar\u00eb t\u00eb PMC Wagner, ka njoftuar kreu i rajonit, Ramzan Kadyrov.<\/span><\/p>\n<p><span style=\"color: #000000;\">Nj\u00eb komandant i njohur Wagner me nofk\u00ebn \u2018Ratibor\u2019 do i bashkohet gjithashtu nj\u00ebsis\u00eb elitare \u00e7e\u00e7ene.<\/span><\/p>\n<p><span style=\"color: #000000;\">Pas p\u00ebrpjekjes s\u00eb d\u00ebshtuar t\u00eb kryengritjes s\u00eb shefit t\u00eb Wagner-it, Evgeny Prigozhin, n\u00eb qershor 2023, autoritetet ruse u dhan\u00eb an\u00ebtar\u00ebve t\u00eb grupit zgjedhjen ose t\u00eb n\u00ebnshkruanin kontrata me Ministrin\u00eb e Mbrojtjes ose t\u00eb transferoheshin n\u00eb Bjellorusi.<\/span><\/p>\n<p><span style=\"color: #000000;\">N\u00eb nj\u00eb postim n\u00eb kanalin e tij Telegram t\u00eb premten, Kadyrov shkroi se Ministria e Mbrojtjes e Rusis\u00eb kishte ndar\u00eb tashm\u00eb numrin e nevojsh\u00ebm t\u00eb vendeve t\u00eb lira p\u00ebr t\u00eb akomoduar t\u00eb ardhurit n\u00eb Akhmat. <\/span><\/p>\n<p><span style=\"color: #000000;\">Ai shtoi se marr\u00ebveshjet dhe formalitetet e tjera &#8220;do zgjidhen n\u00eb t\u00eb ardhmen e af\u00ebrt&#8221; dhe ish-luft\u00ebtar\u00ebt e Wagner s\u00eb shpejti do jen\u00eb pjes\u00eb e veprimeve ushtarake.<\/span><\/p>\n<p><span style=\"color: #000000;\">Udh\u00ebheq\u00ebsi \u00e7e\u00e7en i p\u00ebrsh\u00ebndeti ushtar\u00ebt si &#8220;luft\u00ebtar\u00eb me p\u00ebrvoj\u00eb dhe shum\u00eb efektiv\u00eb&#8221;, t\u00eb cil\u00ebt kan\u00eb d\u00ebshmuar aft\u00ebsit\u00eb e tyre n\u00eb Ukrain\u00eb. Ai e p\u00ebrshkroi p\u00ebrfshirjen e trupave t\u00eb tilla n\u00eb Akhmat si nj\u00eb &#8220;hap strategjik t\u00eb r\u00ebnd\u00ebsish\u00ebm drejt forcimit t\u00eb aft\u00ebsive mbrojt\u00ebse t\u00eb vendit&#8221;.<\/span><\/p>\n<p><span style=\"color: #000000;\"><em>\u201cNe jemi t\u00eb bashkuar nga nj\u00eb q\u00ebllim i vet\u00ebm, t\u00eb mbrojm\u00eb atdheun dhe interesat e tij. Jam i bindur se ky vendim shum\u00eb shpejt do ket\u00eb nj\u00eb ndikim t\u00eb konsideruesh\u00ebm n\u00eb m\u00ebnyr\u00ebn se si p\u00ebrparon operacioni special ushtarak\u201d<\/em>, p\u00ebrfundoi Kadyrov.<\/span><\/p>\n<p><span style=\"color: #000000;\">N\u00eb shkurt, komandanti i Akhmat, Apty Alaudinov, tha p\u00ebr mediat ruse se n\u00eb detashmentin e tij kishte tre nj\u00ebsi t\u00eb ve\u00e7anta t\u00eb p\u00ebrb\u00ebra nga ish-luft\u00ebtar\u00ebt e PMC t\u00eb Wagner.<\/span><\/p>\n<p><span style=\"color: #000000;\">Akhmat \u00ebsht\u00eb nj\u00eb pjes\u00eb e Gard\u00ebs Komb\u00ebtare Ruse, e cila \u00ebsht\u00eb nj\u00eb forc\u00eb e brendshme ushtarake q\u00eb i raporton drejtp\u00ebrdrejt presidentit dhe kreut t\u00eb K\u00ebshillit t\u00eb Siguris\u00eb Komb\u00ebtare.<\/span><\/p>\n<p><span style=\"color: #000000;\">Grupi Wagner luajti nj\u00eb rol ky\u00e7 n\u00eb pushtimin e qytetit t\u00eb Artyomovsk (Bakhmut) n\u00eb Donbass majin e kaluar.<\/span><\/p>\n","protected":false,"gt_translate_keys":[{"key":"rendered","format":"html"}]},"excerpt":{"rendered":"<p>Nj\u00ebsia e forcave speciale Akhmat nga Republika e \u00c7e\u00e7enis\u00eb do thith\u00eb 3000 ish-luft\u00ebtar\u00eb t\u00eb PMC Wagner, ka njoftuar kreu i rajonit, Ramzan Kadyrov. Nj\u00eb komandant i njohur Wagner me nofk\u00ebn \u2018Ratibor\u2019 do i bashkohet gjithashtu nj\u00ebsis\u00eb elitare \u00e7e\u00e7ene. Pas p\u00ebrpjekjes s\u00eb d\u00ebshtuar t\u00eb kryengritjes s\u00eb shefit t\u00eb Wagner-it, Evgeny Prigozhin, n\u00eb qershor 2023, autoritetet ruse [&hellip;]<\/p>\n","protected":false,"gt_translate_keys":[{"key":"rendered","format":"html"}]},"author":51,"featured_media":611919,"comment_status":"closed","ping_status":"open","sticky":false,"template":"","format":"standard","meta":{"footnotes":""},"categories":[53],"tags":[],"class_list":["post-666366","post","type-post","status-publish","format-standard","has-post-thumbnail","hentry","category-fast-foodi"],"gt_translate_keys":[{"key":"link","format":"url"}],"_links":{"self":[{"href":"https:\/\/www.hashtag.al\/index.php\/wp-json\/wp\/v2\/posts\/666366","targetHints":{"allow":["GET"]}}],"collection":[{"href":"https:\/\/www.hashtag.al\/index.php\/wp-json\/wp\/v2\/posts"}],"about":[{"href":"https:\/\/www.hashtag.al\/index.php\/wp-json\/wp\/v2\/types\/post"}],"author":[{"embeddable":true,"href":"https:\/\/www.hashtag.al\/index.php\/wp-json\/wp\/v2\/users\/51"}],"replies":[{"embeddable":true,"href":"https:\/\/www.hashtag.al\/index.php\/wp-json\/wp\/v2\/comments?post=666366"}],"version-history":[{"count":0,"href":"https:\/\/www.hashtag.al\/index.php\/wp-json\/wp\/v2\/posts\/666366\/revisions"}],"wp:featuredmedia":[{"embeddable":true,"href":"https:\/\/www.hashtag.al\/index.php\/wp-json\/wp\/v2\/media\/611919"}],"wp:attachment":[{"href":"https:\/\/www.hashtag.al\/index.php\/wp-json\/wp\/v2\/media?parent=666366"}],"wp:term":[{"taxonomy":"category","embeddable":true,"href":"https:\/\/www.hashtag.al\/index.php\/wp-json\/wp\/v2\/categories?post=666366"},{"taxonomy":"post_tag","embeddable":true,"href":"https:\/\/www.hashtag.al\/index.php\/wp-json\/wp\/v2\/tags?post=666366"}],"curies":[{"name":"wp","href":"https:\/\/api.w.org\/{rel}","templated":true}]}}