{"id":666306,"date":"2024-04-06T21:10:49","date_gmt":"2024-04-06T19:10:49","guid":{"rendered":"https:\/\/www.hashtag.al\/?p=666306"},"modified":"2024-04-06T21:10:49","modified_gmt":"2024-04-06T19:10:49","slug":"gjin-gjoni-zgjidhet-kryetar-i-deges-se-pd-se-rithemelimit-ne-lezhe","status":"publish","type":"post","link":"https:\/\/www.hashtag.al\/index.php\/2024\/04\/06\/gjin-gjoni-zgjidhet-kryetar-i-deges-se-pd-se-rithemelimit-ne-lezhe\/","title":{"rendered":"Gjin Gjoni zgjidhet kryetar i deg\u00ebs s\u00eb PD s\u00eb Rithemelimit n\u00eb Lezh\u00eb","gt_translate_keys":[{"key":"rendered","format":"text"}]},"content":{"rendered":"<p style=\"text-align: left;\"><span style=\"color: #000000;\"><img loading=\"lazy\" decoding=\"async\" class=\"size-full wp-image-666307 aligncenter\" src=\"https:\/\/www.hashtag.al\/wp-content\/uploads\/2024\/04\/gjin-gjoni.jpg\" alt=\"\" width=\"780\" height=\"440\" srcset=\"https:\/\/www.hashtag.al\/wp-content\/uploads\/2024\/04\/gjin-gjoni.jpg 780w, https:\/\/www.hashtag.al\/wp-content\/uploads\/2024\/04\/gjin-gjoni-300x169.jpg 300w, https:\/\/www.hashtag.al\/wp-content\/uploads\/2024\/04\/gjin-gjoni-768x433.jpg 768w\" sizes=\"auto, (max-width: 780px) 100vw, 780px\" \/><\/span><\/p>\n<p style=\"text-align: left;\"><span style=\"color: #000000;\">Gjin Gjoni \u00ebsht\u00eb zgjedhur kryetar i deg\u00ebs s\u00eb PD-s\u00eb s\u00eb Rithemelimit n\u00eb Lezh\u00eb, duke fituar me nj\u00eb rezultat t\u00eb thell\u00eb ndaj dy kandidat\u00ebve p\u00ebrball\u00eb tij.<\/span><\/p>\n<p style=\"text-align: left;\"><span style=\"color: #000000;\">Gjoni siguroi 604 vota kundrejt kandidat\u00ebve, Albert Rrusti i cili mori 312 vota dhe Paulin Marku 131.<\/span><\/p>\n<p style=\"text-align: left;\"><span style=\"color: #000000;\">N\u00eb procesin e votimit m\u00ebsohet se kan\u00eb marr\u00eb pjes\u00eb m\u00eb shum\u00eb se 1100 an\u00ebtar\u00eb.<\/span><\/p>\n<p style=\"text-align: left;\"><span style=\"color: #000000;\">Pas fitores, n\u00eb nj\u00eb prononcim p\u00ebr media, Gjoni fal\u00ebnderoi koleg\u00ebt p\u00ebr gar\u00ebn dinjitoze dhe qytetar\u00ebt e Lezh\u00ebs q\u00eb e vot\u00ebbesuan.<\/span><\/p>\n<p style=\"text-align: left;\"><span style=\"color: #000000;\">Nd\u00ebr t\u00eb tjera ai u shpreh se do t\u00eb fillojn\u00eb me riorganizimin e PD-s\u00eb s\u00eb Lesh\u00ebs dhe p\u00ebrgatitjen p\u00ebr fushat\u00ebn elektorale p\u00ebr zgjedhjet e vitit t\u00eb ardhsh\u00ebm.<\/span><\/p>\n<p style=\"text-align: left;\"><span style=\"color: #000000;\"><em>\u201cN\u00eb radh\u00eb t\u00eb par\u00eb doja t\u00eb fal\u00ebnderoja dy koleg\u00ebt e mi p\u00ebr gar\u00ebn dinjitoze. Populli i Lezh\u00ebs arriti t\u00eb m\u00eb vot\u00ebbesoj\u00eb mua, \u00ebsht\u00eb p\u00ebrgjegj\u00ebsi shum\u00eb e madhe.<\/em><\/span><\/p>\n<p style=\"text-align: left;\"><span style=\"color: #000000;\"><em>Patjet\u00ebr q\u00eb situata politike n\u00eb t\u00eb cil\u00ebn ndodhemi \u00ebsht\u00eb jasht\u00ebzakonisht shum\u00eb kritike, por Partia Demokratike Lezh\u00ebs ka objektiva t\u00eb qart\u00eb. T\u00eb bashkuar si\u00e7 jemi sot do t\u00eb fillojm\u00eb me riorganizimin e partis\u00eb dhe p\u00ebrgatitjen p\u00ebr fushat\u00ebn elektorale t\u00eb 2025\u201d,<\/em>\u00a0tha Gjoni.<\/span><\/p>\n<p style=\"text-align: left;\"><span style=\"color: #000000;\"><img loading=\"lazy\" decoding=\"async\" class=\"size-full wp-image-666308 aligncenter\" src=\"https:\/\/www.hashtag.al\/wp-content\/uploads\/2024\/04\/WhatsApp-Image-2024-04-06-at-20.03.58.jpeg\" alt=\"\" width=\"1200\" height=\"1600\" srcset=\"https:\/\/www.hashtag.al\/wp-content\/uploads\/2024\/04\/WhatsApp-Image-2024-04-06-at-20.03.58.jpeg 1200w, https:\/\/www.hashtag.al\/wp-content\/uploads\/2024\/04\/WhatsApp-Image-2024-04-06-at-20.03.58-225x300.jpeg 225w, https:\/\/www.hashtag.al\/wp-content\/uploads\/2024\/04\/WhatsApp-Image-2024-04-06-at-20.03.58-768x1024.jpeg 768w, https:\/\/www.hashtag.al\/wp-content\/uploads\/2024\/04\/WhatsApp-Image-2024-04-06-at-20.03.58-1152x1536.jpeg 1152w\" sizes=\"auto, (max-width: 1200px) 100vw, 1200px\" \/><\/span><\/p>\n","protected":false,"gt_translate_keys":[{"key":"rendered","format":"html"}]},"excerpt":{"rendered":"<p>Gjin Gjoni \u00ebsht\u00eb zgjedhur kryetar i deg\u00ebs s\u00eb PD-s\u00eb s\u00eb Rithemelimit n\u00eb Lezh\u00eb, duke fituar me nj\u00eb rezultat t\u00eb thell\u00eb ndaj dy kandidat\u00ebve p\u00ebrball\u00eb tij. Gjoni siguroi 604 vota kundrejt kandidat\u00ebve, Albert Rrusti i cili mori 312 vota dhe Paulin Marku 131. N\u00eb procesin e votimit m\u00ebsohet se kan\u00eb marr\u00eb pjes\u00eb m\u00eb shum\u00eb se 1100 [&hellip;]<\/p>\n","protected":false,"gt_translate_keys":[{"key":"rendered","format":"html"}]},"author":4,"featured_media":666307,"comment_status":"closed","ping_status":"open","sticky":false,"template":"","format":"standard","meta":{"footnotes":""},"categories":[65],"tags":[],"class_list":["post-666306","post","type-post","status-publish","format-standard","has-post-thumbnail","hentry","category-lajme"],"gt_translate_keys":[{"key":"link","format":"url"}],"_links":{"self":[{"href":"https:\/\/www.hashtag.al\/index.php\/wp-json\/wp\/v2\/posts\/666306","targetHints":{"allow":["GET"]}}],"collection":[{"href":"https:\/\/www.hashtag.al\/index.php\/wp-json\/wp\/v2\/posts"}],"about":[{"href":"https:\/\/www.hashtag.al\/index.php\/wp-json\/wp\/v2\/types\/post"}],"author":[{"embeddable":true,"href":"https:\/\/www.hashtag.al\/index.php\/wp-json\/wp\/v2\/users\/4"}],"replies":[{"embeddable":true,"href":"https:\/\/www.hashtag.al\/index.php\/wp-json\/wp\/v2\/comments?post=666306"}],"version-history":[{"count":0,"href":"https:\/\/www.hashtag.al\/index.php\/wp-json\/wp\/v2\/posts\/666306\/revisions"}],"wp:featuredmedia":[{"embeddable":true,"href":"https:\/\/www.hashtag.al\/index.php\/wp-json\/wp\/v2\/media\/666307"}],"wp:attachment":[{"href":"https:\/\/www.hashtag.al\/index.php\/wp-json\/wp\/v2\/media?parent=666306"}],"wp:term":[{"taxonomy":"category","embeddable":true,"href":"https:\/\/www.hashtag.al\/index.php\/wp-json\/wp\/v2\/categories?post=666306"},{"taxonomy":"post_tag","embeddable":true,"href":"https:\/\/www.hashtag.al\/index.php\/wp-json\/wp\/v2\/tags?post=666306"}],"curies":[{"name":"wp","href":"https:\/\/api.w.org\/{rel}","templated":true}]}}