{"id":666096,"date":"2024-04-05T16:33:00","date_gmt":"2024-04-05T14:33:00","guid":{"rendered":"https:\/\/www.hashtag.al\/?p=666096"},"modified":"2024-04-05T16:33:00","modified_gmt":"2024-04-05T14:33:00","slug":"alibeaj-ps-ja-e-rithemelimi-pazar-me-aministine-penale-politike-me-hallin-e-tjetrit-gjeja-me-e-ulet","status":"publish","type":"post","link":"https:\/\/www.hashtag.al\/index.php\/2024\/04\/05\/alibeaj-ps-ja-e-rithemelimi-pazar-me-aministine-penale-politike-me-hallin-e-tjetrit-gjeja-me-e-ulet\/","title":{"rendered":"Alibeaj: PS-ja e Rithemelimi pazar me Aministin\u00eb Penale, politik\u00eb me hallin e tjetrit, gj\u00ebja m\u00eb e ul\u00ebt","gt_translate_keys":[{"key":"rendered","format":"text"}]},"content":{"rendered":"<p><span style=\"color: #000000;\"><img loading=\"lazy\" decoding=\"async\" class=\"aligncenter size-full wp-image-661924\" src=\"https:\/\/www.hashtag.al\/wp-content\/uploads\/2024\/03\/alibeaj6.jpg\" alt=\"\" width=\"956\" height=\"475\" srcset=\"https:\/\/www.hashtag.al\/wp-content\/uploads\/2024\/03\/alibeaj6.jpg 956w, https:\/\/www.hashtag.al\/wp-content\/uploads\/2024\/03\/alibeaj6-300x149.jpg 300w, https:\/\/www.hashtag.al\/wp-content\/uploads\/2024\/03\/alibeaj6-768x382.jpg 768w\" sizes=\"auto, (max-width: 956px) 100vw, 956px\" \/><\/span><\/p>\n<p><span style=\"color: #000000;\">Deputeti i PD-s\u00eb i grupit t\u00eb Bash\u00ebs, Alibeaj, tha se t\u00eb b\u00ebrit politik\u00eb me hallet e njer\u00ebzve \u00ebsht\u00eb gj\u00ebja m\u00eb e ul\u00ebt.<\/span><\/p>\n<p><span style=\"color: #000000;\"> Ai komentoi miratimin e Aministis\u00eb Penale nga PS-ja e Rithemelimi n\u00eb seanc\u00ebn e djeshme duke theksuar se nga pazari do p\u00ebrfitojn\u00eb t\u00eb korruptuarit , drejtor\u00ebt e bashkive.<\/span><\/p>\n<p><span style=\"color: #000000;\"><em>\u201cT\u00eb b\u00ebsh politik\u00eb me hallin e tjetrit \u00ebsht\u00eb gj\u00ebja m\u00eb e ul\u00ebt p\u00ebr nj\u00eb qenie humane q\u00eb n\u00eb vend t\u00eb zemr\u00ebs nj\u00eb zot e di se \u00e7far\u00eb ka. Si Minist\u00ebr Drejt\u00ebsie, sot ndihem krenar, q\u00eb me durim dhe k\u00ebmb\u00ebngulje, votuam ligjin e amnistis\u00eb q\u00eb kaluam n\u00eb qeveri me zero p\u00ebrfitim p\u00ebr subjektet e SPAK dhe GJKKO. Me aktin e amnistis\u00eb nuk p\u00ebrfitojn\u00eb protestuesit. Ata vazhdojn\u00eb t\u00eb enden prokurorive, gjykatavem vazhdojn\u00eb t\u00eb jen\u00eb ende n\u00ebn thundr\u00ebn e represionit policer t\u00eb k\u00ebsaj qeverie. Dje u amnistuan drejtor\u00ebt e bashkis\u00eb dhe u nd\u00ebshkuan protestuesit, sot thirren protestuesit para bashkis\u00eb. Kjo \u00ebsht\u00eb tallja q\u00eb b\u00ebhet me protestuesit.\u201d<\/em> &#8211; tha Alibeaj.<\/span><\/p>\n<p><span style=\"color: #000000;\">Aministia penale u miratua dje me votat e PS-s\u00eb dhe Rithemelimit. <\/span><\/p>\n<p><span style=\"color: #000000;\">Z\u00ebdh\u00ebn\u00ebsja e PD-s\u00eb s\u00eb Bash\u00ebs, Mirela Karabina, i k\u00ebrkoi kryetares s\u00eb Kuvendit t\u00eb jap\u00eb llogari p\u00ebr lejimin e votimit t\u00eb deputetit t\u00eb Rithemelimit Flamur Noka, i cili \u00ebsht\u00eb i p\u00ebrjashtuar.<\/span><\/p>\n","protected":false,"gt_translate_keys":[{"key":"rendered","format":"html"}]},"excerpt":{"rendered":"<p>Deputeti i PD-s\u00eb i grupit t\u00eb Bash\u00ebs, Alibeaj, tha se t\u00eb b\u00ebrit politik\u00eb me hallet e njer\u00ebzve \u00ebsht\u00eb gj\u00ebja m\u00eb e ul\u00ebt. Ai komentoi miratimin e Aministis\u00eb Penale nga PS-ja e Rithemelimi n\u00eb seanc\u00ebn e djeshme duke theksuar se nga pazari do p\u00ebrfitojn\u00eb t\u00eb korruptuarit , drejtor\u00ebt e bashkive. \u201cT\u00eb b\u00ebsh politik\u00eb me hallin e [&hellip;]<\/p>\n","protected":false,"gt_translate_keys":[{"key":"rendered","format":"html"}]},"author":51,"featured_media":661924,"comment_status":"closed","ping_status":"open","sticky":false,"template":"","format":"standard","meta":{"footnotes":""},"categories":[65],"tags":[],"class_list":["post-666096","post","type-post","status-publish","format-standard","has-post-thumbnail","hentry","category-lajme"],"gt_translate_keys":[{"key":"link","format":"url"}],"_links":{"self":[{"href":"https:\/\/www.hashtag.al\/index.php\/wp-json\/wp\/v2\/posts\/666096","targetHints":{"allow":["GET"]}}],"collection":[{"href":"https:\/\/www.hashtag.al\/index.php\/wp-json\/wp\/v2\/posts"}],"about":[{"href":"https:\/\/www.hashtag.al\/index.php\/wp-json\/wp\/v2\/types\/post"}],"author":[{"embeddable":true,"href":"https:\/\/www.hashtag.al\/index.php\/wp-json\/wp\/v2\/users\/51"}],"replies":[{"embeddable":true,"href":"https:\/\/www.hashtag.al\/index.php\/wp-json\/wp\/v2\/comments?post=666096"}],"version-history":[{"count":0,"href":"https:\/\/www.hashtag.al\/index.php\/wp-json\/wp\/v2\/posts\/666096\/revisions"}],"wp:featuredmedia":[{"embeddable":true,"href":"https:\/\/www.hashtag.al\/index.php\/wp-json\/wp\/v2\/media\/661924"}],"wp:attachment":[{"href":"https:\/\/www.hashtag.al\/index.php\/wp-json\/wp\/v2\/media?parent=666096"}],"wp:term":[{"taxonomy":"category","embeddable":true,"href":"https:\/\/www.hashtag.al\/index.php\/wp-json\/wp\/v2\/categories?post=666096"},{"taxonomy":"post_tag","embeddable":true,"href":"https:\/\/www.hashtag.al\/index.php\/wp-json\/wp\/v2\/tags?post=666096"}],"curies":[{"name":"wp","href":"https:\/\/api.w.org\/{rel}","templated":true}]}}