{"id":666080,"date":"2024-04-05T14:59:27","date_gmt":"2024-04-05T12:59:27","guid":{"rendered":"https:\/\/www.hashtag.al\/?p=666080"},"modified":"2024-04-05T15:00:38","modified_gmt":"2024-04-05T13:00:38","slug":"miratimi-i-aministise-penale-pd-ja-akuza-ps-se-e-rithemelimit-pazar-per-te-shpetuar-te-korruptuarit-nikolla-te-jape-llogari","status":"publish","type":"post","link":"https:\/\/www.hashtag.al\/index.php\/2024\/04\/05\/miratimi-i-aministise-penale-pd-ja-akuza-ps-se-e-rithemelimit-pazar-per-te-shpetuar-te-korruptuarit-nikolla-te-jape-llogari\/","title":{"rendered":"Aministia Penale\/ PD-ja akuza PS-s\u00eb e Rithemelimit: Pazar p\u00ebr t\u00eb shp\u00ebtuar t\u00eb korruptuarit, Nikolla t\u00eb jap\u00eb llogari","gt_translate_keys":[{"key":"rendered","format":"text"}]},"content":{"rendered":"<p><img loading=\"lazy\" decoding=\"async\" class=\"aligncenter size-full wp-image-666084\" src=\"https:\/\/www.hashtag.al\/wp-content\/uploads\/2024\/04\/karabina-1.jpg\" alt=\"\" width=\"512\" height=\"305\" srcset=\"https:\/\/www.hashtag.al\/wp-content\/uploads\/2024\/04\/karabina-1.jpg 512w, https:\/\/www.hashtag.al\/wp-content\/uploads\/2024\/04\/karabina-1-300x179.jpg 300w\" sizes=\"auto, (max-width: 512px) 100vw, 512px\" \/><\/p>\n<p><span style=\"color: #000000;\">PD-ja e Bash\u00ebs ka p\u00ebrs\u00ebr\u00ebitur akuzat ndaj PS-s\u00eb e Rithemelimit p\u00ebr pazar lidhur me Aministin\u00eb Penale. <\/span><\/p>\n<p><span style=\"color: #000000;\">N\u00eb nj\u00eb deklarat\u00eb p\u00ebr mediat, z\u00ebdh\u00ebn\u00ebsja Mirela Karabina tha se vet\u00ebm me Berish\u00ebn p\u00ebrball\u00eb, Edi Rama mund t\u00eb rrij\u00eb n\u00eb pushtet i pashqet\u00ebsuar. <\/span><\/p>\n<p><span style=\"color: #000000;\">M\u00eb tej ajo n\u00ebnvizoi se pazari do sh\u00ebrbej\u00eb p\u00ebr t\u00eb shp\u00ebtuar t\u00eb korruptuarit dhe p\u00ebr t\u2019i b\u00ebr\u00eb presion SPAK-ut.<\/span><\/p>\n<p><span style=\"color: #000000;\"><em>\u201cQ\u00eb Edi Rama \u00ebsht\u00eb n\u00eb pazar me Sali Berish\u00ebn kjo dihej dhe qart\u00ebsohet p\u00ebrdit\u00eb dhe m\u00eb shum\u00eb.\u00a0<\/em><em>\u00cbsht\u00eb n\u00eb pazar, jo sepse e do, por sepse vet\u00ebm me Berish\u00ebn p\u00ebrball\u00eb mund t\u00eb rri n\u00eb pushtet i pashqet\u00ebsuar. Ashtu sikurse Berish\u00ebs i intereson kjo gj\u00eb, sepse i braktisur prej t\u00eb gjith\u00ebve, Edi Rama e rifuti n\u00eb loj\u00eb, duke i dh\u00ebn\u00eb deputet\u00ebve t\u00eb tij z\u00ebrin n\u00eb Parlament. Ky pazar u pa n\u00eb votimin e amnistis\u00eb penale, ku t\u00eb koordinuar votuan p\u00ebr t\u00eb shp\u00ebtuar t\u00eb korruptuarit e tyre dhe p\u00ebr t\u2019i b\u00ebr\u00eb presion SPAK-ut. <\/em><em>K\u00ebt\u00eb gj\u00eb e fsheh\u00ebn duke th\u00ebn\u00eb se po votojn\u00eb p\u00ebr t\u00eb amnistuar njer\u00ebzit, por n\u00eb t\u00eb v\u00ebrtet\u00ebn qytetar\u00ebt jan\u00eb humb\u00ebsit e amnistis\u00eb, nd\u00ebrsa t\u00eb korruptuarit p\u00ebrfituesit e m\u00ebdhenj.\u201d<\/em> &#8211; tha Karabina.<\/span><\/p>\n<p><span style=\"color: #000000;\">M\u00eb tej z\u00ebdh\u00ebn\u00ebsja e PD-s\u00eb tha se pazari nuk do ishte i mundur pa nd\u00ebrmjet\u00ebsimin\u00a0 e kryetares s\u00eb Kuvendit Lindita Nikolla, e cila sipas saj, e kthyer postin q\u00eb mban n\u00eb sekretariatin e kryeministrit Rama. <\/span><\/p>\n<p><span style=\"color: #000000;\">Karabina tha se kryeparlamentarja duhet t\u00eb jap\u00eb llogari pse lejoj deputetin e p\u00ebrjashtuar t\u00eb PD-s\u00eb Flamur Noka q\u00eb t\u00eb merrte pjes\u00eb n\u00eb votimin e Amnistis\u00eb Penale.<\/span><\/p>\n<p><span style=\"color: #000000;\"><em>\u201cSigurisht q\u00eb pazari mes Berish\u00ebs dhe Ram\u00ebs, nuk mund t\u00eb b\u00ebhej i mundur pa nd\u00ebrmjet\u00ebsimin e Lindita Nikoll\u00ebs, e cila prej koh\u00ebsh e ka kthyer pozicionin e Kryetares s\u00eb Kuvendit n\u00eb sekretariatin e Edi Ram\u00ebs, duke ia ulur dinjitetin postit q\u00eb mban dhe duke e kthyer n\u00eb notere t\u00eb pazareve t\u00eb pista. Nuk \u00ebsht\u00eb hera e par\u00eb q\u00eb Lindita Nikolla lejon t\u00eb marrin pjes\u00eb n\u00eb Kuvend, n\u00eb kund\u00ebrshtim me Rregulloren, deputet\u00eb t\u00eb p\u00ebrjashtuar m\u00eb par\u00eb. E ka b\u00ebr\u00eb gjat\u00eb koh\u00ebs s\u00eb kaosit n\u00eb Parlament, ku fuste deputet\u00ebt e p\u00ebrjashtuar p\u00ebr t\u00eb mbajtur kaosin dhe p\u00ebr t\u00eb ndezur tymin dhe flak\u00ebn n\u00eb ambjentet e Kuvendit. <\/em><\/span><\/p>\n<p><span style=\"color: #000000;\"><em>E b\u00ebri edhe dje me z\u00ebvend\u00ebsin e Sali Berish\u00ebs n\u00eb Kuvend. Ndaj, Lindita Nikolla duhet t\u00eb dal\u00eb dhe t\u00eb jap\u00eb llogari se pse deputeti i p\u00ebrjashtuar Flamur Noka u lejua t\u00eb merrte pjes\u00eb n\u00eb votimin e djesh\u00ebm. A \u00ebsht\u00eb kjo pjes\u00eb e pazarit dhe e marr\u00ebveshjes mes tyre? Deputeti q\u00eb i k\u00ebrkonte Nikoll\u00ebs me sms t\u2019i jepte edhe nj\u00eb her\u00eb fjal\u00ebn shefit t\u00eb tij dhe pastaj t\u00eb iknin, nuk mund t\u00eb jet\u00eb as mbi Ligjin as mbi Rregulloren. Ndaj Partia Demokratike \u00ebsht\u00eb k\u00ebtu, m\u00eb e vendosur se kurr\u00eb p\u00ebr t\u00eb b\u00ebr\u00eb transparenc\u00eb t\u00eb plot\u00eb dhe p\u00ebr t\u00eb denoncuar pazarin e pist\u00eb mes p\u00ebrfaq\u00ebsuesve t\u00eb politik\u00ebs s\u00eb vjet\u00ebr, t\u00eb cil\u00ebt kan\u00eb r\u00ebn\u00eb dakort p\u00ebr ta mbajtur peng k\u00ebt\u00eb vend, n\u00eb nj\u00eb aleanc\u00eb kund\u00ebr njer\u00ebzve dhe kund\u00ebr sistemit t\u00eb drejt\u00ebsis\u00eb.\u201d<\/em> &#8211; mbylli denoncimin Karabina.<\/span><\/p>\n","protected":false,"gt_translate_keys":[{"key":"rendered","format":"html"}]},"excerpt":{"rendered":"<p>PD-ja e Bash\u00ebs ka p\u00ebrs\u00ebr\u00ebitur akuzat ndaj PS-s\u00eb e Rithemelimit p\u00ebr pazar lidhur me Aministin\u00eb Penale. N\u00eb nj\u00eb deklarat\u00eb p\u00ebr mediat, z\u00ebdh\u00ebn\u00ebsja Mirela Karabina tha se vet\u00ebm me Berish\u00ebn p\u00ebrball\u00eb, Edi Rama mund t\u00eb rrij\u00eb n\u00eb pushtet i pashqet\u00ebsuar. M\u00eb tej ajo n\u00ebnvizoi se pazari do sh\u00ebrbej\u00eb p\u00ebr t\u00eb shp\u00ebtuar t\u00eb korruptuarit dhe p\u00ebr t\u2019i [&hellip;]<\/p>\n","protected":false,"gt_translate_keys":[{"key":"rendered","format":"html"}]},"author":51,"featured_media":666084,"comment_status":"closed","ping_status":"open","sticky":false,"template":"","format":"standard","meta":{"footnotes":""},"categories":[65],"tags":[],"class_list":["post-666080","post","type-post","status-publish","format-standard","has-post-thumbnail","hentry","category-lajme"],"gt_translate_keys":[{"key":"link","format":"url"}],"_links":{"self":[{"href":"https:\/\/www.hashtag.al\/index.php\/wp-json\/wp\/v2\/posts\/666080","targetHints":{"allow":["GET"]}}],"collection":[{"href":"https:\/\/www.hashtag.al\/index.php\/wp-json\/wp\/v2\/posts"}],"about":[{"href":"https:\/\/www.hashtag.al\/index.php\/wp-json\/wp\/v2\/types\/post"}],"author":[{"embeddable":true,"href":"https:\/\/www.hashtag.al\/index.php\/wp-json\/wp\/v2\/users\/51"}],"replies":[{"embeddable":true,"href":"https:\/\/www.hashtag.al\/index.php\/wp-json\/wp\/v2\/comments?post=666080"}],"version-history":[{"count":0,"href":"https:\/\/www.hashtag.al\/index.php\/wp-json\/wp\/v2\/posts\/666080\/revisions"}],"wp:featuredmedia":[{"embeddable":true,"href":"https:\/\/www.hashtag.al\/index.php\/wp-json\/wp\/v2\/media\/666084"}],"wp:attachment":[{"href":"https:\/\/www.hashtag.al\/index.php\/wp-json\/wp\/v2\/media?parent=666080"}],"wp:term":[{"taxonomy":"category","embeddable":true,"href":"https:\/\/www.hashtag.al\/index.php\/wp-json\/wp\/v2\/categories?post=666080"},{"taxonomy":"post_tag","embeddable":true,"href":"https:\/\/www.hashtag.al\/index.php\/wp-json\/wp\/v2\/tags?post=666080"}],"curies":[{"name":"wp","href":"https:\/\/api.w.org\/{rel}","templated":true}]}}