{"id":665812,"date":"2024-04-04T14:06:02","date_gmt":"2024-04-04T12:06:02","guid":{"rendered":"https:\/\/www.hashtag.al\/?p=665812"},"modified":"2024-04-04T14:06:02","modified_gmt":"2024-04-04T12:06:02","slug":"altin-dumani-thote-pa-dashje-se-gjkko-vendos-cfare-kerkon-spak","status":"publish","type":"post","link":"https:\/\/www.hashtag.al\/index.php\/2024\/04\/04\/altin-dumani-thote-pa-dashje-se-gjkko-vendos-cfare-kerkon-spak\/","title":{"rendered":"Altin Dumani thot\u00eb \u201cpa dashje\u201d se GJKKO vendos \u00e7far\u00eb k\u00ebrkon SPAK","gt_translate_keys":[{"key":"rendered","format":"text"}]},"content":{"rendered":"<p><img loading=\"lazy\" decoding=\"async\" class=\"size-full wp-image-665814 aligncenter\" src=\"https:\/\/www.hashtag.al\/wp-content\/uploads\/2024\/04\/640-0-640-0-1671440660xaltin-dumani-3-783-1712231128.jpg\" alt=\"\" width=\"640\" height=\"535\" srcset=\"https:\/\/www.hashtag.al\/wp-content\/uploads\/2024\/04\/640-0-640-0-1671440660xaltin-dumani-3-783-1712231128.jpg 640w, https:\/\/www.hashtag.al\/wp-content\/uploads\/2024\/04\/640-0-640-0-1671440660xaltin-dumani-3-783-1712231128-300x251.jpg 300w\" sizes=\"auto, (max-width: 640px) 100vw, 640px\" \/><\/p>\n<p><span style=\"font-weight: 400; color: #000000;\">P\u00ebr rreth dy or\u00eb, Altin Dumani prezantoi para K\u00ebshillit t\u00eb Lart\u00eb t\u00eb Prokuroris\u00eb pun\u00ebn e SPAK-ut p\u00ebrgjat\u00eb vitit t\u00eb kaluar, si dhe iu p\u00ebrgjigj pyetjeve t\u00eb an\u00ebtar\u00ebve t\u00eb k\u00ebshillit mbi problematikat e hasura gjat\u00eb hetimeve dhe gjykimeve t\u00eb dosjeve n\u00eb gjykat\u00eb.<\/span><\/p>\n<p><span style=\"font-weight: 400; color: #000000;\">Mes shqet\u00ebsimeve q\u00eb ngrit\u00ebn an\u00ebtar\u00ebt e KLP-s\u00eb ishte edhe shqet\u00ebsimi i shprehur nga shoq\u00ebria civile, aktivist\u00eb t\u00eb mbrojtjes s\u00eb t\u00eb drejtave t\u00eb njeriut, media e deri edhe Ministria e Drejt\u00ebsis\u00eb. Shqet\u00ebsimi lidhej me ashp\u00ebrsin\u00eb ekstreme t\u00eb masave t\u00eb siguris\u00eb q\u00eb k\u00ebrkojn\u00eb prokuror\u00ebt e posa\u00e7\u00ebm p\u00ebr persona n\u00ebn hetim dhe miratimin e k\u00ebtyre masave nga ana e gjykat\u00ebs s\u00eb posa\u00e7me.<\/span><\/p>\n<p><span style=\"font-weight: 400; color: #000000;\">Gjykatat e posa\u00e7me jan\u00eb kritikuar se jan\u00eb shnd\u00ebrruar n\u00eb notere t\u00eb SPAK-ut, duke miratuar \u00e7do k\u00ebrkes\u00eb p\u00ebr mas\u00eb sigurie arrest me burg, edhe n\u00eb rastet kur provat dhe historiku i t\u00eb akuzuarve tregojn\u00eb se mund t\u00eb aplikohen fare mir\u00eb masa sigurie m\u00eb t\u00eb lehta, si arrest sht\u00ebpie, detyrim paraqitje, apo edhe garancia pasurore.<\/span><\/p>\n<p><span style=\"font-weight: 400; color: #000000;\">Dumani, pasi e konsideroi k\u00ebt\u00eb thjesht nj\u00eb perceptim mediatik e publik, pranoi gjat\u00eb fjal\u00ebs s\u00eb tij se gjykatat japin vendime sipas k\u00ebrkesave t\u00eb SPAK.<\/span><\/p>\n<p><span style=\"font-weight: 400; color: #000000;\">\u201c\u2026si\u00e7 e thash\u00eb q\u00eb \u00e7do rast pafaj\u00ebsie \u00ebsht\u00eb ankimuar nga prokuror\u00ebt dhe af\u00ebrmendsh gjykatat vendosin \u00e7far\u00eb k\u00ebrkojm\u00eb ne, qoft\u00eb edhe n\u00eb lidhje me deklarimin fajtor t\u00eb subjekteve q\u00eb d\u00ebrgojm\u00eb p\u00ebr rigjykim\u201d, tha ai.<\/span><\/p>\n<p><span style=\"font-weight: 400; color: #000000;\">Kreu i SPAK e konsideroi k\u00ebt\u00eb si tregues t\u00eb profesionalizmit t\u00eb prokuror\u00ebve dhe cil\u00ebsis\u00eb s\u00eb hetimeve. Por, kjo \u00ebsht\u00eb alibia. E v\u00ebrteta q\u00ebndron diku tjet\u00ebr dhe k\u00ebt\u00eb e ilustron m\u00eb s\u00eb miri rasti tragjik i Enver Sheshit, q\u00eb nd\u00ebrroi jet\u00eb n\u00eb qelit\u00eb e paraburgimit m\u00eb t\u00eb ashp\u00ebr e fam\u00ebkeq q\u00eb ka Shqip\u00ebria.<\/span><\/p>\n<p><span style=\"font-weight: 400; color: #000000;\">Mbajtja e t\u00eb ndjerit n\u00eb qeli, edhe pse n\u00eb gjykata dor\u00ebzoi nj\u00eb tuf\u00eb dokumentacionesh q\u00eb v\u00ebrtetonin problematikat me sh\u00ebndetin ngre dyshime t\u00eb forta se n\u00eb p\u00ebrpjekje p\u00ebr t\u00eb b\u00ebr\u00eb drejt\u00ebsi po shkelen me t\u00eb dyja k\u00ebmb\u00ebt lirit\u00eb dhe t\u00eb drejtat themelore t\u00eb njeriut.<\/span><\/p>\n<p><span style=\"font-weight: 400; color: #000000;\">Shkeljet burojn\u00eb nga \u2018pushteti\u2019 juridik, por m\u00eb shum\u00eb se juridik, publik q\u00eb i \u00ebsht\u00eb mveshur SPAK-ut. Prokuroria e Posa\u00e7me, ligj\u00ebrisht ka n\u00eb dor\u00eb ngritjen e akuzave dhe k\u00ebrkesave p\u00ebr masat e siguris\u00eb, bazuar n\u00eb rrezikshm\u00ebrin\u00eb e personave n\u00ebn hetim.<\/span><\/p>\n<p><span style=\"font-weight: 400; color: #000000;\">M\u00eb pas, p\u00ebr k\u00ebto akuza dhe p\u00ebr masat e siguris\u00eb, po ligj\u00ebrisht duhet t\u00eb jet\u00eb gjykata ajo q\u00eb duhet t\u00eb thot\u00eb fjal\u00ebn e fundit. Por, n\u00eb k\u00ebto vite SPAK rastet kur gjykatat e posa\u00e7me kan\u00eb vendosur ndryshe nga k\u00ebrkesat e prokuror\u00ebve t\u00eb posa\u00e7\u00ebm num\u00ebrohen me gishtat e nj\u00ebr\u00ebs dor\u00eb.<\/span><\/p>\n<p><span style=\"font-weight: 400; color: #000000;\">Kjo pasqyrohet edhe n\u00eb raportet vjetore t\u00eb SPAK-ut, ku p\u00ebr vitet 2020 dhe 2021, masat shtr\u00ebnguese t\u00eb siguris\u00eb t\u00eb miratuara nga gjykata shkojn\u00eb deri n\u00eb 90 p\u00ebr qind t\u00eb totalit t\u00eb k\u00ebrkesave t\u00eb SPAK. Shifra sugjeron se \u00ebsht\u00eb vet\u00eb gjykata q\u00eb i \u00ebsht\u00eb n\u00ebnshtruar SPAK-ut dhe \u00ebsht\u00eb shnd\u00ebrruar n\u00eb nj\u00eb notere e prokuroris\u00eb s\u00eb posa\u00e7me dhe prokuroria e posa\u00e7me de fakto ka marr\u00eb edhe pushtetin e gjykat\u00ebs.<\/span><\/p>\n<p><span style=\"font-weight: 400; color: #000000;\">Shembulli m\u00eb tipik \u00ebsht\u00eb rasti i Enver Sheshit, p\u00ebr t\u00eb cilin avokat\u00ebt k\u00ebrkuan zbutjen e mas\u00ebs s\u00eb siguris\u00eb p\u00ebr t\u2019i dh\u00ebn\u00eb mund\u00ebsi t\u00eb merrte kujdesin e duhur sh\u00ebndet\u00ebsor, nd\u00ebrsa SPAK k\u00ebrkoi l\u00ebnien n\u00ebn mas\u00ebn e siguris\u00eb arrest me burg.<\/span><\/p>\n<p><span style=\"font-weight: 400; color: #000000;\">Gjykata shp\u00ebrfilli provat e paraqitura n\u00eb dosjen sh\u00ebndet\u00ebsore 59-vje\u00e7arit dhe p\u00ebr m\u00eb tep\u00ebr, as shp\u00ebrfilli gjithashtu edhe faktin q\u00eb i ndjeri ishte hetuar e d\u00ebnuar n\u00eb nj\u00eb rast p\u00ebr t\u00eb nj\u00ebjt\u00ebn akuz\u00eb evazioni me inceneratorin e Fierit.<\/span><\/p>\n<p><span style=\"font-weight: 400; color: #000000;\">Ky \u00ebsht\u00eb efekti kryesor an\u00ebsor i reform\u00ebs n\u00eb drejt\u00ebsi, pasojat e t\u00eb cilit mund t\u00eb jen\u00eb edhe m\u00eb t\u00eb r\u00ebnda n\u00eb vijim n\u00ebse gjykatat e posa\u00e7me nuk i v\u00ebn\u00eb fre oreksit t\u00eb prokuroris\u00eb s\u00eb posa\u00e7me, q\u00eb m\u00eb shum\u00eb se drejt\u00ebsis\u00eb, me k\u00ebrkesat shpesh absurde p\u00ebr t\u00eb mbajtur e trajtuar n\u00eb qeli, apo p\u00ebr t\u00eb d\u00ebnuar si kriminel\u00eb t\u00eb rreziksh\u00ebm persona q\u00eb ka n\u00ebn hetim k\u00ebto i duhen p\u00ebr raportet vjetore.<\/span><\/p>\n<p><span style=\"font-weight: 400; color: #000000;\">N\u00eb k\u00ebto raporte jan\u00eb paraqitur p\u00ebr dy vite si tregues suksesi numri i lart\u00eb i masave t\u00eb sigurimit arrest me burg, madje me p\u00ebrpjekje p\u00ebr ta shitur k\u00ebt\u00eb edhe si tregues t\u00eb cil\u00ebsis\u00eb s\u00eb hetimeve. Megjithat\u00eb, raporte edhe nga Komiteti Helsinkit tregojn\u00eb se m\u00eb shum\u00eb se cil\u00ebsi e hetimeve t\u00eb SPAK, gjykata i \u00ebsht\u00eb n\u00ebnshtruar prokuroris\u00eb s\u00eb posa\u00e7me nga frika e reagimit t\u00eb opinionit publik.<\/span><\/p>\n<div style=\"width: 456px;\" class=\"wp-video\"><video class=\"wp-video-shortcode\" id=\"video-665812-1\" width=\"456\" height=\"360\" preload=\"metadata\" controls=\"controls\"><source type=\"video\/mp4\" src=\"https:\/\/www.hashtag.al\/wp-content\/uploads\/2024\/04\/660e92688ffc8.mp4?_=1\" \/><a href=\"https:\/\/www.hashtag.al\/wp-content\/uploads\/2024\/04\/660e92688ffc8.mp4\">https:\/\/www.hashtag.al\/wp-content\/uploads\/2024\/04\/660e92688ffc8.mp4<\/a><\/video><\/div>\n<p><strong><span style=\"color: #000000;\"><span style=\"color: #ff0000;\">VINI RE:<\/span> Ky material \u00ebsht\u00eb pron\u00ebsi intelektuale\u00a0 e<span style=\"color: #0000ff;\"><a style=\"color: #0000ff;\" href=\"http:\/\/voxnews.al\"> Voxnews.al<\/a><\/span><\/span><\/strong><\/p>\n","protected":false,"gt_translate_keys":[{"key":"rendered","format":"html"}]},"excerpt":{"rendered":"<p>P\u00ebr rreth dy or\u00eb, Altin Dumani prezantoi para K\u00ebshillit t\u00eb Lart\u00eb t\u00eb Prokuroris\u00eb pun\u00ebn e SPAK-ut p\u00ebrgjat\u00eb vitit t\u00eb kaluar, si dhe iu p\u00ebrgjigj pyetjeve t\u00eb an\u00ebtar\u00ebve t\u00eb k\u00ebshillit mbi problematikat e hasura gjat\u00eb hetimeve dhe gjykimeve t\u00eb dosjeve n\u00eb gjykat\u00eb. Mes shqet\u00ebsimeve q\u00eb ngrit\u00ebn an\u00ebtar\u00ebt e KLP-s\u00eb ishte edhe shqet\u00ebsimi i shprehur nga shoq\u00ebria [&hellip;]<\/p>\n","protected":false,"gt_translate_keys":[{"key":"rendered","format":"html"}]},"author":4,"featured_media":665814,"comment_status":"closed","ping_status":"open","sticky":false,"template":"","format":"standard","meta":{"footnotes":""},"categories":[22],"tags":[],"class_list":["post-665812","post","type-post","status-publish","format-standard","has-post-thumbnail","hentry","category-ballina"],"gt_translate_keys":[{"key":"link","format":"url"}],"_links":{"self":[{"href":"https:\/\/www.hashtag.al\/index.php\/wp-json\/wp\/v2\/posts\/665812","targetHints":{"allow":["GET"]}}],"collection":[{"href":"https:\/\/www.hashtag.al\/index.php\/wp-json\/wp\/v2\/posts"}],"about":[{"href":"https:\/\/www.hashtag.al\/index.php\/wp-json\/wp\/v2\/types\/post"}],"author":[{"embeddable":true,"href":"https:\/\/www.hashtag.al\/index.php\/wp-json\/wp\/v2\/users\/4"}],"replies":[{"embeddable":true,"href":"https:\/\/www.hashtag.al\/index.php\/wp-json\/wp\/v2\/comments?post=665812"}],"version-history":[{"count":0,"href":"https:\/\/www.hashtag.al\/index.php\/wp-json\/wp\/v2\/posts\/665812\/revisions"}],"wp:featuredmedia":[{"embeddable":true,"href":"https:\/\/www.hashtag.al\/index.php\/wp-json\/wp\/v2\/media\/665814"}],"wp:attachment":[{"href":"https:\/\/www.hashtag.al\/index.php\/wp-json\/wp\/v2\/media?parent=665812"}],"wp:term":[{"taxonomy":"category","embeddable":true,"href":"https:\/\/www.hashtag.al\/index.php\/wp-json\/wp\/v2\/categories?post=665812"},{"taxonomy":"post_tag","embeddable":true,"href":"https:\/\/www.hashtag.al\/index.php\/wp-json\/wp\/v2\/tags?post=665812"}],"curies":[{"name":"wp","href":"https:\/\/api.w.org\/{rel}","templated":true}]}}