{"id":665561,"date":"2024-04-03T17:46:47","date_gmt":"2024-04-03T15:46:47","guid":{"rendered":"https:\/\/www.hashtag.al\/?p=665561"},"modified":"2024-04-03T17:46:47","modified_gmt":"2024-04-03T15:46:47","slug":"realist-apo-shenja-inferioriteti-basha-shanset-per-qeveri-teknike-zero-nuk-jemi-ne-gjendje-ta-imponojme-ramen","status":"publish","type":"post","link":"https:\/\/www.hashtag.al\/index.php\/2024\/04\/03\/realist-apo-shenja-inferioriteti-basha-shanset-per-qeveri-teknike-zero-nuk-jemi-ne-gjendje-ta-imponojme-ramen\/","title":{"rendered":"Realist apo shenja inferioriteti? Basha: Shanset p\u00ebr qeveri teknike zero, nuk jemi n\u00eb gjendje ta imponojm\u00eb Ram\u00ebn","gt_translate_keys":[{"key":"rendered","format":"text"}]},"content":{"rendered":"<p><span style=\"color: #000000;\"><a style=\"color: #000000;\" href=\"https:\/\/www.hashtag.al\/wp-content\/uploads\/2024\/04\/basha-1-768x433-1.jpg\"><img loading=\"lazy\" decoding=\"async\" class=\"aligncenter size-full wp-image-665555\" src=\"https:\/\/www.hashtag.al\/wp-content\/uploads\/2024\/04\/basha-1-768x433-1.jpg\" alt=\"\" width=\"768\" height=\"433\" srcset=\"https:\/\/www.hashtag.al\/wp-content\/uploads\/2024\/04\/basha-1-768x433-1.jpg 768w, https:\/\/www.hashtag.al\/wp-content\/uploads\/2024\/04\/basha-1-768x433-1-300x169.jpg 300w\" sizes=\"auto, (max-width: 768px) 100vw, 768px\" \/><\/a><\/span><\/p>\n<p><span style=\"color: #000000;\">Ndryshe nga Rithemelimi, Lulzim Basha nuk mendon se qeveria teknike mund t\u2019i jepet nga shumica socialiste p\u00ebrpara zgjedhjeve parlamentare 2025.<\/span><\/p>\n<p><span style=\"color: #000000;\">N\u00eb nj\u00eb deklarat\u00eb p\u00ebr shtyp Basha tha se nuk duhet t\u00eb mbahen shqiptar\u00ebt me g\u00ebnjeshtra duke iu referuar thirrjeve dhe k\u00ebrkesave t\u00eb Rithemelimit p\u00ebr qeveri teknike.<\/span><\/p>\n<p><span style=\"color: #000000;\">Basha theksoi se shanset q\u00eb Rama t\u00eb pranoj\u00eb qeveri teknike jan\u00eb zero dhe sipas tij opozita nuk \u00ebsht\u00eb n\u00eb gjendje t\u00eb imponojn\u00eb nj\u00eb gj\u00eb t\u00eb till\u00eb.<\/span><\/p>\n<p><span style=\"color: #000000;\">\u201c<em>Shqiptar\u00ebt nuk duhet t\u2019i mbajm\u00eb me g\u00ebnjeshtra. Mund\u00ebsia q\u00eb Rama t\u00eb pranoj\u00eb nj\u00eb qeveri teknike \u00ebsht\u00eb zero. Nuk jemi n\u00eb gjendje t\u00eb imponojm\u00eb nj\u00eb qeveri teknike, fatkeq\u00ebsisht ky \u00ebsht\u00eb nj\u00eb iluzion dhe b\u00ebhet p\u00ebr t\u00eb hequr mendjen nga nj\u00eb gj\u00eb m\u00eb e madhe<\/em>\u201d-deklaroi Basha.<\/span><\/p>\n","protected":false,"gt_translate_keys":[{"key":"rendered","format":"html"}]},"excerpt":{"rendered":"<p>Ndryshe nga Rithemelimi, Lulzim Basha nuk mendon se qeveria teknike mund t\u2019i jepet nga shumica socialiste p\u00ebrpara zgjedhjeve parlamentare 2025. N\u00eb nj\u00eb deklarat\u00eb p\u00ebr shtyp Basha tha se nuk duhet t\u00eb mbahen shqiptar\u00ebt me g\u00ebnjeshtra duke iu referuar thirrjeve dhe k\u00ebrkesave t\u00eb Rithemelimit p\u00ebr qeveri teknike. Basha theksoi se shanset q\u00eb Rama t\u00eb pranoj\u00eb qeveri [&hellip;]<\/p>\n","protected":false,"gt_translate_keys":[{"key":"rendered","format":"html"}]},"author":32,"featured_media":665555,"comment_status":"closed","ping_status":"open","sticky":false,"template":"","format":"standard","meta":{"footnotes":""},"categories":[65,13],"tags":[],"class_list":["post-665561","post","type-post","status-publish","format-standard","has-post-thumbnail","hentry","category-lajme","category-te-fundit"],"gt_translate_keys":[{"key":"link","format":"url"}],"_links":{"self":[{"href":"https:\/\/www.hashtag.al\/index.php\/wp-json\/wp\/v2\/posts\/665561","targetHints":{"allow":["GET"]}}],"collection":[{"href":"https:\/\/www.hashtag.al\/index.php\/wp-json\/wp\/v2\/posts"}],"about":[{"href":"https:\/\/www.hashtag.al\/index.php\/wp-json\/wp\/v2\/types\/post"}],"author":[{"embeddable":true,"href":"https:\/\/www.hashtag.al\/index.php\/wp-json\/wp\/v2\/users\/32"}],"replies":[{"embeddable":true,"href":"https:\/\/www.hashtag.al\/index.php\/wp-json\/wp\/v2\/comments?post=665561"}],"version-history":[{"count":0,"href":"https:\/\/www.hashtag.al\/index.php\/wp-json\/wp\/v2\/posts\/665561\/revisions"}],"wp:featuredmedia":[{"embeddable":true,"href":"https:\/\/www.hashtag.al\/index.php\/wp-json\/wp\/v2\/media\/665555"}],"wp:attachment":[{"href":"https:\/\/www.hashtag.al\/index.php\/wp-json\/wp\/v2\/media?parent=665561"}],"wp:term":[{"taxonomy":"category","embeddable":true,"href":"https:\/\/www.hashtag.al\/index.php\/wp-json\/wp\/v2\/categories?post=665561"},{"taxonomy":"post_tag","embeddable":true,"href":"https:\/\/www.hashtag.al\/index.php\/wp-json\/wp\/v2\/tags?post=665561"}],"curies":[{"name":"wp","href":"https:\/\/api.w.org\/{rel}","templated":true}]}}