{"id":665466,"date":"2024-04-03T12:34:41","date_gmt":"2024-04-03T10:34:41","guid":{"rendered":"https:\/\/www.hashtag.al\/?p=665466"},"modified":"2024-04-03T12:41:41","modified_gmt":"2024-04-03T10:41:41","slug":"i-denuar-me-burg-perjete-pasi-vrau-motren-dhe-kunatin-arrestohet-shqiptari-ne-itali","status":"publish","type":"post","link":"https:\/\/www.hashtag.al\/index.php\/2024\/04\/03\/i-denuar-me-burg-perjete-pasi-vrau-motren-dhe-kunatin-arrestohet-shqiptari-ne-itali\/","title":{"rendered":"I d\u00ebnuar me burg p\u00ebrjet\u00eb pasi vrau motr\u00ebn dhe kunatin, arrestohet shqiptari n\u00eb Itali","gt_translate_keys":[{"key":"rendered","format":"text"}]},"content":{"rendered":"<p><img loading=\"lazy\" decoding=\"async\" class=\"size-full wp-image-665468 aligncenter\" src=\"https:\/\/www.hashtag.al\/wp-content\/uploads\/2024\/04\/ekstradim.jpg\" alt=\"\" width=\"827\" height=\"445\" srcset=\"https:\/\/www.hashtag.al\/wp-content\/uploads\/2024\/04\/ekstradim.jpg 827w, https:\/\/www.hashtag.al\/wp-content\/uploads\/2024\/04\/ekstradim-300x161.jpg 300w, https:\/\/www.hashtag.al\/wp-content\/uploads\/2024\/04\/ekstradim-768x413.jpg 768w\" sizes=\"auto, (max-width: 827px) 100vw, 827px\" \/><\/p>\n<p><span style=\"font-weight: 400; color: #000000;\">Nj\u00eb 55-vje\u00e7ar shqiptar \u00ebsht\u00eb arrestuar n\u00eb Itali, me q\u00ebllim ekstradimin drejt Shqip\u00ebris\u00eb, pasi rezulton i d\u00ebnuar me burg p\u00ebrjet\u00eb p\u00ebr vrasjen e kunatit dhe motr\u00ebs s\u00eb tij.<\/span><\/p>\n<p><span style=\"font-weight: 400; color: #000000;\">Ngjarja n\u00eb fjal\u00eb ndodhi n\u00eb vitin 1997, n\u00eb Rubik. Burime zyrtare nga policia b\u00ebn\u00eb me dije se pas hekurave ra Gjovalin Lesi, i cili akuzohet p\u00ebr veprat penale \u201cVrasja me paramendim\u201d dhe \u201cMbajtja pa leje dhe prodhimi i arm\u00ebve, arm\u00ebve shp\u00ebrthyese dhe i municionit\u201d.<\/span><\/p>\n<p><span style=\"color: #000000;\"><b>NJOFTIMI I POLICISE<\/b><\/span><\/p>\n<p><span style=\"color: #000000;\"><i><span style=\"font-weight: 400;\">\u201cI d\u00ebnuar me burgim t\u00eb p\u00ebrjetsh\u00ebm p\u00ebr vrasje t\u00eb dyfisht\u00eb, kapet dhe vihet n\u00eb pranga nj\u00eb 55-vje\u00e7ar, n\u00eb kuad\u00ebr t\u00eb operacionit policor nd\u00ebrkomb\u00ebtar t\u00eb koduar \u201cVerdikti\u201d. Operacioni, rezultat i informacionit t\u00eb siguruar nga Departamenti i Policis\u00eb Kriminale n\u00eb Policin\u00eb e Shtetit dhe t\u00eb shk\u00ebmbyer me Policin\u00eb e Materas, Itali, me koordinimin e Zyr\u00ebs s\u00eb Interforc\u00ebs Italiane, Zyr\u00ebs s\u00eb Ekspert\u00ebve Italian\u00eb t\u00eb Siguris\u00eb, n\u00eb Shqip\u00ebri, dhe Sh\u00ebrbimit p\u00ebr Bashk\u00ebpunim Nd\u00ebrkomb\u00ebtar Policor \u2013 Divizioni i 2-t\u00eb, Rom\u00eb.<\/span><\/i><\/span><\/p>\n<p><span style=\"color: #000000;\"><i><span style=\"font-weight: 400;\">I ndaluari n\u00eb Matera, n\u00eb vitin 1997, n\u00eb Rubik, vrau me kallashnikov, pas nj\u00eb konflikti p\u00ebr motive t\u00eb dob\u00ebta, kunatin dhe motr\u00ebn e tij.<\/span><\/i><\/span><\/p>\n<p><span style=\"color: #000000;\"><i><span style=\"font-weight: 400;\">N\u00eb vijim t\u00eb operacioneve nd\u00ebrkomb\u00ebtare, t\u00eb finalizuara si rezultat i bashk\u00ebpunimit shum\u00eb t\u00eb mir\u00eb me partner\u00ebt, me objektiv lokalizimin, arrestimin dhe ekstradimin e shtetasve t\u00eb shpallur n\u00eb k\u00ebrkim nd\u00ebrkomb\u00ebtar, n\u00eb Matera, Itali, si rezultat i shk\u00ebmbimit t\u00eb menj\u00ebhersh\u00ebm t\u00eb informacioneve t\u00eb siguruara nga Departamenti i Policis\u00eb Kriminale n\u00eb DPPSH, me Policin\u00eb e Materas, shk\u00ebmbim i kryer me koordinimin e Zyr\u00ebs s\u00eb Interforc\u00ebs Italiane, Zyr\u00ebs s\u00eb Ekspert\u00ebve Italian\u00eb t\u00eb Siguris\u00eb, n\u00eb Shqip\u00ebri, dhe Sh\u00ebrbimit p\u00ebr Bashk\u00ebpunim Nd\u00ebrkomb\u00ebtar Policor \u2013 Divizioni i 2-t\u00eb, Rom\u00eb, u finalizua operacioni policor i koduar \u201cVerdikti\u201d.<\/span><\/i><\/span><\/p>\n<p><span style=\"color: #000000;\"><i><span style=\"font-weight: 400;\">Gjat\u00eb k\u00ebtij operacioni, u lokalizua dhe u arrestua me q\u00ebllim esktradimin n\u00eb Shqip\u00ebri, shtetasi i shum\u00ebk\u00ebrkuar nd\u00ebrkomb\u00ebtarisht Gjovalin Lesi, 55 vje\u00e7, i lindur n\u00eb Rubik.<\/span><\/i><\/span><\/p>\n<p><span style=\"color: #000000;\"><i><span style=\"font-weight: 400;\">Gjykata e Mirdit\u00ebs, n\u00eb vitin 1998, e ka d\u00ebnuar shtetasin Gjovalin Lesi, me burgim t\u00eb p\u00ebrjetsh\u00ebm, p\u00ebr veprat penale \u201cVrasja me paramendim\u201d dhe \u201cMbajtja pa leje dhe prodhimi i arm\u00ebve, arm\u00ebve shp\u00ebrthyese dhe i municionit\u201d. M\u00eb dat\u00eb 21.10.1997, n\u00eb Rubik, pas nj\u00eb konflikti p\u00ebr motive t\u00eb dob\u00ebta, ai ka vrar\u00eb m\u00eb arm\u00eb zjarri kallashnikov, kunatin dhe motr\u00ebn e tij, p\u00ebrkat\u00ebsisht shtetasit A. Gj. dhe M. Gj.. Vijon bashk\u00ebpunimi p\u00ebr t\u00eb kryer ekstradimin e 55-vje\u00e7arit, n\u00eb Shqip\u00ebri\u201d.<\/span><\/i><\/span><\/p>\n","protected":false,"gt_translate_keys":[{"key":"rendered","format":"html"}]},"excerpt":{"rendered":"<p>Nj\u00eb 55-vje\u00e7ar shqiptar \u00ebsht\u00eb arrestuar n\u00eb Itali, me q\u00ebllim ekstradimin drejt Shqip\u00ebris\u00eb, pasi rezulton i d\u00ebnuar me burg p\u00ebrjet\u00eb p\u00ebr vrasjen e kunatit dhe motr\u00ebs s\u00eb tij. Ngjarja n\u00eb fjal\u00eb ndodhi n\u00eb vitin 1997, n\u00eb Rubik. Burime zyrtare nga policia b\u00ebn\u00eb me dije se pas hekurave ra Gjovalin Lesi, i cili akuzohet p\u00ebr veprat penale [&hellip;]<\/p>\n","protected":false,"gt_translate_keys":[{"key":"rendered","format":"html"}]},"author":4,"featured_media":665468,"comment_status":"closed","ping_status":"open","sticky":false,"template":"","format":"standard","meta":{"footnotes":""},"categories":[65],"tags":[],"class_list":["post-665466","post","type-post","status-publish","format-standard","has-post-thumbnail","hentry","category-lajme"],"gt_translate_keys":[{"key":"link","format":"url"}],"_links":{"self":[{"href":"https:\/\/www.hashtag.al\/index.php\/wp-json\/wp\/v2\/posts\/665466","targetHints":{"allow":["GET"]}}],"collection":[{"href":"https:\/\/www.hashtag.al\/index.php\/wp-json\/wp\/v2\/posts"}],"about":[{"href":"https:\/\/www.hashtag.al\/index.php\/wp-json\/wp\/v2\/types\/post"}],"author":[{"embeddable":true,"href":"https:\/\/www.hashtag.al\/index.php\/wp-json\/wp\/v2\/users\/4"}],"replies":[{"embeddable":true,"href":"https:\/\/www.hashtag.al\/index.php\/wp-json\/wp\/v2\/comments?post=665466"}],"version-history":[{"count":0,"href":"https:\/\/www.hashtag.al\/index.php\/wp-json\/wp\/v2\/posts\/665466\/revisions"}],"wp:featuredmedia":[{"embeddable":true,"href":"https:\/\/www.hashtag.al\/index.php\/wp-json\/wp\/v2\/media\/665468"}],"wp:attachment":[{"href":"https:\/\/www.hashtag.al\/index.php\/wp-json\/wp\/v2\/media?parent=665466"}],"wp:term":[{"taxonomy":"category","embeddable":true,"href":"https:\/\/www.hashtag.al\/index.php\/wp-json\/wp\/v2\/categories?post=665466"},{"taxonomy":"post_tag","embeddable":true,"href":"https:\/\/www.hashtag.al\/index.php\/wp-json\/wp\/v2\/tags?post=665466"}],"curies":[{"name":"wp","href":"https:\/\/api.w.org\/{rel}","templated":true}]}}