{"id":665031,"date":"2024-04-01T18:24:45","date_gmt":"2024-04-01T16:24:45","guid":{"rendered":"https:\/\/www.hashtag.al\/?p=665031"},"modified":"2024-04-01T18:24:45","modified_gmt":"2024-04-01T16:24:45","slug":"zedhenesja-e-pd-se-se-bashes-ne-maj-gati-listat-e-kandidateve-per-deputet","status":"publish","type":"post","link":"https:\/\/www.hashtag.al\/index.php\/2024\/04\/01\/zedhenesja-e-pd-se-se-bashes-ne-maj-gati-listat-e-kandidateve-per-deputet\/","title":{"rendered":"Z\u00ebdh\u00ebn\u00ebsja e PD-s\u00eb s\u00eb Bash\u00ebs: N\u00eb maj gati listat e kandidat\u00ebve p\u00ebr deputet","gt_translate_keys":[{"key":"rendered","format":"text"}]},"content":{"rendered":"<p><img loading=\"lazy\" decoding=\"async\" class=\"aligncenter size-full wp-image-665032\" src=\"https:\/\/www.hashtag.al\/wp-content\/uploads\/2024\/04\/karabina.jpg\" alt=\"\" width=\"780\" height=\"440\" srcset=\"https:\/\/www.hashtag.al\/wp-content\/uploads\/2024\/04\/karabina.jpg 780w, https:\/\/www.hashtag.al\/wp-content\/uploads\/2024\/04\/karabina-300x169.jpg 300w, https:\/\/www.hashtag.al\/wp-content\/uploads\/2024\/04\/karabina-768x433.jpg 768w\" sizes=\"auto, (max-width: 780px) 100vw, 780px\" \/><\/p>\n<p><span style=\"color: #000000;\">Z\u00ebdh\u00ebn\u00ebsja e PD-s\u00eb s\u00eb Bash\u00ebs, ka deklaruar se n\u00eb fillim t\u00eb majit do jet\u00eb gati lista e deputet\u00ebve p\u00ebr zgjedhjet e p\u00ebrgjithshme t\u00eb vitit 2025. <\/span><\/p>\n<p><span style=\"color: #000000;\">N\u00eb nj\u00eb deklarat\u00eb p\u00ebr Report Tv, Mirela Karabina tha se PD-ja ka qen\u00eb n\u00eb proces organizimi dhe se lista do b\u00ebhet e njohur n\u00eb Kuvendin e partis\u00eb n\u00eb maj.<\/span><\/p>\n<p><span style=\"color: #000000;\"><em>\u201cKemi qen\u00eb n\u00eb nj\u00eb proces organizmi. Kishim menduar se do t\u00eb p\u00ebrfundonte m\u00eb shpejt. Partia ka qen\u00eb n\u00eb nj\u00eb agresion t\u00eb brendsh\u00ebm. P\u00ebrgjat\u00eb k\u00ebsaj periudh\u00eb pas 9 shtatorit procesi ka zgjatur pasi nuk jemi nxituar t\u00eb b\u00ebjm\u00eb zgjedhje formale. Por t\u00eb zgjedhim njer\u00ebz me integritet, q\u00ebndrestar\u00ebt. K\u00ebshtu q\u00eb zgjati procesi. <\/em><\/span><\/p>\n<p><span style=\"color: #000000;\"><em>Strukturat kryesin\u00eb e PD-s\u00eb t\u00eb deg\u00ebve n\u00eb mbar\u00eb Shqip\u00ebrin\u00eb do t\u00eb ken\u00eb propozimet e tyre p\u00ebr kandidat\u00ebt e ardhsh\u00ebm. Brenda muajit dhe n\u00eb Kuvendin q\u00eb do t\u00eb mbahet n\u00eb maj, do jet\u00eb patjet\u00ebr lista e kandidat\u00ebve. Nj\u00eb pjes\u00eb nga kryesia e deg\u00ebve dhe nj\u00eb pjes\u00eb tjet\u00ebr nga kryetari dhe do t\u00eb kalojn\u00eb p\u00ebr \u00a0miratim te kryesia e PD-s\u00eb. Forca e PD \u00ebsht\u00eb t\u00eb integriteti moral dhe profesional. \u00c7do kandidat do t\u2019i kaloj\u00eb ligjit t\u00eb dekriminalizimi dhe lustracionit.\u201d<\/em> &#8211; tha Karabina.<\/span><\/p>\n","protected":false,"gt_translate_keys":[{"key":"rendered","format":"html"}]},"excerpt":{"rendered":"<p>Z\u00ebdh\u00ebn\u00ebsja e PD-s\u00eb s\u00eb Bash\u00ebs, ka deklaruar se n\u00eb fillim t\u00eb majit do jet\u00eb gati lista e deputet\u00ebve p\u00ebr zgjedhjet e p\u00ebrgjithshme t\u00eb vitit 2025. N\u00eb nj\u00eb deklarat\u00eb p\u00ebr Report Tv, Mirela Karabina tha se PD-ja ka qen\u00eb n\u00eb proces organizimi dhe se lista do b\u00ebhet e njohur n\u00eb Kuvendin e partis\u00eb n\u00eb maj. \u201cKemi [&hellip;]<\/p>\n","protected":false,"gt_translate_keys":[{"key":"rendered","format":"html"}]},"author":51,"featured_media":665032,"comment_status":"closed","ping_status":"open","sticky":false,"template":"","format":"standard","meta":{"footnotes":""},"categories":[65],"tags":[],"class_list":["post-665031","post","type-post","status-publish","format-standard","has-post-thumbnail","hentry","category-lajme"],"gt_translate_keys":[{"key":"link","format":"url"}],"_links":{"self":[{"href":"https:\/\/www.hashtag.al\/index.php\/wp-json\/wp\/v2\/posts\/665031","targetHints":{"allow":["GET"]}}],"collection":[{"href":"https:\/\/www.hashtag.al\/index.php\/wp-json\/wp\/v2\/posts"}],"about":[{"href":"https:\/\/www.hashtag.al\/index.php\/wp-json\/wp\/v2\/types\/post"}],"author":[{"embeddable":true,"href":"https:\/\/www.hashtag.al\/index.php\/wp-json\/wp\/v2\/users\/51"}],"replies":[{"embeddable":true,"href":"https:\/\/www.hashtag.al\/index.php\/wp-json\/wp\/v2\/comments?post=665031"}],"version-history":[{"count":0,"href":"https:\/\/www.hashtag.al\/index.php\/wp-json\/wp\/v2\/posts\/665031\/revisions"}],"wp:featuredmedia":[{"embeddable":true,"href":"https:\/\/www.hashtag.al\/index.php\/wp-json\/wp\/v2\/media\/665032"}],"wp:attachment":[{"href":"https:\/\/www.hashtag.al\/index.php\/wp-json\/wp\/v2\/media?parent=665031"}],"wp:term":[{"taxonomy":"category","embeddable":true,"href":"https:\/\/www.hashtag.al\/index.php\/wp-json\/wp\/v2\/categories?post=665031"},{"taxonomy":"post_tag","embeddable":true,"href":"https:\/\/www.hashtag.al\/index.php\/wp-json\/wp\/v2\/tags?post=665031"}],"curies":[{"name":"wp","href":"https:\/\/api.w.org\/{rel}","templated":true}]}}