{"id":664929,"date":"2024-04-01T11:03:38","date_gmt":"2024-04-01T09:03:38","guid":{"rendered":"https:\/\/www.hashtag.al\/?p=664929"},"modified":"2024-04-01T11:03:38","modified_gmt":"2024-04-01T09:03:38","slug":"15-vjetori-i-anetaresimit-ne-nato-tabaku-kjo-arritje-sduhet-te-na-vetekenaqe-jo-thjesht-anetar-por-partner","status":"publish","type":"post","link":"https:\/\/www.hashtag.al\/index.php\/2024\/04\/01\/15-vjetori-i-anetaresimit-ne-nato-tabaku-kjo-arritje-sduhet-te-na-vetekenaqe-jo-thjesht-anetar-por-partner\/","title":{"rendered":"15-vjetori i an\u00ebtar\u00ebsimit n\u00eb NATO, Tabaku: Kjo arritje s\u2019duhet t\u00eb na vet\u00ebk\u00ebnaq\u00eb, jo thjesht an\u00ebtar por partner","gt_translate_keys":[{"key":"rendered","format":"text"}]},"content":{"rendered":"<p style=\"text-align: left;\"><span style=\"color: #000000;\"><img loading=\"lazy\" decoding=\"async\" class=\"size-full wp-image-664931 aligncenter\" src=\"https:\/\/www.hashtag.al\/wp-content\/uploads\/2024\/04\/jorida-tabaku-593x350-1.jpg\" alt=\"\" width=\"593\" height=\"350\" srcset=\"https:\/\/www.hashtag.al\/wp-content\/uploads\/2024\/04\/jorida-tabaku-593x350-1.jpg 593w, https:\/\/www.hashtag.al\/wp-content\/uploads\/2024\/04\/jorida-tabaku-593x350-1-300x177.jpg 300w\" sizes=\"auto, (max-width: 593px) 100vw, 593px\" \/><\/span><\/p>\n<p style=\"text-align: left;\"><span style=\"color: #000000;\">Deputetja demokrate, Jorida Tabaku ka reaguar me an\u00eb t\u00eb nj\u00eb postimi n\u00eb \u201cX\u201d p\u00ebr 15-vjetorin e an\u00ebtar\u00ebsimit t\u00eb Shqip\u00ebris\u00eb n\u00eb NATO.<\/span><\/p>\n<p style=\"text-align: left;\"><span style=\"color: #000000;\">Tabaku shkruan se, nd\u00ebrsa festojm\u00eb k\u00ebt\u00eb dit\u00eb, le t\u00eb reflektojm\u00eb mbi rrug\u00ebn dhe fuqin\u00eb ton\u00eb.<\/span><\/p>\n<p style=\"text-align: left;\"><span style=\"color: #000000;\">Ajo shton se kjo arritje s\u2019duhet t\u00eb na vet\u00ebk\u00ebnaq\u00eb, por t\u00eb k\u00ebrkojm\u00eb m\u00eb shum\u00eb.<\/span><\/p>\n<p style=\"text-align: left;\"><span style=\"color: #000000;\"><em>\u201cNd\u00ebrsa festojm\u00eb 15 vjetorin e an\u00ebtar\u00ebsimit n\u00eb @NATO le t\u00eb reflektojm\u00eb mbi rrug\u00ebn &amp; fuqin\u00eb ton\u00eb. Kjo arritje s\u2019duhet t\u00eb na vet\u00ebk\u00ebnaq\u00eb por t\u00eb k\u00ebrkojm\u00eb m\u00eb shum\u00eb:jo thjesht an\u00ebtar por partner &amp; kontribues n\u00eb k\u00ebto koh\u00eb t\u00eb turbullta. Modernizimi FA&amp;roli rajonal duhet t\u00eb jet\u00eb prioritet.\u201d,<\/em> shkruan Tabaku.<\/span><\/p>\n","protected":false,"gt_translate_keys":[{"key":"rendered","format":"html"}]},"excerpt":{"rendered":"<p>Deputetja demokrate, Jorida Tabaku ka reaguar me an\u00eb t\u00eb nj\u00eb postimi n\u00eb \u201cX\u201d p\u00ebr 15-vjetorin e an\u00ebtar\u00ebsimit t\u00eb Shqip\u00ebris\u00eb n\u00eb NATO. Tabaku shkruan se, nd\u00ebrsa festojm\u00eb k\u00ebt\u00eb dit\u00eb, le t\u00eb reflektojm\u00eb mbi rrug\u00ebn dhe fuqin\u00eb ton\u00eb. Ajo shton se kjo arritje s\u2019duhet t\u00eb na vet\u00ebk\u00ebnaq\u00eb, por t\u00eb k\u00ebrkojm\u00eb m\u00eb shum\u00eb. \u201cNd\u00ebrsa festojm\u00eb 15 vjetorin e [&hellip;]<\/p>\n","protected":false,"gt_translate_keys":[{"key":"rendered","format":"html"}]},"author":4,"featured_media":664931,"comment_status":"closed","ping_status":"open","sticky":false,"template":"","format":"standard","meta":{"footnotes":""},"categories":[65],"tags":[],"class_list":["post-664929","post","type-post","status-publish","format-standard","has-post-thumbnail","hentry","category-lajme"],"gt_translate_keys":[{"key":"link","format":"url"}],"_links":{"self":[{"href":"https:\/\/www.hashtag.al\/index.php\/wp-json\/wp\/v2\/posts\/664929","targetHints":{"allow":["GET"]}}],"collection":[{"href":"https:\/\/www.hashtag.al\/index.php\/wp-json\/wp\/v2\/posts"}],"about":[{"href":"https:\/\/www.hashtag.al\/index.php\/wp-json\/wp\/v2\/types\/post"}],"author":[{"embeddable":true,"href":"https:\/\/www.hashtag.al\/index.php\/wp-json\/wp\/v2\/users\/4"}],"replies":[{"embeddable":true,"href":"https:\/\/www.hashtag.al\/index.php\/wp-json\/wp\/v2\/comments?post=664929"}],"version-history":[{"count":0,"href":"https:\/\/www.hashtag.al\/index.php\/wp-json\/wp\/v2\/posts\/664929\/revisions"}],"wp:featuredmedia":[{"embeddable":true,"href":"https:\/\/www.hashtag.al\/index.php\/wp-json\/wp\/v2\/media\/664931"}],"wp:attachment":[{"href":"https:\/\/www.hashtag.al\/index.php\/wp-json\/wp\/v2\/media?parent=664929"}],"wp:term":[{"taxonomy":"category","embeddable":true,"href":"https:\/\/www.hashtag.al\/index.php\/wp-json\/wp\/v2\/categories?post=664929"},{"taxonomy":"post_tag","embeddable":true,"href":"https:\/\/www.hashtag.al\/index.php\/wp-json\/wp\/v2\/tags?post=664929"}],"curies":[{"name":"wp","href":"https:\/\/api.w.org\/{rel}","templated":true}]}}