{"id":664890,"date":"2024-04-01T08:45:42","date_gmt":"2024-04-01T06:45:42","guid":{"rendered":"https:\/\/www.hashtag.al\/?p=664890"},"modified":"2024-04-01T08:45:42","modified_gmt":"2024-04-01T06:45:42","slug":"gjermania-legalizon-kanabisin-nga-1-prilli-hyjne-ne-fuqi-ligjet-e-reja","status":"publish","type":"post","link":"https:\/\/www.hashtag.al\/index.php\/2024\/04\/01\/gjermania-legalizon-kanabisin-nga-1-prilli-hyjne-ne-fuqi-ligjet-e-reja\/","title":{"rendered":"Gjermania legalizon kanabisin, nga 1 prilli hyjn\u00eb n\u00eb fuqi ligjet e reja","gt_translate_keys":[{"key":"rendered","format":"text"}]},"content":{"rendered":"<p style=\"text-align: left;\"><span style=\"color: #000000;\"><img loading=\"lazy\" decoding=\"async\" class=\"size-full wp-image-664891 aligncenter\" src=\"https:\/\/www.hashtag.al\/wp-content\/uploads\/2024\/04\/Screenshot-2024-04-01-081542.png\" alt=\"\" width=\"869\" height=\"474\" srcset=\"https:\/\/www.hashtag.al\/wp-content\/uploads\/2024\/04\/Screenshot-2024-04-01-081542.png 869w, https:\/\/www.hashtag.al\/wp-content\/uploads\/2024\/04\/Screenshot-2024-04-01-081542-300x164.png 300w, https:\/\/www.hashtag.al\/wp-content\/uploads\/2024\/04\/Screenshot-2024-04-01-081542-768x419.png 768w\" sizes=\"auto, (max-width: 869px) 100vw, 869px\" \/><\/span><\/p>\n<p style=\"text-align: left;\"><span style=\"color: #000000;\">\u201c<em>Moshat mbi 18 vje\u00e7 tani mund t\u00eb mbajn\u00eb deri n\u00eb 25 gram kanabis t\u00eb thar\u00eb dhe t\u00eb kultivojn\u00eb deri n\u00eb tre bim\u00eb n\u00eb sht\u00ebpi\u201d,<\/em> shkruan <span style=\"color: #0000ff;\"><strong><a style=\"color: #0000ff;\" href=\"https:\/\/www.theguardian.com\/world\/2024\/apr\/01\/germany-legal-cannabis-weed-laws-personal-use\">The Guardian<\/a><\/strong><\/span>. Ky vendim \u00ebsht\u00eb marr\u00eb pasi n\u00eb Gjermani kan\u00eb hyr\u00eb n\u00eb fuqi ligjet e reja. Q\u00eb nga 1 prilli, t\u00eb rriturit n\u00eb Gjermani\u00a0lejohen t\u00eb mbajn\u00eb deri n\u00eb 25 gr kanabis t\u00eb thar\u00eb.<\/span><\/p>\n<p style=\"text-align: left;\"><span style=\"color: #000000;\">Ligjet e reja u shoq\u00ebruan me nj\u00eb debat t\u00eb fort\u00eb p\u00ebr t\u00eb mirat dhe t\u00eb k\u00ebqijat q\u00eb mund t\u00eb sjell\u00eb ky vendim. Sipas qeveris\u00eb ky vendim do t\u00eb godas\u00eb tregun e fshehur dhe do t\u00eb zvog\u00ebloj\u00eb p\u00ebrhapjen e kanabisit t\u00eb kontaminuar, duke mbrojtur k\u00ebshtu t\u00eb rinjt\u00eb.<\/span><\/p>\n<p style=\"text-align: left;\"><span style=\"color: #000000;\">Por nga ana tjet\u00ebr ka pasur kritika p\u00ebr ndikimin e mundsh\u00ebm te t\u00eb rinjt\u00eb. Konsumimi i kanabisit nga kushdo n\u00ebn 18 vje\u00e7 do t\u00eb vazhdoj\u00eb t\u00eb jet\u00eb i paligjsh\u00ebm.<\/span><\/p>\n<p style=\"text-align: left;\"><span style=\"color: #000000;\">Legjislacioni i ri ka gjithashtu disa masa mbrojt\u00ebse p\u00ebr t\u00eb mbrojtur t\u00eb rinjt\u00eb, duke p\u00ebrfshir\u00eb ndalimin e pirjes s\u00eb duhanit t\u00eb kanabisit brenda 100 metrave nga nj\u00eb shkoll\u00eb, kopsht f\u00ebmij\u00ebsh, shesh loj\u00ebrash ose qendre sportive.<\/span><\/p>\n<p style=\"text-align: left;\"><span style=\"color: #000000;\">Ministri i sh\u00ebndet\u00ebsis\u00eb i Gjermanis\u00eb, Karl Lauterbach, ka premtuar nj\u00eb fushat\u00eb t\u00eb madhe p\u00ebr t\u00eb edukuar t\u00eb rinjt\u00eb p\u00ebr rreziqet sh\u00ebndet\u00ebsore dhe p\u00ebr t\u00eb nxitur programet parandaluese t\u00eb keqp\u00ebrdorimi.<\/span><\/p>\n","protected":false,"gt_translate_keys":[{"key":"rendered","format":"html"}]},"excerpt":{"rendered":"<p>\u201cMoshat mbi 18 vje\u00e7 tani mund t\u00eb mbajn\u00eb deri n\u00eb 25 gram kanabis t\u00eb thar\u00eb dhe t\u00eb kultivojn\u00eb deri n\u00eb tre bim\u00eb n\u00eb sht\u00ebpi\u201d, shkruan The Guardian. Ky vendim \u00ebsht\u00eb marr\u00eb pasi n\u00eb Gjermani kan\u00eb hyr\u00eb n\u00eb fuqi ligjet e reja. Q\u00eb nga 1 prilli, t\u00eb rriturit n\u00eb Gjermani\u00a0lejohen t\u00eb mbajn\u00eb deri n\u00eb 25 gr [&hellip;]<\/p>\n","protected":false,"gt_translate_keys":[{"key":"rendered","format":"html"}]},"author":4,"featured_media":664891,"comment_status":"closed","ping_status":"open","sticky":false,"template":"","format":"standard","meta":{"footnotes":""},"categories":[6],"tags":[],"class_list":["post-664890","post","type-post","status-publish","format-standard","has-post-thumbnail","hentry","category-nderkombetare"],"gt_translate_keys":[{"key":"link","format":"url"}],"_links":{"self":[{"href":"https:\/\/www.hashtag.al\/index.php\/wp-json\/wp\/v2\/posts\/664890","targetHints":{"allow":["GET"]}}],"collection":[{"href":"https:\/\/www.hashtag.al\/index.php\/wp-json\/wp\/v2\/posts"}],"about":[{"href":"https:\/\/www.hashtag.al\/index.php\/wp-json\/wp\/v2\/types\/post"}],"author":[{"embeddable":true,"href":"https:\/\/www.hashtag.al\/index.php\/wp-json\/wp\/v2\/users\/4"}],"replies":[{"embeddable":true,"href":"https:\/\/www.hashtag.al\/index.php\/wp-json\/wp\/v2\/comments?post=664890"}],"version-history":[{"count":0,"href":"https:\/\/www.hashtag.al\/index.php\/wp-json\/wp\/v2\/posts\/664890\/revisions"}],"wp:featuredmedia":[{"embeddable":true,"href":"https:\/\/www.hashtag.al\/index.php\/wp-json\/wp\/v2\/media\/664891"}],"wp:attachment":[{"href":"https:\/\/www.hashtag.al\/index.php\/wp-json\/wp\/v2\/media?parent=664890"}],"wp:term":[{"taxonomy":"category","embeddable":true,"href":"https:\/\/www.hashtag.al\/index.php\/wp-json\/wp\/v2\/categories?post=664890"},{"taxonomy":"post_tag","embeddable":true,"href":"https:\/\/www.hashtag.al\/index.php\/wp-json\/wp\/v2\/tags?post=664890"}],"curies":[{"name":"wp","href":"https:\/\/api.w.org\/{rel}","templated":true}]}}