{"id":664853,"date":"2024-03-31T21:43:48","date_gmt":"2024-03-31T19:43:48","guid":{"rendered":"https:\/\/www.hashtag.al\/?p=664853"},"modified":"2024-03-31T21:43:48","modified_gmt":"2024-03-31T19:43:48","slug":"izraelitet-dalin-ne-proteste-kunder-qeverise-me-e-madhja-qe-nga-fillimi-i-luftes","status":"publish","type":"post","link":"https:\/\/www.hashtag.al\/index.php\/2024\/03\/31\/izraelitet-dalin-ne-proteste-kunder-qeverise-me-e-madhja-qe-nga-fillimi-i-luftes\/","title":{"rendered":"Izraelit\u00ebt dalin n\u00eb protest\u00eb kund\u00ebr qeveris\u00eb, m\u00eb e madhja q\u00eb nga fillimi i luft\u00ebs","gt_translate_keys":[{"key":"rendered","format":"text"}]},"content":{"rendered":"<p><img loading=\"lazy\" decoding=\"async\" class=\"size-full wp-image-664854 aligncenter\" src=\"https:\/\/www.hashtag.al\/wp-content\/uploads\/2024\/03\/5457878.jpg\" alt=\"\" width=\"911\" height=\"548\" srcset=\"https:\/\/www.hashtag.al\/wp-content\/uploads\/2024\/03\/5457878.jpg 911w, https:\/\/www.hashtag.al\/wp-content\/uploads\/2024\/03\/5457878-300x180.jpg 300w, https:\/\/www.hashtag.al\/wp-content\/uploads\/2024\/03\/5457878-768x462.jpg 768w\" sizes=\"auto, (max-width: 911px) 100vw, 911px\" \/><\/p>\n<p><span style=\"font-weight: 400; color: #000000;\">Dhjet\u00ebra-mij\u00ebra izraelit\u00eb dol\u00ebn para parlamentit n\u00eb Jeruzalem t\u00eb diel\u00ebn, n\u00eb protest\u00ebn m\u00eb masive antiqeveritare q\u00eb kur filloi lufta n\u00eb tetor.<\/span><\/p>\n<p><span style=\"font-weight: 400; color: #000000;\">Ata i k\u00ebrkuan qeveris\u00eb t\u00eb arrij\u00eb nj\u00eb marr\u00ebveshje p\u00ebr t\u00eb liruar dhjet\u00ebra pengjet e mbajtura nga Hamasi n\u00eb Gaz\u00eb dhe t\u00eb mbaj\u00eb zgjedhje t\u00eb parakohshme.<\/span><\/p>\n<p><span style=\"font-weight: 400; color: #000000;\">Gjasht\u00eb muaj luft\u00eb kan\u00eb thelluyar ndasit\u00eb n\u00eb shoq\u00ebrin\u00eb izraelite. Grupi militant Hamas vrau rreth 1200 vet\u00eb gjat\u00eb sulmit t\u00eb 7 tetorit dhe mori peng 250 t\u00eb tjer\u00eb. Afro gjysma e pengjeve u liruan gjat\u00eb nj\u00eb arm\u00ebpushimi t\u00eb p\u00ebrkohsh\u00ebm nj\u00ebjavor n\u00eb n\u00ebntor, por p\u00ebrpjekjet e vazhdueshme t\u00eb nd\u00ebrmjet\u00ebsve nd\u00ebrkomb\u00ebtar\u00eb p\u00ebr t\u00eb siguruar nj\u00eb marr\u00ebveshje tjet\u00ebr arm\u00ebpushimi, kan\u00eb d\u00ebshtuar.<\/span><\/p>\n<p><span style=\"font-weight: 400; color: #000000;\">Kryeministri Benjamin Netanjahu \u00ebsht\u00eb zotuar ta shkat\u00ebrroj\u00eb Hamasin dhe t\u00eb kthej\u00eb t\u00eb gjitha pengjet. <\/span><\/p>\n<p><span style=\"color: #000000;\"><span style=\"font-weight: 400;\">Por k\u00ebto synime nuk jan\u00eb realizuar dhe <\/span><span style=\"font-weight: 400;\">familjet e pengjeve druhen se nuk ka mbetur shum\u00eb koh\u00eb p\u00ebr t\u2019i shp\u00ebtuar ata.<\/span><\/span><\/p>\n<p><span style=\"color: #000000;\"><i><span style=\"font-weight: 400;\">&#8220;Pas gjasht\u00eb muajsh, duket se qeveria po e kupton q\u00eb Bibi Netanjahu \u00ebsht\u00eb b\u00ebr\u00eb penges\u00eb,&#8221; <\/span><\/i><span style=\"font-weight: 400;\">thot\u00eb protestuesi Einav Moses, vjehrri i t\u00eb cilit, Gadi Moses, mbahet peng.<\/span><\/span><\/p>\n<p><span style=\"color: #000000;\"><i><span style=\"font-weight: 400;\">&#8220;Duket sikur ai nuk do v\u00ebrtet q\u00eb t&#8217;i kthej\u00eb ata, se kan\u00eb d\u00ebshtuar n\u00eb k\u00ebt\u00eb mision.&#8221;<\/span><\/i><\/span><\/p>\n<p><span style=\"font-weight: 400; color: #000000;\">Organizator\u00ebt u zotuan se do t\u00eb vazhdojn\u00eb demonstratat. Ata i k\u00ebrkuan qeveris\u00eb t\u00eb shpall\u00eb zgjedhje t\u00eb parakoh\u00ebshme, rreth dy vjet p\u00ebrpara afatit. Zoti Netanjahu, n\u00eb nj\u00eb fjalim televiziv para kombit p\u00ebrpara se t&#8217;i n\u00ebnshtrohej nj\u00eb operacioni p\u00ebr hernien diskale t\u00eb diel\u00ebn, tha se e kuptonte dhimbjen e familjeve t\u00eb pengjeve.<\/span><\/p>\n<p><span style=\"color: #000000;\"><i><span style=\"font-weight: 400;\">&#8220;Do t\u00eb b\u00ebj gjith\u00e7ka p\u00ebr t\u00eb sjell\u00eb pengjet n\u00eb sht\u00ebpi,&#8221; <\/span><\/i><span style=\"font-weight: 400;\">tha ai. Ai shtoi se thirrja e zgjedhjeve t\u00eb reja do t\u00eb paralizonte Izraelin p\u00ebr gjasht\u00eb deri n\u00eb tet\u00eb muaj dhe do t\u00eb paralizonte bisedimet p\u00ebr pengjet.<\/span><\/span><\/p>\n<p><span style=\"font-weight: 400; color: #000000;\">Kryeministri izraelit p\u00ebrs\u00ebriti gjithashtu zotimin e tij p\u00ebr nj\u00eb ofensiv\u00eb ushtarake tok\u00ebsore n\u00eb Rafah, qyteti jugor i Gaz\u00ebs ku strehohet m\u00eb shum\u00eb se gjysma e popullsis\u00eb prej 2.3 milion\u00eb banor\u00ebsh t\u00eb territorit.<\/span><\/p>\n<p><span style=\"color: #000000;\"><i><span style=\"font-weight: 400;\">&#8220;Nuk ka fitore pa shkuar n\u00eb Rafah,&#8221; <\/span><\/i><span style=\"font-weight: 400;\">tha ai. Ushtria ka th\u00ebn\u00eb se batalionet e Hamasit vazhdojn\u00eb t\u00eb jen\u00eb n\u00eb at\u00eb qytet.<\/span><\/span><\/p>\n<p><span style=\"font-weight: 400; color: #000000;\">Aleat\u00ebt dhe grupet humanitare kan\u00eb paralajm\u00ebruar se nj\u00eb ofensiv\u00eb nga toka n\u00eb Rafah, do t\u00eb ishte katastrof\u00eb.<\/span><\/p>\n<p><span style=\"color: #000000;\"><span style=\"font-weight: 400;\"><span style=\"color: #ff0000;\">VINI RE:<\/span> Ky material \u00ebsht\u00eb pron\u00ebsi intelektuale e <\/span><span style=\"color: #0000ff;\"><a style=\"color: #0000ff;\" href=\"https:\/\/www.zeriamerikes.com\/a\/7550933.html\"><span style=\"font-weight: 400;\">VOA<\/span><\/a><\/span><\/span><\/p>\n","protected":false,"gt_translate_keys":[{"key":"rendered","format":"html"}]},"excerpt":{"rendered":"<p>Dhjet\u00ebra-mij\u00ebra izraelit\u00eb dol\u00ebn para parlamentit n\u00eb Jeruzalem t\u00eb diel\u00ebn, n\u00eb protest\u00ebn m\u00eb masive antiqeveritare q\u00eb kur filloi lufta n\u00eb tetor. Ata i k\u00ebrkuan qeveris\u00eb t\u00eb arrij\u00eb nj\u00eb marr\u00ebveshje p\u00ebr t\u00eb liruar dhjet\u00ebra pengjet e mbajtura nga Hamasi n\u00eb Gaz\u00eb dhe t\u00eb mbaj\u00eb zgjedhje t\u00eb parakohshme. Gjasht\u00eb muaj luft\u00eb kan\u00eb thelluyar ndasit\u00eb n\u00eb shoq\u00ebrin\u00eb izraelite. Grupi [&hellip;]<\/p>\n","protected":false,"gt_translate_keys":[{"key":"rendered","format":"html"}]},"author":4,"featured_media":664854,"comment_status":"closed","ping_status":"open","sticky":false,"template":"","format":"standard","meta":{"footnotes":""},"categories":[6],"tags":[],"class_list":["post-664853","post","type-post","status-publish","format-standard","has-post-thumbnail","hentry","category-nderkombetare"],"gt_translate_keys":[{"key":"link","format":"url"}],"_links":{"self":[{"href":"https:\/\/www.hashtag.al\/index.php\/wp-json\/wp\/v2\/posts\/664853","targetHints":{"allow":["GET"]}}],"collection":[{"href":"https:\/\/www.hashtag.al\/index.php\/wp-json\/wp\/v2\/posts"}],"about":[{"href":"https:\/\/www.hashtag.al\/index.php\/wp-json\/wp\/v2\/types\/post"}],"author":[{"embeddable":true,"href":"https:\/\/www.hashtag.al\/index.php\/wp-json\/wp\/v2\/users\/4"}],"replies":[{"embeddable":true,"href":"https:\/\/www.hashtag.al\/index.php\/wp-json\/wp\/v2\/comments?post=664853"}],"version-history":[{"count":0,"href":"https:\/\/www.hashtag.al\/index.php\/wp-json\/wp\/v2\/posts\/664853\/revisions"}],"wp:featuredmedia":[{"embeddable":true,"href":"https:\/\/www.hashtag.al\/index.php\/wp-json\/wp\/v2\/media\/664854"}],"wp:attachment":[{"href":"https:\/\/www.hashtag.al\/index.php\/wp-json\/wp\/v2\/media?parent=664853"}],"wp:term":[{"taxonomy":"category","embeddable":true,"href":"https:\/\/www.hashtag.al\/index.php\/wp-json\/wp\/v2\/categories?post=664853"},{"taxonomy":"post_tag","embeddable":true,"href":"https:\/\/www.hashtag.al\/index.php\/wp-json\/wp\/v2\/tags?post=664853"}],"curies":[{"name":"wp","href":"https:\/\/api.w.org\/{rel}","templated":true}]}}