{"id":664820,"date":"2024-03-31T18:30:46","date_gmt":"2024-03-31T16:30:46","guid":{"rendered":"https:\/\/www.hashtag.al\/?p=664820"},"modified":"2024-04-19T22:02:37","modified_gmt":"2024-04-19T20:02:37","slug":"bullgaria-dhe-rumania-i-bashkohen-zones-shengen","status":"publish","type":"post","link":"https:\/\/www.hashtag.al\/index.php\/2024\/03\/31\/bullgaria-dhe-rumania-i-bashkohen-zones-shengen\/","title":{"rendered":"Bullgaria dhe Rumania i bashkohen zon\u00ebs Shengen","gt_translate_keys":[{"key":"rendered","format":"text"}]},"content":{"rendered":"<p><img loading=\"lazy\" decoding=\"async\" class=\"size-full wp-image-664821 aligncenter\" src=\"https:\/\/www.hashtag.al\/wp-content\/uploads\/2024\/03\/thumbs_b_c_21851d512c19dbefa63d8502249a97df-1.webp\" alt=\"\" width=\"864\" height=\"486\" srcset=\"https:\/\/www.hashtag.al\/wp-content\/uploads\/2024\/03\/thumbs_b_c_21851d512c19dbefa63d8502249a97df-1.webp 864w, https:\/\/www.hashtag.al\/wp-content\/uploads\/2024\/03\/thumbs_b_c_21851d512c19dbefa63d8502249a97df-1-300x169.webp 300w, https:\/\/www.hashtag.al\/wp-content\/uploads\/2024\/03\/thumbs_b_c_21851d512c19dbefa63d8502249a97df-1-768x432.webp 768w\" sizes=\"auto, (max-width: 864px) 100vw, 864px\" \/><\/p>\n<p><span style=\"font-weight: 400; color: #000000;\">Bullgaria dhe Rumania i jan\u00eb bashkuar zon\u00ebs s\u00eb udh\u00ebtimit pa viza t\u00eb BE-s\u00eb, e njohur si zona Shengen.<\/span><\/p>\n<p><span style=\"font-weight: 400; color: #000000;\">Presidentja e Komisionit t\u00eb BE-s\u00eb, Ursula von der Leyen, njoftoi se q\u00eb nga sot Bullgaria dhe Rumania i jan\u00eb bashkuar Shengenit, me heqjen e kontrolleve kufitare ajrore dhe detare.<\/span><\/p>\n<p><span style=\"color: #000000;\"><i><span style=\"font-weight: 400;\">&#8220;Ky \u00ebsht\u00eb nj\u00eb sukses i madh p\u00ebr njer\u00ebzit e t\u00eb dy vendeve. Kjo gjithashtu sjell p\u00ebrfitime p\u00ebr miliona qytetar\u00eb t\u00eb BE-s\u00eb n\u00eb t\u00eb gjith\u00eb Evrop\u00ebn&#8221;,<\/span><\/i><span style=\"font-weight: 400;\"> shkroi Leyen n\u00eb X.<\/span><\/span><\/p>\n<p><span style=\"font-weight: 400; color: #000000;\">Ylva Johansson, komisionerja e BE-s\u00eb p\u00ebr pun\u00ebt e brendshme, tha se hapi tjet\u00ebr do t\u00eb jet\u00eb heqja e kontrolleve n\u00eb kufijt\u00eb tok\u00ebsor\u00eb t\u00eb vendeve, t\u00eb cilat do t\u00eb diskutohen mes vendeve an\u00ebtare gjat\u00eb k\u00ebtij viti.<\/span><\/p>\n<p><span style=\"color: #000000;\"><span style=\"font-weight: 400;\">N\u00eb nj\u00eb deklarat\u00eb, Komisioni Evropian gjithashtu p\u00ebrsh\u00ebndeti vendimin, duke theksuar: <\/span><i><span style=\"font-weight: 400;\">&#8220;Aderimi n\u00eb Shengen i k\u00ebtyre dy vendeve an\u00ebtare do ta b\u00ebj\u00eb zon\u00ebn e p\u00ebrbashk\u00ebt m\u00eb t\u00ebrheq\u00ebse duke zgjeruar ndjesh\u00ebm zon\u00ebn m\u00eb t\u00eb madhe t\u00eb p\u00ebrbashk\u00ebt n\u00eb bot\u00eb pa kontrolle t\u00eb brendshme kufitare&#8221;.<\/span><\/i><\/span><\/p>\n<p><span style=\"font-weight: 400; color: #000000;\">Rumania dhe Bullgaria iu bashkuan Bashkimit Evropian n\u00eb vitin 2007.<\/span><\/p>\n<p><span style=\"font-weight: 400; color: #000000;\">N\u00eb vitin 2011, komisioni verifikoi p\u00ebrmes raporteve t\u00eb Vler\u00ebsimit t\u00eb Shengenit se t\u00eb dy vendet kishin p\u00ebrmbushur t\u00eb gjitha kriteret p\u00ebr integrim t\u00eb plot\u00eb n\u00eb zon\u00ebn Shengen.<\/span><\/p>\n<p><span style=\"color: #000000;\">P\u00ebr t&#8217;u bashkuar me Zon\u00ebn Shengen, vendet duhet t\u00eb plot\u00ebsojn\u00eb kriteret specifike t\u00eb p\u00ebrshkruara n\u00eb <span style=\"color: #0000ff;\"><a style=\"color: #0000ff;\" href=\"https:\/\/visaguide.world\/europe\/schengen-visa\/schengen-area-countries-list%20\/#criteria-for-joining-the-schengen-zone\">VisaGuide.world<\/a><\/span>.<\/span><\/p>\n<p><span style=\"color: #000000;\"> Kjo p\u00ebrfshin kontrollin e kufijve t\u00eb jasht\u00ebm, l\u00ebshimin e vizave uniforme Shengen, bashk\u00ebpunimin efektiv t\u00eb siguris\u00eb, pajtueshm\u00ebrin\u00eb me rregullat e Shengenit dhe lidhjen me Sistemin e Informacionit Shengen (SIS) dhe Sistemin e Informacionit t\u00eb Vizave (VIS).<\/span><\/p>\n<p><span style=\"color: #000000;\">An\u00ebtar\u00ebt e mundsh\u00ebm m\u00eb pas i n\u00ebnshtrohen nj\u00eb &#8220;vler\u00ebsimi Shengen&#8221; p\u00ebr t\u00eb vler\u00ebsuar gatishm\u00ebrin\u00eb e tyre.<\/span><\/p>\n<p><span style=\"font-weight: 400; color: #000000;\">25 nga 27 shtetet an\u00ebtare t\u00eb BE-s\u00eb jan\u00eb tani an\u00ebtar\u00eb t\u00eb zon\u00ebs Shengen, s\u00eb bashku me kat\u00ebr an\u00ebtar\u00eb jo t\u00eb BE-s\u00eb: Islanda, Lihtenshtajni, Norvegjia dhe Zvicra.<\/span><\/p>\n<p><span style=\"font-weight: 400; color: #000000;\">Qiproja greke dhe Irlanda jan\u00eb t\u00eb vetmet an\u00ebtar\u00eb t\u00eb BE-s\u00eb jasht\u00eb zon\u00ebs Shengen.<\/span><\/p>\n<p><span style=\"color: #000000;\"><span style=\"font-weight: 400;\"><span style=\"color: #ff0000;\">VINI RE:<\/span> Ky material \u00ebsht\u00eb pron\u00ebsi intelektuale e <\/span><span style=\"color: #0000ff;\"><a style=\"color: #0000ff;\" href=\"https:\/\/www.aa.com.tr\/sq\/ballkani\/bullgaria-dhe-rumania-i-bashkohen-zon%c3%abs-shengen\/3179848\"><span style=\"font-weight: 400;\">AA<\/span><\/a><\/span><\/span><\/p>\n","protected":false,"gt_translate_keys":[{"key":"rendered","format":"html"}]},"excerpt":{"rendered":"<p>Bullgaria dhe Rumania i jan\u00eb bashkuar zon\u00ebs s\u00eb udh\u00ebtimit pa viza t\u00eb BE-s\u00eb, e njohur si zona Shengen. Presidentja e Komisionit t\u00eb BE-s\u00eb, Ursula von der Leyen, njoftoi se q\u00eb nga sot Bullgaria dhe Rumania i jan\u00eb bashkuar Shengenit, me heqjen e kontrolleve kufitare ajrore dhe detare. &#8220;Ky \u00ebsht\u00eb nj\u00eb sukses i madh p\u00ebr njer\u00ebzit [&hellip;]<\/p>\n","protected":false,"gt_translate_keys":[{"key":"rendered","format":"html"}]},"author":4,"featured_media":664821,"comment_status":"closed","ping_status":"open","sticky":false,"template":"","format":"standard","meta":{"footnotes":""},"categories":[6],"tags":[],"class_list":["post-664820","post","type-post","status-publish","format-standard","has-post-thumbnail","hentry","category-nderkombetare"],"gt_translate_keys":[{"key":"link","format":"url"}],"_links":{"self":[{"href":"https:\/\/www.hashtag.al\/index.php\/wp-json\/wp\/v2\/posts\/664820","targetHints":{"allow":["GET"]}}],"collection":[{"href":"https:\/\/www.hashtag.al\/index.php\/wp-json\/wp\/v2\/posts"}],"about":[{"href":"https:\/\/www.hashtag.al\/index.php\/wp-json\/wp\/v2\/types\/post"}],"author":[{"embeddable":true,"href":"https:\/\/www.hashtag.al\/index.php\/wp-json\/wp\/v2\/users\/4"}],"replies":[{"embeddable":true,"href":"https:\/\/www.hashtag.al\/index.php\/wp-json\/wp\/v2\/comments?post=664820"}],"version-history":[{"count":0,"href":"https:\/\/www.hashtag.al\/index.php\/wp-json\/wp\/v2\/posts\/664820\/revisions"}],"wp:featuredmedia":[{"embeddable":true,"href":"https:\/\/www.hashtag.al\/index.php\/wp-json\/wp\/v2\/media\/664821"}],"wp:attachment":[{"href":"https:\/\/www.hashtag.al\/index.php\/wp-json\/wp\/v2\/media?parent=664820"}],"wp:term":[{"taxonomy":"category","embeddable":true,"href":"https:\/\/www.hashtag.al\/index.php\/wp-json\/wp\/v2\/categories?post=664820"},{"taxonomy":"post_tag","embeddable":true,"href":"https:\/\/www.hashtag.al\/index.php\/wp-json\/wp\/v2\/tags?post=664820"}],"curies":[{"name":"wp","href":"https:\/\/api.w.org\/{rel}","templated":true}]}}