{"id":664680,"date":"2024-03-30T19:17:58","date_gmt":"2024-03-30T18:17:58","guid":{"rendered":"https:\/\/www.hashtag.al\/?p=664680"},"modified":"2024-03-30T20:02:12","modified_gmt":"2024-03-30T19:02:12","slug":"meta-takon-babane-e-fredi-belerit-djali-iu-rrembye-nga-banda-ne-pushtet","status":"publish","type":"post","link":"https:\/\/www.hashtag.al\/index.php\/2024\/03\/30\/meta-takon-babane-e-fredi-belerit-djali-iu-rrembye-nga-banda-ne-pushtet\/","title":{"rendered":"Ilir Meta takon baban\u00eb e Fredi Belerit: Himara do ja tregoj\u00eb vendin zaptues\u00ebve","gt_translate_keys":[{"key":"rendered","format":"text"}]},"content":{"rendered":"<p style=\"text-align: left;\"><span style=\"color: #000000;\"><img loading=\"lazy\" decoding=\"async\" class=\"size-full wp-image-664681 aligncenter\" src=\"https:\/\/www.hashtag.al\/wp-content\/uploads\/2024\/03\/Meta-Himare1-768x420-1.jpg\" alt=\"\" width=\"768\" height=\"420\" srcset=\"https:\/\/www.hashtag.al\/wp-content\/uploads\/2024\/03\/Meta-Himare1-768x420-1.jpg 768w, https:\/\/www.hashtag.al\/wp-content\/uploads\/2024\/03\/Meta-Himare1-768x420-1-300x164.jpg 300w\" sizes=\"auto, (max-width: 768px) 100vw, 768px\" \/><\/span><\/p>\n<p style=\"text-align: left;\"><span style=\"color: #000000;\">Kryetari i Partis\u00eb s\u00eb Liris\u00eb Ilir Meta ka takuar n\u00eb Himar\u00eb baban\u00eb e Fredi Belerit, Petro Belerin.<\/span><\/p>\n<p style=\"text-align: left;\"><span style=\"color: #000000;\">Meta shprehet se djali i Petro Belerit, kandidati fitues Fredi Beleri u rr\u00ebmbye nga banda n\u00eb pushtet, me q\u00ebllim grabitjen e pronave t\u00eb himariot\u00ebve.<\/span><\/p>\n<p style=\"text-align: left;\"><span style=\"color: #000000;\"><strong>Postimi i kreut t\u00eb PL, Ilir Meta:<\/strong><\/span><\/p>\n<p style=\"text-align: left;\"><span style=\"color: #000000;\">Jam sot n\u00eb Himar\u00eb, pran\u00eb Petro Belerit, babait t\u00eb t\u00eb rr\u00ebmbyerit politik nga banda n\u00eb pushtet, q\u00eb e ka rr\u00ebmbyer pik\u00ebrisht p\u00ebr t\u00eb rr\u00ebmbyer pronat e himariot\u00ebve n\u00eb m\u00ebnyr\u00eb q\u00eb t\u00eb pastrohen parat\u00eb e drog\u00ebs dhe krimit t\u00eb organizuar.<\/span><\/p>\n<p style=\"text-align: left;\"><span style=\"color: #000000;\">Himara do ja tregoj\u00eb vendin edhe nga burgu, regjimit t\u00eb pengmarr\u00ebsve dhe do t\u2019ua tregojn\u00eb gjithmon\u00eb si\u00e7 ja u ka treguar osman\u00ebve nj\u00ebher\u00eb e nj\u00eb koh\u00eb dhe si\u00e7 ja u ka t\u00eb gjith\u00eb pushtuesve dhe zaptuesve.<\/span><\/p>\n<p style=\"text-align: left;\"><span style=\"color: #000000;\">Nga e h\u00ebna do b\u00ebj k\u00ebrkes\u00ebn p\u00ebr t\u00eb vizituar t\u00eb rr\u00ebmbyerin politik n\u00eb nj\u00eb vend an\u00ebtar t\u00eb NATO-s, n\u00eb nj\u00eb vend q\u00eb synon t\u00eb \u00e7el\u00eb negociatat me Bashkimin Europian dhe t\u00eb an\u00ebtar\u00ebsohet, n\u00eb nj\u00eb vend ku mbret\u00ebron arbitrariteti dhe jo vullneti i qytetar\u00ebve dhe demokracia.<\/span><\/p>\n<p style=\"text-align: left;\"><span style=\"color: #000000;\">P\u00ebrsh\u00ebndetje t\u00eb gjith\u00eb himariot\u00ebve trima dhe guximtar\u00eb q\u00eb u kan\u00eb dh\u00ebn\u00eb shembull t\u00eb gjith\u00eb shqiptar\u00ebve se si duhet sfiduar ky regjim grabit\u00ebs dhe intimidues.<\/span><\/p>\n<p style=\"text-align: left;\"><iframe loading=\"lazy\" style=\"border: none; overflow: hidden;\" src=\"https:\/\/www.facebook.com\/plugins\/video.php?height=316&amp;href=https%3A%2F%2Fwww.facebook.com%2Filirmetazyrtar%2Fvideos%2F1151153995878460%2F&amp;show_text=false&amp;width=560&amp;t=0\" width=\"560\" height=\"316\" frameborder=\"0\" scrolling=\"no\" allowfullscreen=\"allowfullscreen\"><\/iframe><\/p>\n","protected":false,"gt_translate_keys":[{"key":"rendered","format":"html"}]},"excerpt":{"rendered":"<p>Kryetari i Partis\u00eb s\u00eb Liris\u00eb Ilir Meta ka takuar n\u00eb Himar\u00eb baban\u00eb e Fredi Belerit, Petro Belerin. Meta shprehet se djali i Petro Belerit, kandidati fitues Fredi Beleri u rr\u00ebmbye nga banda n\u00eb pushtet, me q\u00ebllim grabitjen e pronave t\u00eb himariot\u00ebve. Postimi i kreut t\u00eb PL, Ilir Meta: Jam sot n\u00eb Himar\u00eb, pran\u00eb Petro Belerit, [&hellip;]<\/p>\n","protected":false,"gt_translate_keys":[{"key":"rendered","format":"html"}]},"author":4,"featured_media":664681,"comment_status":"closed","ping_status":"open","sticky":false,"template":"","format":"standard","meta":{"footnotes":""},"categories":[65],"tags":[],"class_list":["post-664680","post","type-post","status-publish","format-standard","has-post-thumbnail","hentry","category-lajme"],"gt_translate_keys":[{"key":"link","format":"url"}],"_links":{"self":[{"href":"https:\/\/www.hashtag.al\/index.php\/wp-json\/wp\/v2\/posts\/664680","targetHints":{"allow":["GET"]}}],"collection":[{"href":"https:\/\/www.hashtag.al\/index.php\/wp-json\/wp\/v2\/posts"}],"about":[{"href":"https:\/\/www.hashtag.al\/index.php\/wp-json\/wp\/v2\/types\/post"}],"author":[{"embeddable":true,"href":"https:\/\/www.hashtag.al\/index.php\/wp-json\/wp\/v2\/users\/4"}],"replies":[{"embeddable":true,"href":"https:\/\/www.hashtag.al\/index.php\/wp-json\/wp\/v2\/comments?post=664680"}],"version-history":[{"count":0,"href":"https:\/\/www.hashtag.al\/index.php\/wp-json\/wp\/v2\/posts\/664680\/revisions"}],"wp:featuredmedia":[{"embeddable":true,"href":"https:\/\/www.hashtag.al\/index.php\/wp-json\/wp\/v2\/media\/664681"}],"wp:attachment":[{"href":"https:\/\/www.hashtag.al\/index.php\/wp-json\/wp\/v2\/media?parent=664680"}],"wp:term":[{"taxonomy":"category","embeddable":true,"href":"https:\/\/www.hashtag.al\/index.php\/wp-json\/wp\/v2\/categories?post=664680"},{"taxonomy":"post_tag","embeddable":true,"href":"https:\/\/www.hashtag.al\/index.php\/wp-json\/wp\/v2\/tags?post=664680"}],"curies":[{"name":"wp","href":"https:\/\/api.w.org\/{rel}","templated":true}]}}