{"id":664457,"date":"2024-03-29T14:10:18","date_gmt":"2024-03-29T13:10:18","guid":{"rendered":"https:\/\/www.hashtag.al\/?p=664457"},"modified":"2024-03-29T14:10:18","modified_gmt":"2024-03-29T13:10:18","slug":"ilir-meta-kallezim-ne-prokurorine-e-tiranes-persona-te-paidentifikuar-kane-vjedhur-hard-disk-ne-zyren-e-partise-se-lirise","status":"publish","type":"post","link":"https:\/\/www.hashtag.al\/index.php\/2024\/03\/29\/ilir-meta-kallezim-ne-prokurorine-e-tiranes-persona-te-paidentifikuar-kane-vjedhur-hard-disk-ne-zyren-e-partise-se-lirise\/","title":{"rendered":"Ilir Meta kall\u00ebzim n\u00eb Prokurorin\u00eb e Tiran\u00ebs: Persona t\u00eb paidentifikuar kan\u00eb vjedhur hard disk n\u00eb zyr\u00ebn e Partis\u00eb s\u00eb Liris\u00eb","gt_translate_keys":[{"key":"rendered","format":"text"}]},"content":{"rendered":"<p><img loading=\"lazy\" decoding=\"async\" class=\"size-full wp-image-664458 aligncenter\" src=\"https:\/\/www.hashtag.al\/wp-content\/uploads\/2024\/03\/1200-630-65e6e36799b34.jpg\" alt=\"\" width=\"1200\" height=\"630\" srcset=\"https:\/\/www.hashtag.al\/wp-content\/uploads\/2024\/03\/1200-630-65e6e36799b34.jpg 1200w, https:\/\/www.hashtag.al\/wp-content\/uploads\/2024\/03\/1200-630-65e6e36799b34-300x158.jpg 300w, https:\/\/www.hashtag.al\/wp-content\/uploads\/2024\/03\/1200-630-65e6e36799b34-1024x538.jpg 1024w, https:\/\/www.hashtag.al\/wp-content\/uploads\/2024\/03\/1200-630-65e6e36799b34-768x403.jpg 768w\" sizes=\"auto, (max-width: 1200px) 100vw, 1200px\" \/><\/p>\n<p><span style=\"font-weight: 400; color: #000000;\">Kreu i Partis\u00eb s\u00eb Liris\u00eb, Ilir Meta ka kryer nj\u00eb kall\u00ebzim n\u00eb Prokurorin\u00eb e Tiran\u00ebs, n\u00eb t\u00eb cilin denoncon se persona t\u00eb paidentifikuar kan\u00eb vjedhur nj\u00eb hard disc me materiale n\u00eb zyr\u00ebn e PL.<\/span><\/p>\n<p><span style=\"font-weight: 400; color: #000000;\">N\u00eb kall\u00ebzimin e Met\u00ebs, thuhet se disa persona jan\u00eb futur nat\u00ebn n\u00eb zyr\u00ebn e partis\u00eb q\u00eb ai drejton dhe k\u00ebn\u00eb vjedhur hard disc dhe e kan\u00eb z\u00ebvend\u00ebsuar at\u00eb me nj\u00eb tjet\u00ebr. K\u00ebshtu, sipas kall\u00ebzimit jan\u00eb vjedhur t\u00eb gjitha komunikimet elektronike.<\/span><\/p>\n<p><span style=\"color: #000000;\"><i><span style=\"font-weight: 400;\">&#8220;Si\u00e7 do t\u00eb konstatoni nga hetimi i faktit penal, objekt i k\u00ebtij kall\u00ebzimi, n\u00eb pajisjen DVR (hard disk) t\u00eb Partis\u00eb s\u00eb Liris\u00eb m\u00eb dat\u00ebn 06.03.2024 n\u00eb or\u00ebn 23:40:06 dhe me sh\u00ebnimin elektronik change working HDD to &lt;1&gt; v\u00ebrtetohet se persona t\u00eb paautorizuar kan\u00eb hyr\u00eb n\u00eb or\u00ebn e von\u00eb, sakt\u00ebsisht, n\u00eb godin\u00ebn e Partis\u00eb s\u00eb Liris\u00eb, duke qen\u00eb n\u00eb dijeni t\u00eb vendit t\u00eb \u00e7elsave, i kan\u00eb marr\u00eb ato dhe jan\u00eb ngjitur n\u00eb ambientin ku ndodhej pajisja DVR (hard disk), t\u00eb cilin sipas edhe sked\u00ebs elektronike bashk\u00eblidhur k\u00ebtij kall\u00ebzimi rezulton se \u00ebsht\u00eb nd\u00ebrruar.<\/span><\/i><\/span><\/p>\n<p><span style=\"color: #000000;\"><i><span style=\"font-weight: 400;\">\u00cbsht\u00eb marr\u00eb pajisja DVR (hard disk) ekzistues dhe \u00ebsht\u00eb vendosur nj\u00eb pajisje tjet\u00ebr DVR (hard disk). Fakti q\u00eb DVR (hard disk) \u00ebsht\u00eb nd\u00ebrruar dhe q\u00eb pajisja DVR (hard disk) e vendosur ka nj\u00eb kapacitet m\u00eb t\u00eb kufizuar, ka mund\u00ebsuar fikjen e kamerave nat\u00ebn. Ky fakt provohet jo vet\u00ebm nga informacioni elektronik i sked\u00ebs, por edhe nga kapacitetet e ndryshme t\u00eb pajisjeve DVR (hard disk).<\/span><\/i><\/span><\/p>\n<p><span style=\"color: #000000;\"><i><span style=\"font-weight: 400;\">N\u00eb k\u00ebto kushte, nga ana e personave t\u00eb paidentifikuar \u00ebsht\u00eb konsumuar vjedhja e rrjetit t\u00eb komunikimeve elektronike t\u00eb Partis\u00eb s\u00eb Liris\u00eb, parashikuar nga nenet 137\/a\/2. Duam t\u00eb sqarojm\u00eb organin procedues se k\u00ebta persona jo vet\u00ebm q\u00eb kan\u00eb qen\u00eb t\u00eb paautorizuar por kan\u00eb hyr\u00eb n\u00eb mesnat\u00eb n\u00eb selin\u00eb e Partis\u00eb s\u00eb Liris\u00eb n\u00eb rrethana q\u00eb nuk njihen nga ana jon\u00eb.<\/span><\/i><\/span><\/p>\n<p><span style=\"color: #000000;\"><i><span style=\"font-weight: 400;\">P\u00ebrve\u00e7 sa p\u00ebrshkruam m\u00eb lart nga ana jon\u00eb dhe stafi p\u00ebrkat\u00ebs jan\u00eb konstatuar lidhje, k\u00ebputje dhe d\u00ebmtime t\u00eb linjave kabllore, po nga persona t\u00eb paidentifikuar, n\u00eb koh\u00eb dhe si person, n\u00eb tarrac\u00ebn e godin\u00ebs s\u00eb Partis\u00eb s\u00eb Liris\u00eb, t\u00eb hyr\u00eb n\u00eb seli n\u00eb m\u00ebnyr\u00eb t\u00eb fsheht\u00eb.<\/span><\/i><\/span><\/p>\n<p><span style=\"color: #000000;\"><i><span style=\"font-weight: 400;\">Marrja e pajisjes DVR (hard disk) (nd\u00ebrrimi i tij) p\u00ebrb\u00ebn vjedhje jo vet\u00ebm n\u00eb kuptimin e pajisjes DVR (hard disk) si pajisje elektronike, por n\u00eb v\u00ebshtrim t\u00eb nenit 137\/a\/2 d\u0113mi par\u00ebsor dhe q\u00ebllimi i vjedhjes s\u00eb pajisjes DVR (hard disk) ka qen\u00eb vjedhja e rrjetit t\u00eb komunikimeve elektronike me t\u00eb Kjo vjedhje nga ana objektive rezulton se nuk mund t\u00eb kryhet nga nj\u00eb person i vet\u00ebm. Fakt t\u00eb cilin ju do ta konstatoni nga hetimi dhe kqyrja e vendit t\u00eb ngjarjes dhe n\u00eb lidhje me k\u00ebt\u00eb mekaniz\u00ebm kriminal, kualifikimi ligjor i vepr\u00ebs \u00ebsht\u00eb sipas paragrafit t\u00eb dyt\u00eb t\u00eb nenit 137\/a, pra n\u00eb bashk\u00ebpunim.<\/span><\/i><\/span><\/p>\n<p><span style=\"color: #000000;\"><i><span style=\"font-weight: 400;\">Po k\u00ebshtu \u00ebsht\u00eb konstatuar vjedhja e impulseve telefonike dhe nd\u00ebrhyrja n\u00eb k\u00ebt\u00eb rrjet nga persona t\u00eb paidentifikuar, gjoja p\u00ebr t\u00eb riparuar k\u00ebt\u00eb sistem. Ky konkluzion i yni derivon nga fakti q\u00eb n\u00eb muajt e fundit sistemi i brendsh\u00ebm telefonik, me t\u00eb cilin funksionon s\u00eb bashku edhe rrjeti elektronik, ka patur defekte t\u00eb nj\u00ebpasnj\u00ebshme. Edhe k\u00ebto veprime jan\u00eb kryer jo nga nj\u00eb person i vet\u00ebm dhe n\u00eb koh\u00eb t\u00eb ndryshme\u201d,<\/span><\/i><span style=\"font-weight: 400;\"> thuhet n\u00eb kall\u00ebzim.<\/span><\/span><\/p>\n<p><img decoding=\"async\" src=\"https:\/\/shqiptarja.com\/uploads\/1711716620_1.jpg\" \/><\/p>\n<p><img decoding=\"async\" src=\"https:\/\/shqiptarja.com\/uploads\/1711716620_2.jpg\" \/><\/p>\n<p><img decoding=\"async\" src=\"https:\/\/shqiptarja.com\/uploads\/1711716620_3.jpg\" \/><\/p>\n<p><img decoding=\"async\" src=\"https:\/\/shqiptarja.com\/uploads\/1711716620_4.jpg\" \/><\/p>\n<p><img decoding=\"async\" src=\"https:\/\/shqiptarja.com\/uploads\/1711716620_5.jpg\" \/><\/p>\n","protected":false,"gt_translate_keys":[{"key":"rendered","format":"html"}]},"excerpt":{"rendered":"<p>Kreu i Partis\u00eb s\u00eb Liris\u00eb, Ilir Meta ka kryer nj\u00eb kall\u00ebzim n\u00eb Prokurorin\u00eb e Tiran\u00ebs, n\u00eb t\u00eb cilin denoncon se persona t\u00eb paidentifikuar kan\u00eb vjedhur nj\u00eb hard disc me materiale n\u00eb zyr\u00ebn e PL. N\u00eb kall\u00ebzimin e Met\u00ebs, thuhet se disa persona jan\u00eb futur nat\u00ebn n\u00eb zyr\u00ebn e partis\u00eb q\u00eb ai drejton dhe k\u00ebn\u00eb vjedhur [&hellip;]<\/p>\n","protected":false,"gt_translate_keys":[{"key":"rendered","format":"html"}]},"author":4,"featured_media":664458,"comment_status":"closed","ping_status":"open","sticky":false,"template":"","format":"standard","meta":{"footnotes":""},"categories":[65],"tags":[],"class_list":["post-664457","post","type-post","status-publish","format-standard","has-post-thumbnail","hentry","category-lajme"],"gt_translate_keys":[{"key":"link","format":"url"}],"_links":{"self":[{"href":"https:\/\/www.hashtag.al\/index.php\/wp-json\/wp\/v2\/posts\/664457","targetHints":{"allow":["GET"]}}],"collection":[{"href":"https:\/\/www.hashtag.al\/index.php\/wp-json\/wp\/v2\/posts"}],"about":[{"href":"https:\/\/www.hashtag.al\/index.php\/wp-json\/wp\/v2\/types\/post"}],"author":[{"embeddable":true,"href":"https:\/\/www.hashtag.al\/index.php\/wp-json\/wp\/v2\/users\/4"}],"replies":[{"embeddable":true,"href":"https:\/\/www.hashtag.al\/index.php\/wp-json\/wp\/v2\/comments?post=664457"}],"version-history":[{"count":0,"href":"https:\/\/www.hashtag.al\/index.php\/wp-json\/wp\/v2\/posts\/664457\/revisions"}],"wp:featuredmedia":[{"embeddable":true,"href":"https:\/\/www.hashtag.al\/index.php\/wp-json\/wp\/v2\/media\/664458"}],"wp:attachment":[{"href":"https:\/\/www.hashtag.al\/index.php\/wp-json\/wp\/v2\/media?parent=664457"}],"wp:term":[{"taxonomy":"category","embeddable":true,"href":"https:\/\/www.hashtag.al\/index.php\/wp-json\/wp\/v2\/categories?post=664457"},{"taxonomy":"post_tag","embeddable":true,"href":"https:\/\/www.hashtag.al\/index.php\/wp-json\/wp\/v2\/tags?post=664457"}],"curies":[{"name":"wp","href":"https:\/\/api.w.org\/{rel}","templated":true}]}}