{"id":664441,"date":"2024-03-29T13:21:37","date_gmt":"2024-03-29T12:21:37","guid":{"rendered":"https:\/\/www.hashtag.al\/?p=664441"},"modified":"2024-03-29T13:21:37","modified_gmt":"2024-03-29T12:21:37","slug":"mbeshtetesi-i-belerit-e-peshtyu-reagon-vangjel-tavo-interesat-e-vogla-kane-marre-peng-komunitetin-himariot","status":"publish","type":"post","link":"https:\/\/www.hashtag.al\/index.php\/2024\/03\/29\/mbeshtetesi-i-belerit-e-peshtyu-reagon-vangjel-tavo-interesat-e-vogla-kane-marre-peng-komunitetin-himariot\/","title":{"rendered":"Mb\u00ebshtet\u00ebsi i Belerit e p\u00ebshtyu, reagon Vangjel Tavo: Interesat e vogla kan\u00eb marr\u00eb peng komunitetin himariot","gt_translate_keys":[{"key":"rendered","format":"text"}]},"content":{"rendered":"<p><img loading=\"lazy\" decoding=\"async\" class=\"size-full wp-image-664442 aligncenter\" src=\"https:\/\/www.hashtag.al\/wp-content\/uploads\/2024\/03\/Tavo1.jpg\" alt=\"\" width=\"1060\" height=\"478\" srcset=\"https:\/\/www.hashtag.al\/wp-content\/uploads\/2024\/03\/Tavo1.jpg 1060w, https:\/\/www.hashtag.al\/wp-content\/uploads\/2024\/03\/Tavo1-300x135.jpg 300w, https:\/\/www.hashtag.al\/wp-content\/uploads\/2024\/03\/Tavo1-1024x462.jpg 1024w, https:\/\/www.hashtag.al\/wp-content\/uploads\/2024\/03\/Tavo1-768x346.jpg 768w\" sizes=\"auto, (max-width: 1060px) 100vw, 1060px\" \/><\/p>\n<p><span style=\"font-weight: 400; color: #000000;\">Pas incidentit n\u00eb Bashkin\u00eb e Himar\u00ebs, ku nj\u00eb mb\u00ebshtet\u00ebs i Fredi Belerit ka p\u00ebshtyr\u00eb prefektin e Vlor\u00ebs Vangjel Tavo, ka reaguar ky i fundit. Tavo tha n\u00eb nj\u00eb deklarat\u00eb p\u00ebr mediat se interesat e vogla kan\u00eb marr\u00eb peng komunitetin himariot.<\/span><\/p>\n<p><span style=\"color: #000000;\"><i><span style=\"font-weight: 400;\">\u201cKjo \u00ebsht\u00eb nj\u00eb stuhi n\u00eb got\u00eb dhe si e till\u00eb do marr\u00eb fund shpejt\u201d,<\/span><\/i><span style=\"font-weight: 400;\"> ka th\u00ebn\u00eb ai.<\/span><\/span><\/p>\n<p><span style=\"font-weight: 400; color: #000000;\">Ai u ndal edhe tek hipotekimi i pronave n\u00eb Himar\u00eb.<\/span><\/p>\n<p><span style=\"color: #000000;\"><i><span style=\"font-weight: 400;\">\u201cN\u00eb lidhje me hipotekimin e pronave t\u00eb tyre, un\u00eb si prefekt, n\u00eb bashk\u00ebpunim me Agjencin\u00eb Shtet\u00ebrore t\u00eb Kadastr\u00ebs dhe pushtetin vendor, do t\u00eb fillojm\u00eb nga e marta t\u00eb gjith\u00eb procesin e pajisjes s\u00eb k\u00ebsaj bashkie me dokumentin hipotekor\u201d.<\/span><\/i><\/span><\/p>\n<p><span style=\"font-weight: 400; color: #000000;\">Un\u00eb si prefekt do zbatoj ligjin.\u00a0 Jam k\u00ebtu p\u00ebr t\u00eb pritur ccdo qytetar p\u00ebr shqet\u00ebsimin e tij dhe p\u00ebr t\u00eb zgjidhur shqet\u00ebsimet e pronave brenda \u00e7do kompetence q\u00eb ma jep ligji.<\/span><\/p>\n<p><span style=\"font-weight: 400; color: #000000;\">Un\u00eb di t\u00eb interpretoj ligjin dhe ligji thot\u00eb se \u00e7far\u00eb ndodh n\u00eb kushtet e krijuara. Himara nuk mund t\u00eb lihet pa u qeverisur dhe n\u00eb k\u00ebto kushte zbatojm\u00eb ligjin. Ligji e ka t\u00eb qart\u00eb se \u00e7far\u00eb ndodh n\u00eb k\u00ebto situata. K\u00ebtu nuk flitet me emocione politike por i referohemi ligjit\u201d, u shpreh Tavo.<\/span><\/p>\n<p><span style=\"font-weight: 400; color: #000000;\">Po ashtu, Tavo kishte edhe nj\u00eb mesazh p\u00ebr sezonin turistik.\u00a0<\/span><\/p>\n<p><span style=\"color: #000000;\"><i><span style=\"font-weight: 400;\">\u201cNga ana tjet\u00ebr jemi n\u00eb prag t\u00eb fillimit t\u00eb sezonit turistik, dhe t\u00eb fillojm\u00eb n\u00eb bashk\u00ebpunim me pushtetin vendor pun\u00ebn. Motivimi im \u00ebsht\u00eb bashkim\u201d bashk\u00ebpunim dhe pun\u00eb\u201d,<\/span><\/i><span style=\"font-weight: 400;\"> deklaroi Tavo.<\/span><\/span><\/p>\n<p><span style=\"font-weight: 400; color: #000000;\">Vangjel Tavo theksoi se n\u00eb Himar\u00eb do t\u00eb zbatohet ligji n\u00eb m\u00ebnyr\u00eb rigoroze.<\/span><\/p>\n","protected":false,"gt_translate_keys":[{"key":"rendered","format":"html"}]},"excerpt":{"rendered":"<p>Pas incidentit n\u00eb Bashkin\u00eb e Himar\u00ebs, ku nj\u00eb mb\u00ebshtet\u00ebs i Fredi Belerit ka p\u00ebshtyr\u00eb prefektin e Vlor\u00ebs Vangjel Tavo, ka reaguar ky i fundit. Tavo tha n\u00eb nj\u00eb deklarat\u00eb p\u00ebr mediat se interesat e vogla kan\u00eb marr\u00eb peng komunitetin himariot. \u201cKjo \u00ebsht\u00eb nj\u00eb stuhi n\u00eb got\u00eb dhe si e till\u00eb do marr\u00eb fund shpejt\u201d, ka [&hellip;]<\/p>\n","protected":false,"gt_translate_keys":[{"key":"rendered","format":"html"}]},"author":4,"featured_media":664442,"comment_status":"closed","ping_status":"open","sticky":false,"template":"","format":"standard","meta":{"footnotes":""},"categories":[65],"tags":[],"class_list":["post-664441","post","type-post","status-publish","format-standard","has-post-thumbnail","hentry","category-lajme"],"gt_translate_keys":[{"key":"link","format":"url"}],"_links":{"self":[{"href":"https:\/\/www.hashtag.al\/index.php\/wp-json\/wp\/v2\/posts\/664441","targetHints":{"allow":["GET"]}}],"collection":[{"href":"https:\/\/www.hashtag.al\/index.php\/wp-json\/wp\/v2\/posts"}],"about":[{"href":"https:\/\/www.hashtag.al\/index.php\/wp-json\/wp\/v2\/types\/post"}],"author":[{"embeddable":true,"href":"https:\/\/www.hashtag.al\/index.php\/wp-json\/wp\/v2\/users\/4"}],"replies":[{"embeddable":true,"href":"https:\/\/www.hashtag.al\/index.php\/wp-json\/wp\/v2\/comments?post=664441"}],"version-history":[{"count":0,"href":"https:\/\/www.hashtag.al\/index.php\/wp-json\/wp\/v2\/posts\/664441\/revisions"}],"wp:featuredmedia":[{"embeddable":true,"href":"https:\/\/www.hashtag.al\/index.php\/wp-json\/wp\/v2\/media\/664442"}],"wp:attachment":[{"href":"https:\/\/www.hashtag.al\/index.php\/wp-json\/wp\/v2\/media?parent=664441"}],"wp:term":[{"taxonomy":"category","embeddable":true,"href":"https:\/\/www.hashtag.al\/index.php\/wp-json\/wp\/v2\/categories?post=664441"},{"taxonomy":"post_tag","embeddable":true,"href":"https:\/\/www.hashtag.al\/index.php\/wp-json\/wp\/v2\/tags?post=664441"}],"curies":[{"name":"wp","href":"https:\/\/api.w.org\/{rel}","templated":true}]}}