{"id":664311,"date":"2024-03-28T22:13:38","date_gmt":"2024-03-28T21:13:38","guid":{"rendered":"https:\/\/www.hashtag.al\/?p=664311"},"modified":"2024-03-28T22:13:38","modified_gmt":"2024-03-28T21:13:38","slug":"bardhi-edi-rama-promovoi-dy-prokuroret-qe-hetuan-dosjen-xibraka","status":"publish","type":"post","link":"https:\/\/www.hashtag.al\/index.php\/2024\/03\/28\/bardhi-edi-rama-promovoi-dy-prokuroret-qe-hetuan-dosjen-xibraka\/","title":{"rendered":"Bardhi: Edi Rama promovoi dy prokuror\u00ebt q\u00eb hetuan dosjen \u201cXibraka\u201d","gt_translate_keys":[{"key":"rendered","format":"text"}]},"content":{"rendered":"<p><span style=\"color: #000000;\"><a style=\"color: #000000;\" href=\"https:\/\/www.hashtag.al\/wp-content\/uploads\/2024\/03\/gazment-bardhi.png\"><img loading=\"lazy\" decoding=\"async\" class=\"aligncenter size-full wp-image-664313\" src=\"https:\/\/www.hashtag.al\/wp-content\/uploads\/2024\/03\/gazment-bardhi.png\" alt=\"\" width=\"1117\" height=\"694\" srcset=\"https:\/\/www.hashtag.al\/wp-content\/uploads\/2024\/03\/gazment-bardhi.png 1117w, https:\/\/www.hashtag.al\/wp-content\/uploads\/2024\/03\/gazment-bardhi-300x186.png 300w, https:\/\/www.hashtag.al\/wp-content\/uploads\/2024\/03\/gazment-bardhi-1024x636.png 1024w, https:\/\/www.hashtag.al\/wp-content\/uploads\/2024\/03\/gazment-bardhi-768x477.png 768w\" sizes=\"auto, (max-width: 1117px) 100vw, 1117px\" \/><\/a><\/span><\/p>\n<p><span style=\"color: #000000;\">Kryetari i grupit Parlamentar t\u00eb Partis\u00eb Demokratike, Gazmend Bardhi, duke reaguar pas publikimit t\u00eb dokumenteve q\u00eb sipas tij implikojn\u00eb v\u00ebllain e Kryeministrit n\u00eb \u00e7\u00ebshtjen e Xibrak\u00ebs, theksoi se prokuror\u00ebt q\u00eb kan\u00eb hetuar dosjen jan\u00eb promovuar nga kryeministri Rama n\u00eb vitet pasardh\u00ebse.<\/span><\/p>\n<p><span style=\"color: #000000;\">Ai theksoi se prokuror\u00ebt q\u00eb kan\u00eb trajtuar \u00e7\u00ebshtjen e Xibrak\u00ebs dhe kan\u00eb mbuluar rolin e Olsi Ram\u00ebs jan\u00eb Olsian \u00c7ela dhe Edvin Kondili.<\/span><\/p>\n<p><span style=\"color: #000000;\">\u201c<em>Prokuror\u00ebt e dosjes s\u00eb Xibrak\u00ebs q\u00eb kishin p\u00ebr detyr\u00eb t\u00eb hetonin k\u00ebt\u00eb personin 45-vje\u00e7ar, nj\u00ebri me vot\u00eb t\u00eb Edi Ram\u00ebs \u00ebsht\u00eb b\u00ebr\u00eb Prokuror i P\u00ebrgjithsh\u00ebm i Republik\u00ebs s\u00eb Shqip\u00ebris\u00eb dhe prokurori tjet\u00ebr \u00ebsht\u00eb mb\u00ebshtetur n\u00eb nj\u00eb gar\u00eb ku Rama hyri n\u00eb luft\u00eb me Ambasad\u00ebn e SHBA-s\u00eb p\u00ebr ta b\u00ebr\u00eb t\u00eb drejtor t\u00eb SPAK. E v\u00ebrteta \u00ebsht\u00eb q\u00eb t\u00eb gjith\u00eb p\u00ebrfaq\u00ebsuesit q\u00eb ndodheshin atje me vot\u00eb t\u00eb Edi Ram\u00ebs, votuan p\u00ebr Edvin Kondilin<\/em>\u201d, tha Bardhi.<\/span><\/p>\n<p>&nbsp;<\/p>\n","protected":false,"gt_translate_keys":[{"key":"rendered","format":"html"}]},"excerpt":{"rendered":"<p>Kryetari i grupit Parlamentar t\u00eb Partis\u00eb Demokratike, Gazmend Bardhi, duke reaguar pas publikimit t\u00eb dokumenteve q\u00eb sipas tij implikojn\u00eb v\u00ebllain e Kryeministrit n\u00eb \u00e7\u00ebshtjen e Xibrak\u00ebs, theksoi se prokuror\u00ebt q\u00eb kan\u00eb hetuar dosjen jan\u00eb promovuar nga kryeministri Rama n\u00eb vitet pasardh\u00ebse. Ai theksoi se prokuror\u00ebt q\u00eb kan\u00eb trajtuar \u00e7\u00ebshtjen e Xibrak\u00ebs dhe kan\u00eb mbuluar rolin [&hellip;]<\/p>\n","protected":false,"gt_translate_keys":[{"key":"rendered","format":"html"}]},"author":32,"featured_media":664313,"comment_status":"closed","ping_status":"open","sticky":false,"template":"","format":"standard","meta":{"footnotes":""},"categories":[65,13],"tags":[],"class_list":["post-664311","post","type-post","status-publish","format-standard","has-post-thumbnail","hentry","category-lajme","category-te-fundit"],"gt_translate_keys":[{"key":"link","format":"url"}],"_links":{"self":[{"href":"https:\/\/www.hashtag.al\/index.php\/wp-json\/wp\/v2\/posts\/664311","targetHints":{"allow":["GET"]}}],"collection":[{"href":"https:\/\/www.hashtag.al\/index.php\/wp-json\/wp\/v2\/posts"}],"about":[{"href":"https:\/\/www.hashtag.al\/index.php\/wp-json\/wp\/v2\/types\/post"}],"author":[{"embeddable":true,"href":"https:\/\/www.hashtag.al\/index.php\/wp-json\/wp\/v2\/users\/32"}],"replies":[{"embeddable":true,"href":"https:\/\/www.hashtag.al\/index.php\/wp-json\/wp\/v2\/comments?post=664311"}],"version-history":[{"count":0,"href":"https:\/\/www.hashtag.al\/index.php\/wp-json\/wp\/v2\/posts\/664311\/revisions"}],"wp:featuredmedia":[{"embeddable":true,"href":"https:\/\/www.hashtag.al\/index.php\/wp-json\/wp\/v2\/media\/664313"}],"wp:attachment":[{"href":"https:\/\/www.hashtag.al\/index.php\/wp-json\/wp\/v2\/media?parent=664311"}],"wp:term":[{"taxonomy":"category","embeddable":true,"href":"https:\/\/www.hashtag.al\/index.php\/wp-json\/wp\/v2\/categories?post=664311"},{"taxonomy":"post_tag","embeddable":true,"href":"https:\/\/www.hashtag.al\/index.php\/wp-json\/wp\/v2\/tags?post=664311"}],"curies":[{"name":"wp","href":"https:\/\/api.w.org\/{rel}","templated":true}]}}