{"id":664305,"date":"2024-03-28T21:20:07","date_gmt":"2024-03-28T20:20:07","guid":{"rendered":"https:\/\/www.hashtag.al\/?p=664305"},"modified":"2024-03-28T21:20:56","modified_gmt":"2024-03-28T20:20:56","slug":"qato-e-molla-reagojne-per-arrestimin-spak-ra-pre-e-presionit-te-metes-e-kellicit","status":"publish","type":"post","link":"https:\/\/www.hashtag.al\/index.php\/2024\/03\/28\/qato-e-molla-reagojne-per-arrestimin-spak-ra-pre-e-presionit-te-metes-e-kellicit\/","title":{"rendered":"Qato e Molla reagojn\u00eb p\u00ebr arrestimin: SPAK ra pre e presionit t\u00eb Met\u00ebs e K\u00eblli\u00e7it","gt_translate_keys":[{"key":"rendered","format":"text"}]},"content":{"rendered":"<p><span style=\"color: #000000;\"><a style=\"color: #000000;\" href=\"https:\/\/www.hashtag.al\/wp-content\/uploads\/2024\/03\/molla-qato.png\"><img loading=\"lazy\" decoding=\"async\" class=\"aligncenter size-full wp-image-664306\" src=\"https:\/\/www.hashtag.al\/wp-content\/uploads\/2024\/03\/molla-qato.png\" alt=\"\" width=\"946\" height=\"588\" srcset=\"https:\/\/www.hashtag.al\/wp-content\/uploads\/2024\/03\/molla-qato.png 946w, https:\/\/www.hashtag.al\/wp-content\/uploads\/2024\/03\/molla-qato-300x186.png 300w, https:\/\/www.hashtag.al\/wp-content\/uploads\/2024\/03\/molla-qato-768x477.png 768w\" sizes=\"auto, (max-width: 946px) 100vw, 946px\" \/><\/a><\/span><\/p>\n<p><span style=\"color: #000000;\">Mariglen Qato dhe Redi Molla, dy drejtor\u00ebt e Bashkis\u00eb Tiran\u00eb q\u00eb jan\u00eb arrestuar sot me urdh\u00ebr t\u00eb SPAK kan\u00eb reaguar p\u00ebr akuzat e ngritura ndaj tyre.<\/span><\/p>\n<p><span style=\"color: #000000;\">N\u00eb deklaratat e tyre ata shfaj\u00ebsojn\u00eb veten dhe thon\u00eb se akuzat e tyre jan\u00eb t\u00eb frym\u00ebzuara nga politika.<\/span><\/p>\n<p><span style=\"color: #000000;\">Nd\u00ebrsa Molla thot\u00eb se akuzat e tij jan\u00eb b\u00ebr\u00eb nga PD-ja dhe Partia e Liris\u00eb, Mariglen Qato nga ana tjet\u00ebr thot\u00eb se SPAK ka r\u00ebn\u00eb pre e presionit politik t\u00eb Ilir Met\u00ebs dhe Belind K\u00eblli\u00e7it.<\/span><\/p>\n<p><span style=\"color: #000000;\">\u201c<em>Un\u00eb Mariglen Qato jam i pafajsh\u00ebm. Nuk kam asnj\u00eb lidhje me akuzat dhe nuk kam bere asnj\u00eb veprim te kund\u00ebrligjsh\u00ebm. Ne ushtrimin tim t\u00eb detyr\u00ebs, kam punuar me p\u00ebrkushtim dhe kam zbatuar ne menyre rigoroze ligjin.<\/em><\/span><\/p>\n<p><span style=\"color: #000000;\"><em>Ndjehem i keqardhur qe SPAK ka rene pre e presionit politike te Ilir Met\u00ebs, dhe Belind Kellicit qe kane nisur k\u00ebt\u00eb sulm politik ndaj meje prej muajsh, pa asnj\u00eb fakt real.<\/em><\/span><\/p>\n<p><span style=\"color: #000000;\"><em>Mbetem besim plote qe ky proces te mbaroje sa me shpejt, drejt\u00ebsia te bej pun\u00ebn e saj dhe e verteta e pafajsise time te dale ne drite<\/em>\u201d-thot\u00eb n\u00eb reagimin e tij Qato.<\/span><\/p>\n<p><span style=\"color: #000000;\">\u201c<em>Un\u00eb Redi Molla, jam Inxhinier Nd\u00ebrtimi i diplomuar ne Itali, me nj\u00eb karriere te gjate ne Itali dhe ne Shqip\u00ebri. P\u00ebr 4 vjet kam drejtuar UKT me rezultate t\u00eb shk\u00eblqyera dhe gjat\u00eb gjith\u00eb kohes qe kam qene ne detyre kam respektuar ligjet e vendit, dhe kam dh\u00ebn\u00eb maksimumin tim.<\/em><\/span><\/p>\n<p><span style=\"color: #000000;\"><em>Sot u vura ne dijeni per akuzat e ngritura ndaj meje nga SPAK \u2013 deklaroj me bindjente plote qe p\u00ebr keto akuza jam i pafajshem, dhe nuk kam asnje lidhje interesash me kompanine ne fjale.<\/em><\/span><\/p>\n<p><span style=\"color: #000000;\"><em>Ky sulm ka nisur ndaj meje prej me shume se nje viti, i frymezuar politikisht nga PD dhe PL, dhe me vjen keq qe pjese e ketij presioni kane rane jo vetem mediat, por dhe Prokuroria.<\/em><\/span><\/p>\n<p><span style=\"color: #000000;\"><em>Pres qe drejtesia te veproje shpejt dhe drejte dhe pafajsia ime te vertetohet nga gjykata. Do vazhdoje k\u00ebt\u00eb beteje ne \u00e7do instance i bindur tek pafaj\u00ebsia ime<\/em>\u201d-thot\u00eb z.Molla.<\/span><\/p>\n","protected":false,"gt_translate_keys":[{"key":"rendered","format":"html"}]},"excerpt":{"rendered":"<p>Mariglen Qato dhe Redi Molla, dy drejtor\u00ebt e Bashkis\u00eb Tiran\u00eb q\u00eb jan\u00eb arrestuar sot me urdh\u00ebr t\u00eb SPAK kan\u00eb reaguar p\u00ebr akuzat e ngritura ndaj tyre. N\u00eb deklaratat e tyre ata shfaj\u00ebsojn\u00eb veten dhe thon\u00eb se akuzat e tyre jan\u00eb t\u00eb frym\u00ebzuara nga politika. Nd\u00ebrsa Molla thot\u00eb se akuzat e tij jan\u00eb b\u00ebr\u00eb nga PD-ja [&hellip;]<\/p>\n","protected":false,"gt_translate_keys":[{"key":"rendered","format":"html"}]},"author":32,"featured_media":664306,"comment_status":"closed","ping_status":"open","sticky":false,"template":"","format":"standard","meta":{"footnotes":""},"categories":[22,13],"tags":[],"class_list":["post-664305","post","type-post","status-publish","format-standard","has-post-thumbnail","hentry","category-ballina","category-te-fundit"],"gt_translate_keys":[{"key":"link","format":"url"}],"_links":{"self":[{"href":"https:\/\/www.hashtag.al\/index.php\/wp-json\/wp\/v2\/posts\/664305","targetHints":{"allow":["GET"]}}],"collection":[{"href":"https:\/\/www.hashtag.al\/index.php\/wp-json\/wp\/v2\/posts"}],"about":[{"href":"https:\/\/www.hashtag.al\/index.php\/wp-json\/wp\/v2\/types\/post"}],"author":[{"embeddable":true,"href":"https:\/\/www.hashtag.al\/index.php\/wp-json\/wp\/v2\/users\/32"}],"replies":[{"embeddable":true,"href":"https:\/\/www.hashtag.al\/index.php\/wp-json\/wp\/v2\/comments?post=664305"}],"version-history":[{"count":0,"href":"https:\/\/www.hashtag.al\/index.php\/wp-json\/wp\/v2\/posts\/664305\/revisions"}],"wp:featuredmedia":[{"embeddable":true,"href":"https:\/\/www.hashtag.al\/index.php\/wp-json\/wp\/v2\/media\/664306"}],"wp:attachment":[{"href":"https:\/\/www.hashtag.al\/index.php\/wp-json\/wp\/v2\/media?parent=664305"}],"wp:term":[{"taxonomy":"category","embeddable":true,"href":"https:\/\/www.hashtag.al\/index.php\/wp-json\/wp\/v2\/categories?post=664305"},{"taxonomy":"post_tag","embeddable":true,"href":"https:\/\/www.hashtag.al\/index.php\/wp-json\/wp\/v2\/tags?post=664305"}],"curies":[{"name":"wp","href":"https:\/\/api.w.org\/{rel}","templated":true}]}}