{"id":664242,"date":"2024-03-28T17:35:29","date_gmt":"2024-03-28T16:35:29","guid":{"rendered":"https:\/\/www.hashtag.al\/?p=664242"},"modified":"2024-03-28T18:29:01","modified_gmt":"2024-03-28T17:29:01","slug":"spak-arreston-mariglen-qaton-dhe-redi-mollen","status":"publish","type":"post","link":"https:\/\/www.hashtag.al\/index.php\/2024\/03\/28\/spak-arreston-mariglen-qaton-dhe-redi-mollen\/","title":{"rendered":"SPAK arreston disa drejtor\u00eb t\u00eb Bashkis\u00eb s\u00eb Tiran\u00ebs","gt_translate_keys":[{"key":"rendered","format":"text"}]},"content":{"rendered":"<p><span style=\"color: #000000;\"><img loading=\"lazy\" decoding=\"async\" class=\"aligncenter size-full wp-image-664255\" src=\"https:\/\/www.hashtag.al\/wp-content\/uploads\/2024\/03\/qato.jpg\" alt=\"\" width=\"2000\" height=\"1000\" srcset=\"https:\/\/www.hashtag.al\/wp-content\/uploads\/2024\/03\/qato.jpg 2000w, https:\/\/www.hashtag.al\/wp-content\/uploads\/2024\/03\/qato-300x150.jpg 300w, https:\/\/www.hashtag.al\/wp-content\/uploads\/2024\/03\/qato-1024x512.jpg 1024w, https:\/\/www.hashtag.al\/wp-content\/uploads\/2024\/03\/qato-768x384.jpg 768w, https:\/\/www.hashtag.al\/wp-content\/uploads\/2024\/03\/qato-1536x768.jpg 1536w\" sizes=\"auto, (max-width: 2000px) 100vw, 2000px\" \/><\/span><\/p>\n<p style=\"text-align: left;\"><span style=\"color: #000000;\">Disa drejtor\u00eb t\u00eb Bashkis\u00eb s\u00eb Tiran\u00ebs kan\u00eb p\u00ebrfunduar n\u00eb prangat e policis\u00eb me urdh\u00ebr t\u00eb SPAK.<\/span><\/p>\n<p style=\"text-align: left;\"><span style=\"color: #000000;\">Sipas informacioneve m\u00ebsohet se n\u00eb pranga kan\u00eb r\u00ebn\u00eb drejtori i IMT-s\u00eb Mariglen Qato dhe Redi Molla ish-drejtor i Uj\u00ebsjell\u00ebsit dhe aktualisht n\u00eb poste t\u00eb larta drejtuese n\u00eb Bashkin\u00eb e Tiran\u00ebs.<\/span><\/p>\n<p style=\"text-align: left;\"><span style=\"color: #000000;\">Nuk dihet ende n\u00ebse arrestimet e SPAK kan\u00eb lidhje me afer\u00ebn e incenerator\u00ebve apo jan\u00eb pjes\u00eb e dosjes 5D, kompanis\u00eb q\u00eb dyshohet se \u00ebsht\u00eb n\u00eb pron\u00ebsi t\u00eb drejtuesve t\u00eb Bashkis\u00eb dhe p\u00ebrfitonte tendera nga kjo e fundit.<\/span><\/p>\n<p><span style=\"color: #000000;\">SPAK ka k\u00ebrkuar mas\u00eb t\u00eb dyt\u00eb sigurie edhe p\u00ebr Taulant Tush\u00ebn, ish-drejtor i Pun\u00ebve Publike n\u00eb Bashkin\u00eb e Tiran\u00ebs. Nga 9 masa sigurie, 3 prej tyre jan\u00eb arrest n\u00eb burg, nd\u00ebrsa 6 t\u00eb tjerat jan\u00eb detyrim paraqitje.<\/span><\/p>\n<p><strong>Personat e arrestuar: <\/strong>Mariglen Qato,\u00a0Redi Molla dhe Taulant Tusha<em> (tashm\u00eb n\u00eb burg p\u00ebr inceneratorin e Tiran\u00ebs). <\/em><\/p>\n<p><strong>Mas\u00eb sigurie \u2018detyrim paraqitje\u2019:\u00a0<\/strong>Enton Punavija,\u00a0Julian Zanaj,\u00a0Albano Janku,\u00a0Nestor Muhamellari,\u00a0Elantina Zere dhe Deborah Ke\u00e7i.<\/p>\n<p><span style=\"color: #000000;\">Ata akuzohen p\u00ebr shkelje t\u00eb baraziz\u00eb n\u00eb tendera dhe korrupsion pasiv.<\/span><\/p>\n<p><span style=\"color: #000000;\"><strong>Njoftimi i SPAK<\/strong><\/span><\/p>\n<p><span style=\"color: #000000;\">Prokuroria e Posa\u00e7me kund\u00ebr Korrupsionit dhe Krimit t\u00eb Organizuar, mbi baz\u00ebn e verifikimeve t\u00eb kryera kryesisht, ka filluar hetimet lidhur me procedimin penal nr.75, dat\u00eb 27.04.2023, p\u00ebr veprat penale \u201cShkelja e barazis\u00eb s\u00eb pjes\u00ebmarr\u00ebsve n\u00eb tendera dhe n\u00eb ankande publike\u201d dhe \u201cKorrupsioni pasiv i personave q\u00eb ushtrojn\u00eb funksione publike\u201d, t\u00eb parashikuara nga nenet 258\/2 dhe 259\/2, t\u00eb Kodit Penal.<\/span><\/p>\n<p><span style=\"color: #000000;\">Po k\u00ebshtu, Prokuroria e Posa\u00e7me mbi baz\u00ebn e kall\u00ebzimit penal t\u00eb kryer nga shtetasi Belind K\u00eblli\u00e7i, ka rregjistruar procedimin penal nr.121, dat\u00eb 23.05.2023. T\u00eb dy procedimet penale jan\u00eb bashkuar n\u00eb nj\u00eb procedim penal t\u00eb vet\u00ebm, t\u00eb num\u00ebrtuar me nr.75 viti 2023.<\/span><\/p>\n<p><span style=\"color: #000000;\">Lidhur me k\u00ebt\u00eb procedim penal, p\u00ebr nj\u00eb periudh\u00eb disa mujore dhe n\u00eb m\u00ebnyr\u00eb t\u00eb pand\u00ebrprer\u00eb, jan\u00eb kryer veprimet e nevojshme hetimore, ku jan\u00eb p\u00ebrfshir\u00eb administrimi dhe verifikimi i informacioneve nga burimet e hapura, kryerja e veprimeve hetimore proaktive, kryerja e kontrolleve t\u00eb vendeve dhe kontrolleve t\u00eb personave, sekuestrime t\u00eb provave materiale, administrimi i dokumentacionit t\u00eb nj\u00eb s\u00ebr\u00eb procedurash prokurimi, kryerja e ekspertimeve teknike e kompjuterike, shqyrtimi dhe analizimi i t\u00eb gjitha provave dhe dokumenteve t\u00eb administruara.<\/span><\/p>\n<p><span style=\"color: #000000;\">Nga burimet e provave t\u00eb mbledhura n\u00eb kuad\u00ebr t\u00eb hetimeve t\u00eb k\u00ebtij procedimi penal jan\u00eb krijuar dyshime t\u00eb arsyeshme se shtetasit R.M. dhe M.Q. jan\u00eb ortak\u00ebt e v\u00ebrtet\u00eb dhe pronar\u00ebt \u201cde facto\u201d t\u00eb shoq\u00ebris\u00eb \u201c5D Konstruksion\u201d sh.p.k. Shtetasit R.M. dhe M.Q. e kan\u00eb zot\u00ebruar k\u00ebt\u00eb shoq\u00ebri tregtare\u00a0 n\u00eb m\u00ebnyr\u00eb indirekte, duke p\u00ebrdorur persona t\u00eb tjer\u00eb, shtetasit E.M., M.P. dhe N.M., si ortak\u00eb fiktiv n\u00eb aktet e rregjistrimit dhe funksionimit t\u00eb shoq\u00ebris\u00eb, me t\u00eb cil\u00ebt ortak\u00ebt e v\u00ebrtet\u00eb t\u00eb shoq\u00ebris\u00eb kan\u00eb pasur lidhje shoq\u00ebrore dhe lidhje miq\u00ebsore.<\/span><\/p>\n<p><span style=\"color: #000000;\">S\u00eb pari, nga hetimet e kryera \u00ebsht\u00eb provuar fakti se n\u00eb periudh\u00ebn 2016-2020, gjat\u00eb koh\u00ebs q\u00eb shtetasi R.M. ka ushtruar funksionin e Drejtorit t\u00eb P\u00ebrgjithsh\u00ebm t\u00eb shoq\u00ebris\u00eb \u201cUj\u00ebsjell\u00ebs Kanalizime Tiran\u00eb\u201d sh.a, shoq\u00ebria tregtare \u201cIgor Elektrik\u201d sh.p.k e nj\u00ebjt\u00eb me \u201cV.A.S Konstruksion\u201d sh.p.k e nj\u00ebjt\u00eb me \u201c5D Konstruksion\u201d sh.p.k, ka marr\u00eb pjes\u00eb dhe \u00ebsht\u00eb shpallur fituese n\u00eb shkelje t\u00eb rregullave t\u00eb prokurimit publik n\u00eb 7 (shtat\u00eb) procedura prokurimi, t\u00eb realizuara nga autoriteti kontraktor \u201cUj\u00ebsjell\u00ebs Kanalizime Tiran\u00eb\u201d sh.a.<\/span><\/p>\n<p><span style=\"color: #000000;\">N\u00eb k\u00ebto procedura prokurimi shtetasi R.M. ka patur cil\u00ebsin\u00eb e titullarit t\u00eb autoritetit kontraktor, ka urdh\u00ebruar kryerjen e prokurimit, ka urdh\u00ebruar p\u00ebrb\u00ebrjen e Nj\u00ebsis\u00eb s\u00eb Prokurimit, ka urdh\u00ebruar p\u00ebrb\u00ebrjen e Komisionit t\u00eb Vler\u00ebsimit t\u00eb Ofertave (duke caktuar n\u00eb kat\u00ebr raste si an\u00ebtar t\u00eb k\u00ebtij komisioni shtetasin M.Q. q\u00eb \u00ebsht\u00eb ortaku tjet\u00ebr indirekt i shoq\u00ebris\u00eb), ka n\u00ebnshkruar kontratat e sip\u00ebrmarrjes, si dhe ka kryer \u00e7do veprim tjet\u00ebr q\u00eb lidhet me cil\u00ebsin\u00eb e titullarit t\u00eb autoritetit kontraktor, me shoq\u00ebrin\u00eb tregtare n\u00eb zot\u00ebrim t\u00eb tij.<\/span><\/p>\n<p><span style=\"color: #000000;\">S\u00eb dyti, \u00ebsht\u00eb provuar fakti se n\u00eb periudh\u00ebn 2016-2018, gjat\u00eb koh\u00ebs q\u00eb shtetasi M.Q. ka ushtruar funksionin e Drejtorit t\u00eb Departamentit Mb\u00ebshtet\u00ebs n\u00eb shoq\u00ebrin\u00eb \u201cUj\u00ebsjell\u00ebs Kanalizime Tiran\u00eb\u201d sh.a, subjekti tregtar i m\u00ebsip\u00ebrm ka marr\u00eb pjes\u00eb dhe ka fituar n\u00eb kund\u00ebrshtim me rregullat e prokurimit publik n\u00eb 4 (kat\u00ebr) procedura prokurimi. N\u00eb k\u00ebto procedura prokurimi shtetasi M.Q. ka patur cil\u00ebsin\u00eb e an\u00ebtarit t\u00eb Komisionit t\u00eb Vler\u00ebsimit t\u00eb Ofertave dhe ka q\u00ebn\u00eb pjes\u00eb e marrjes s\u00eb vendimit p\u00ebr shpalljen e fituesit t\u00eb procedur\u00ebs s\u00eb prokurimit, p\u00ebr shoq\u00ebrin\u00eb tregtare n\u00eb zot\u00ebrim t\u00eb tij.<\/span><\/p>\n<p><span style=\"color: #000000;\">S\u00eb treti, nga veprimet hetimore t\u00eb kryera \u00ebsht\u00eb provuar fakti se shoq\u00ebria tregtare \u201cV.A.S Konstruksion\u201d sh.p.k e nj\u00ebjt\u00eb me \u201c5D Konstruksion\u201d sh.p.k, ka marr\u00eb pjes\u00eb dhe \u00ebsht\u00eb shpallur fituese n\u00eb kund\u00ebrshtim me rregullat e prokurimit publik, n\u00eb disa procedura prokurimi t\u00eb organizuara nga autoriteti kontraktor Bashkia Tiran\u00eb.<\/span><\/p>\n<p><span style=\"color: #000000;\">Jan\u00eb krijuar dyshime t\u00eb arsyeshme se shtetasi T.T. n\u00eb cil\u00ebsin\u00eb e Drejtorit t\u00eb P\u00ebrgjithsh\u00ebm t\u00eb Drejtoris\u00eb s\u00eb Planifikimit t\u00eb Pun\u00ebve Publike dhe t\u00eb an\u00ebtarit t\u00eb Komisionit t\u00eb Vler\u00ebsimit t\u00eb Ofertave, si dhe shtetasit E.P., J.Z. dhe A.J. n\u00eb cil\u00ebsin\u00eb an\u00ebtarit t\u00eb Komisionit t\u00eb Vler\u00ebsimit t\u00eb Ofertave, n\u00eb disa procedua prokurimi, e kan\u00eb favorizuar dhe i kan\u00eb krijuar k\u00ebtij subjekti tregtar avantazhe dhe privilegje t\u00eb padrejta n\u00eb raport me operator\u00ebt e tjer\u00eb ekonomik\u00eb q\u00eb kan\u00eb marr\u00eb pjes\u00eb n\u00eb procedurat e prokurimit, duke e shpallur fituese t\u00eb procedur\u00ebs s\u00eb prokurimit n\u00eb m\u00ebnyr\u00eb t\u00eb parregullt dhe n\u00eb shkelje t\u00eb rregullave t\u00eb prokurimit publik. Ekzistojn\u00eb dyshme t\u00eb bazuara se shtetasi T.T. ka pasur dijeni n\u00eb lidhje me ortak\u00ebt e v\u00ebrtet\u00eb t\u00eb shoq\u00ebris\u00eb \u201c5D Konstruksion\u201d sh.p.k dhe ka favorizuar k\u00ebt\u00eb shoq\u00ebri tregtare duke ditur se cil\u00ebt persona kan\u00eb q\u00ebn\u00eb zot\u00ebruesit indirekt t\u00eb aksioneve t\u00eb shoq\u00ebris\u00eb.<\/span><\/p>\n<p><span style=\"color: #000000;\">S\u00eb kat\u00ebrti, jan\u00eb mbledhur provat e nevojshme q\u00eb provojn\u00eb faktin se shtetasja E.Z. n\u00eb cil\u00ebsin\u00eb e titullarit t\u00eb autoritetit kontraktor \u201cTirana Parking\u201d, ka favorizuar n\u00eb nj\u00eb procedur\u00eb prokurimi operatorin ekonomik \u201cV.A.S Konstruksion sh.p.k\u201d e nj\u00ebjt\u00eb me \u201c5D Konstruksion\u201d sh.p.k, duke i krijuar avantazhe dhe privilegje t\u00eb padrejta, si dhe duke e shpallur fitues n\u00eb m\u00ebnyr\u00eb t\u00eb parregullt. Shtetasja E.Z. ka pasur komunikime direkte me shtetasin N.M. administrator i shoq\u00ebris\u00eb \u201c5D Konstruksion\u201d sh.p.k dhe vler\u00ebsimin e ofertave t\u00eb pjes\u00ebmarr\u00ebsve n\u00eb tender e kan\u00eb b\u00ebr\u00eb vet\u00eb punonj\u00ebs t\u00eb shoq\u00ebris\u00eb \u201c5D Konstruksion\u201d sh.p.k.\u00a0<\/span><\/p>\n<p><span style=\"color: #000000;\">S\u00eb pesti, nga hetimet e kryera \u00ebsht\u00eb provuar edhe fakti se shtetasja D.K. n\u00eb cil\u00ebsin\u00eb e titullarit t\u00eb autoritetit kontraktor Klubi Sportiv \u201cTirana\u201d, ka favorizuar n\u00eb nj\u00eb procedur\u00eb prokurimi operatorin ekonomik \u201cV.A.S Konstruksion sh.p.k\u201d e nj\u00ebjt\u00eb me \u201c5D Konstruksion\u201d sh.p.k, duke i krijuar avantazhe dhe privilegje t\u00eb padrejta, si dhe duke e shpallur fitues n\u00eb m\u00ebnyr\u00eb t\u00eb parregullt. Shtetasja D.K. ka pasur komunikime direkte me shtetasin N.M. administrator i shoq\u00ebris\u00eb \u201c5D Konstruksion\u201d sh.p.k dhe vler\u00ebsimin e ofertave t\u00eb pjes\u00ebmarr\u00ebsve n\u00eb tender e kan\u00eb b\u00ebr\u00eb vet\u00eb punonj\u00ebs t\u00eb shoq\u00ebris\u00eb \u201c5D Konstruksion\u201d sh.p.k, duke i dh\u00ebn\u00eb titullari i autoritetit kontraktor shtetasit N.M user-at e an\u00ebtar\u00ebve t\u00eb KVO-s\u00eb.<\/span><\/p>\n<p><span style=\"color: #000000;\">Me k\u00ebrkes\u00eb t\u00eb Prokuroris\u00eb s\u00eb Posa\u00e7me, Gjykata e Posa\u00e7me e Shkall\u00ebs s\u00eb Par\u00eb p\u00ebr Korrupsionin dhe Krimin e Organizuar Tiran\u00eb, me vendimin nr.28, dat\u00eb 28.03.2024, ka vendosur:<\/span><\/p>\n<ol>\n<li><span style=\"color: #000000;\">Caktimin ndaj personit n\u00ebn hetim R.M. t\u00eb mas\u00ebs s\u00eb sigurimit \u201carrest n\u00eb burg\u201d, e parashikuar nga neni 238 i K.Pr.Penale, i dyshuar p\u00ebr veprat penale: (i) \u201cKorrupsioni pasiv i personave q\u00eb ushtrojn\u00eb funksione publike\u201d, n\u00eb 7 (shtat\u00eb) raste, nga k\u00ebto 4 (kat\u00ebr) raste t\u00eb kryera n\u00eb bashk\u00ebpunim, t\u00eb parashikuar nga neni 259 dhe 25 t\u00eb Kodit Penal, sipas p\u00ebrmbajtjes s\u00eb k\u00ebsaj dispozite para ndryshimeve t\u00eb kryera me ligjin nr.43\/2021, dat\u00eb 23.03.2021; (ii) \u201cRefuzimi p\u00ebr deklarimin, mosdeklarimi, fshehja ose deklarimi i rreme i pasurive, interesave private t\u00eb personave t\u00eb zgjedhur dhe n\u00ebpun\u00ebsve publik\u00eb ose i \u00e7do personi tjet\u00ebr q\u00eb ka detyrimin ligjor p\u00ebr deklarim\u201d, t\u00eb kryer n\u00eb 5 (pes\u00eb) raste, t\u00eb parashikuar nga neni 257\/a\/2 i Kodit Penal.<\/span><\/li>\n<li><span style=\"color: #000000;\">Caktimin ndaj personit n\u00ebn hetim M.Q. t\u00eb mas\u00ebs s\u00eb sigurimit \u201carrest n\u00eb burg\u201d, e parashikuar nga neni 238 i K.Pr.Penale, i dyshuar p\u00ebr veprat penale: (i) \u201cKorrupsioni pasiv i personave q\u00eb ushtrojn\u00eb funksione publike\u201d, n\u00eb 4 (kat\u00ebr) raste, t\u00eb kryera n\u00eb bashk\u00ebpunim, t\u00eb parashikuar nga neni 259 dhe 25 t\u00eb Kodit Penal, sipas p\u00ebrmbajtjes s\u00eb k\u00ebsaj dispozite para ndryshimeve t\u00eb kryera me ligjin nr.43\/2021, dat\u00eb 23.03.2021; (ii) \u201cRefuzimi p\u00ebr deklarimin, mosdeklarimi, fshehja ose deklarimi i rreme i pasurive, interesave private t\u00eb personave t\u00eb zgjedhur dhe n\u00ebpun\u00ebsve publik\u00eb ose i \u00e7do personi tjet\u00ebr q\u00eb ka detyrimin ligjor p\u00ebr deklarim\u201d, t\u00eb parashikuar nga neni 257\/a\/2 i Kodit Penal.<\/span><\/li>\n<li><span style=\"color: #000000;\">Caktimin ndaj personit n\u00ebn hetim T.T. t\u00eb mas\u00ebs s\u00eb sigurimit \u201carrest n\u00eb burg\u201d, e parashikuar nga neni 238 i K.Pr.Penale, i dyshuar p\u00ebr veprat penale: (i) \u201cShkelja e barazis\u00eb s\u00eb pjes\u00ebmarr\u00ebsve n\u00eb tendera apo ankande publike\u201d, t\u00eb kryer n\u00eb bashk\u00ebpunim, t\u00eb parashikuar nga neni 258 dhe 25 i Kodit Penal, sipas p\u00ebrmbajtjes s\u00eb k\u00ebsaj dispozite para ndryshimeve t\u00eb kryera me ligjin nr.43\/2021, dat\u00eb 23.03.2021; (ii) \u201cShkelja e barazis\u00eb s\u00eb pjes\u00ebmarr\u00ebsve n\u00eb tendera apo ankande publike\u201d, t\u00eb kryer n\u00eb bashk\u00ebpunim, e kryer dy her\u00eb, t\u00eb parashikuar nga neni 258\/2 dhe 25 i Kodit Penal.<\/span><\/li>\n<li><span style=\"color: #000000;\">Caktimin ndaj personave n\u00ebn hetim E.P. t\u00eb mas\u00ebs s\u00eb sigurimit \u201cdetyrimi p\u00ebr tu paraqitur n\u00eb policin\u00eb gjyq\u00ebsore\u201d, e parashikuar nga neni 234 i K.Pr.Penale, i dyshuar p\u00ebr veprat penale: (i) \u201cShkelja e barazis\u00eb s\u00eb pjes\u00ebmarr\u00ebsve n\u00eb tendera apo ankande publike\u201d, t\u00eb kryer n\u00eb bashk\u00ebpunim, t\u00eb parashikuar nga neni 258 dhe 25 i Kodit Penal, sipas p\u00ebrmbajtjes s\u00eb k\u00ebsaj dispozite para ndryshimeve t\u00eb kryera me ligjin nr.43\/2021, dat\u00eb 23.03.2021; (ii) \u201cShkelja e barazis\u00eb s\u00eb pjes\u00ebmarr\u00ebsve n\u00eb tendera apo ankande publike\u201d, t\u00eb kryer n\u00eb bashk\u00ebpunim, e kryer dy her\u00eb, t\u00eb parashikuar nga neni 258\/2 dhe 25 i Kodit Penal.<\/span><\/li>\n<li><span style=\"color: #000000;\">Caktimin ndaj personit n\u00ebn hetim J.Z. t\u00eb mas\u00ebs s\u00eb sigurimit \u201cdetyrimi p\u00ebr tu paraqitur n\u00eb policin\u00eb gjyq\u00ebsore\u201d, e parashikuar nga neni 234 i K.Pr.Penale, i dyshuar p\u00ebr veprat penale \u201cShkelja e barazis\u00eb s\u00eb pjes\u00ebmarr\u00ebsve n\u00eb tendera apo ankande publike\u201d, t\u00eb kryer n\u00eb bashk\u00ebpunim, t\u00eb kryer dy her\u00eb, t\u00eb parashikuar nga neni 258\/2 dhe 25 i Kodit Penal.<\/span><\/li>\n<li><span style=\"color: #000000;\">Caktimin ndaj personit n\u00ebn hetim A.J. t\u00eb mas\u00ebs s\u00eb sigurimit \u201cdetyrimi p\u00ebr tu paraqitur n\u00eb policin\u00eb gjyq\u00ebsore\u201d, e parashikuar nga neni 234 i K.Pr.Penale, i dyshuar p\u00ebr vepr\u00ebn penale \u201cShkelja e barazis\u00eb s\u00eb pjes\u00ebmarr\u00ebsve n\u00eb tendera apo ankande publike\u201d, t\u00eb kryer n\u00eb bashk\u00ebpunim, t\u00eb parashikuar nga neni 258 dhe 25 i Kodit Penal, sipas p\u00ebrmbajtjes s\u00eb k\u00ebsaj dispozite para ndryshimeve t\u00eb kryera me ligjin nr.43\/2021, dat\u00eb 23.03.2021.<\/span><\/li>\n<li><span style=\"color: #000000;\">Caktimin ndaj personit n\u00ebn hetim N.M. t\u00eb mas\u00ebs s\u00eb sigurimit \u201cDetyrim p\u00ebr tu paraqitur n\u00eb policin\u00eb gjyq\u00ebsore\u201d, e parashikuar nga neni 234 i K.Pr.Penale, i dyshuar p\u00ebr vepr\u00ebn penale \u201cKorrupsioni aktiv ndaj personave q\u00eb ushtrojn\u00eb funksione publike\u201d, t\u00eb kryer dy her\u00eb, t\u00eb parashikuar nga neni 244 i Kodit Penal, sipas p\u00ebrmbajtjes s\u00eb k\u00ebsaj dispozite para ndryshimeve t\u00eb kryera me ligjin nr.43\/2021, dat\u00eb 23.03.2021.<\/span><\/li>\n<li><span style=\"color: #000000;\">Caktimin ndaj personit n\u00ebn hetim E.Z t\u00eb mas\u00ebs s\u00eb sigurimit \u201cDetyrim p\u00ebr tu paraqitur n\u00eb policin\u00eb gjyq\u00ebsore\u201d t\u00eb parashikuar nga nenet 234 i K.Pr.Penale dhe \u201cPezullimi i ushtrimit t\u00eb nj\u00eb detyre a sh\u00ebrbimi publik\u201d, t\u00eb parashikuar nga neni 242 i K.Pr.Penale, duke e pezulluar nga funksioni publik \u201cDrejtor\u201d n\u00eb Drejtorin\u00eb e P\u00ebrgjithshme t\u00eb Pastrimit dhe Gjelb\u00ebrimit, n\u00eb Bashkis\u00eb Tiran\u00eb, e dyshuar p\u00ebr vepr\u00ebn penale \u201cShkelja e barazis\u00eb s\u00eb pjes\u00ebmarr\u00ebsve n\u00eb tendera apo ankande publike\u201d, t\u00eb parashikuar nga neni 258 i Kodit Penal, sipas p\u00ebrmbajtjes s\u00eb k\u00ebsaj dispozite para ndryshimeve t\u00eb kryera me ligjin nr.43\/2021, dat\u00eb 23.03.2021.<\/span><\/li>\n<li><span style=\"color: #000000;\">Caktimin ndaj personit n\u00ebn hetim D.K. t\u00eb masave t\u00eb sigurimit \u201cDetyrim p\u00ebr tu paraqitur n\u00eb policin\u00eb gjyq\u00ebsore\u201d, t\u00eb parashikuar nga neni 234 i K.Pr.Penale dhe \u201cPezullimi i ushtrimit t\u00eb nj\u00eb detyre a sh\u00ebrbimi publik\u201d, t\u00eb parashikuar nga neni 242 i K.Pr.Penale, duke e pezulluar nga funksioni publik \u201cDrejtor\u201d n\u00eb \u201cKlubin Sportiv Tirana\u201d, pran\u00eb Bashkis\u00eb Tiran\u00eb, e dyshuar p\u00ebr kryerjen e vepr\u00ebs penale \u201cShkelja e barazis\u00eb s\u00eb pjes\u00ebmarr\u00ebsve n\u00eb tendera apo ankande publike\u201d, t\u00eb parashikuar nga neni 258 i Kodit Penal, sipas p\u00ebrmbajtjes s\u00eb k\u00ebsaj dispozite para ndryshimeve t\u00eb kryera me ligjin nr.43\/2021, dat\u00eb 23.03.2021.<\/span><\/li>\n<\/ol>\n<p><span style=\"color: #000000;\">Hetimet paraprake lidhur me k\u00ebt\u00eb procedim penal ende nuk kan\u00eb p\u00ebrfunduar, vazhdojn\u00eb hetimet p\u00ebr fakte t\u00eb tjera penale apo p\u00ebr persona t\u00eb tjer\u00eb q\u00eb mund t\u00eb p\u00ebrfshihen n\u00eb objektin e hetimeve t\u00eb k\u00ebtij procedimi penal.<\/span><\/p>\n","protected":false,"gt_translate_keys":[{"key":"rendered","format":"html"}]},"excerpt":{"rendered":"<p>Disa drejtor\u00eb t\u00eb Bashkis\u00eb s\u00eb Tiran\u00ebs kan\u00eb p\u00ebrfunduar n\u00eb prangat e policis\u00eb me urdh\u00ebr t\u00eb SPAK. Sipas informacioneve m\u00ebsohet se n\u00eb pranga kan\u00eb r\u00ebn\u00eb drejtori i IMT-s\u00eb Mariglen Qato dhe Redi Molla ish-drejtor i Uj\u00ebsjell\u00ebsit dhe aktualisht n\u00eb poste t\u00eb larta drejtuese n\u00eb Bashkin\u00eb e Tiran\u00ebs. Nuk dihet ende n\u00ebse arrestimet e SPAK kan\u00eb lidhje [&hellip;]<\/p>\n","protected":false,"gt_translate_keys":[{"key":"rendered","format":"html"}]},"author":4,"featured_media":664255,"comment_status":"closed","ping_status":"open","sticky":false,"template":"","format":"standard","meta":{"footnotes":""},"categories":[22],"tags":[],"class_list":["post-664242","post","type-post","status-publish","format-standard","has-post-thumbnail","hentry","category-ballina"],"gt_translate_keys":[{"key":"link","format":"url"}],"_links":{"self":[{"href":"https:\/\/www.hashtag.al\/index.php\/wp-json\/wp\/v2\/posts\/664242","targetHints":{"allow":["GET"]}}],"collection":[{"href":"https:\/\/www.hashtag.al\/index.php\/wp-json\/wp\/v2\/posts"}],"about":[{"href":"https:\/\/www.hashtag.al\/index.php\/wp-json\/wp\/v2\/types\/post"}],"author":[{"embeddable":true,"href":"https:\/\/www.hashtag.al\/index.php\/wp-json\/wp\/v2\/users\/4"}],"replies":[{"embeddable":true,"href":"https:\/\/www.hashtag.al\/index.php\/wp-json\/wp\/v2\/comments?post=664242"}],"version-history":[{"count":0,"href":"https:\/\/www.hashtag.al\/index.php\/wp-json\/wp\/v2\/posts\/664242\/revisions"}],"wp:featuredmedia":[{"embeddable":true,"href":"https:\/\/www.hashtag.al\/index.php\/wp-json\/wp\/v2\/media\/664255"}],"wp:attachment":[{"href":"https:\/\/www.hashtag.al\/index.php\/wp-json\/wp\/v2\/media?parent=664242"}],"wp:term":[{"taxonomy":"category","embeddable":true,"href":"https:\/\/www.hashtag.al\/index.php\/wp-json\/wp\/v2\/categories?post=664242"},{"taxonomy":"post_tag","embeddable":true,"href":"https:\/\/www.hashtag.al\/index.php\/wp-json\/wp\/v2\/tags?post=664242"}],"curies":[{"name":"wp","href":"https:\/\/api.w.org\/{rel}","templated":true}]}}