{"id":664150,"date":"2024-03-28T12:34:59","date_gmt":"2024-03-28T11:34:59","guid":{"rendered":"https:\/\/www.hashtag.al\/?p=664150"},"modified":"2024-03-28T12:34:59","modified_gmt":"2024-03-28T11:34:59","slug":"i-denuar-per-shperdorim-detyre-lirohet-nga-burgu-ish-kryebashkiaku-i-fushe-arrezit-fran-tuci","status":"publish","type":"post","link":"https:\/\/www.hashtag.al\/index.php\/2024\/03\/28\/i-denuar-per-shperdorim-detyre-lirohet-nga-burgu-ish-kryebashkiaku-i-fushe-arrezit-fran-tuci\/","title":{"rendered":"I d\u00ebnuar p\u00ebr shp\u00ebrdorim detyre, lirohet nga burgu ish-kryebashkiaku i Fush\u00eb Arr\u00ebzit, Fran Tuci","gt_translate_keys":[{"key":"rendered","format":"text"}]},"content":{"rendered":"<p><span style=\"font-weight: 400; color: #000000;\"><img loading=\"lazy\" decoding=\"async\" class=\"size-full wp-image-664152 aligncenter\" src=\"https:\/\/www.hashtag.al\/wp-content\/uploads\/2024\/03\/1689230898_finalprojekt.00450013.Still042.jpg\" alt=\"\" width=\"780\" height=\"440\" srcset=\"https:\/\/www.hashtag.al\/wp-content\/uploads\/2024\/03\/1689230898_finalprojekt.00450013.Still042.jpg 780w, https:\/\/www.hashtag.al\/wp-content\/uploads\/2024\/03\/1689230898_finalprojekt.00450013.Still042-300x169.jpg 300w, https:\/\/www.hashtag.al\/wp-content\/uploads\/2024\/03\/1689230898_finalprojekt.00450013.Still042-768x433.jpg 768w\" sizes=\"auto, (max-width: 780px) 100vw, 780px\" \/>Lirohet nga qelia ish-kryebashkiaku i Fush\u00eb Arr\u00ebzit, Fran Tuci, i d\u00ebnuar me shp\u00ebrdorim detyre s\u00eb bashku me dy bashk\u00ebpun\u00ebtor\u00ebt e tij Durim Margjekaj dhe Ndoc Marku. Sipas inforamcioneve Tuci ka shlyer d\u00ebnimin e 1 vit e 6 muaj me koh\u00ebn e q\u00ebndrimit n\u00eb paraburgim.<\/span><\/p>\n<p><span style=\"font-weight: 400; color: #000000;\">GJKKO pranoi k\u00ebrkes\u00ebn e avokat\u00ebve p\u00ebr shuarjen e d\u00ebnimit. 234 milion\u00eb lek\u00eb \u00ebsht\u00eb d\u00ebmi i p\u00ebrllogaritur nga SPAK n\u00eb buxhetin e shtetit p\u00ebr t\u00eb cilin Tuci dhe dy t\u00eb tjer\u00ebt u shpall\u00ebn fajtor, vendim q\u00eb u la n\u00eb fuqi edhe nga Apeli i Posa\u00e7\u00ebm.<\/span><\/p>\n<p><span style=\"font-weight: 400; color: #000000;\">Sipas organit t\u00eb akuz\u00ebs, Fran Tuci ka shpyll\u00ebzuar nj\u00eb zon\u00eb t\u00eb madhe n\u00eb bashkin\u00eb q\u00eb drejtonte, duke nd\u00ebrtuar nj\u00eb segment rrugor, p\u00ebr t\u00eb cil\u00ebn ai vet\u00eb thot\u00eb se i \u00ebsht\u00eb k\u00ebrkuar nga qytetar\u00ebt e zon\u00ebs.<\/span><\/p>\n","protected":false,"gt_translate_keys":[{"key":"rendered","format":"html"}]},"excerpt":{"rendered":"<p>Lirohet nga qelia ish-kryebashkiaku i Fush\u00eb Arr\u00ebzit, Fran Tuci, i d\u00ebnuar me shp\u00ebrdorim detyre s\u00eb bashku me dy bashk\u00ebpun\u00ebtor\u00ebt e tij Durim Margjekaj dhe Ndoc Marku. Sipas inforamcioneve Tuci ka shlyer d\u00ebnimin e 1 vit e 6 muaj me koh\u00ebn e q\u00ebndrimit n\u00eb paraburgim. GJKKO pranoi k\u00ebrkes\u00ebn e avokat\u00ebve p\u00ebr shuarjen e d\u00ebnimit. 234 milion\u00eb [&hellip;]<\/p>\n","protected":false,"gt_translate_keys":[{"key":"rendered","format":"html"}]},"author":4,"featured_media":664152,"comment_status":"closed","ping_status":"open","sticky":false,"template":"","format":"standard","meta":{"footnotes":""},"categories":[65],"tags":[],"class_list":["post-664150","post","type-post","status-publish","format-standard","has-post-thumbnail","hentry","category-lajme"],"gt_translate_keys":[{"key":"link","format":"url"}],"_links":{"self":[{"href":"https:\/\/www.hashtag.al\/index.php\/wp-json\/wp\/v2\/posts\/664150","targetHints":{"allow":["GET"]}}],"collection":[{"href":"https:\/\/www.hashtag.al\/index.php\/wp-json\/wp\/v2\/posts"}],"about":[{"href":"https:\/\/www.hashtag.al\/index.php\/wp-json\/wp\/v2\/types\/post"}],"author":[{"embeddable":true,"href":"https:\/\/www.hashtag.al\/index.php\/wp-json\/wp\/v2\/users\/4"}],"replies":[{"embeddable":true,"href":"https:\/\/www.hashtag.al\/index.php\/wp-json\/wp\/v2\/comments?post=664150"}],"version-history":[{"count":0,"href":"https:\/\/www.hashtag.al\/index.php\/wp-json\/wp\/v2\/posts\/664150\/revisions"}],"wp:featuredmedia":[{"embeddable":true,"href":"https:\/\/www.hashtag.al\/index.php\/wp-json\/wp\/v2\/media\/664152"}],"wp:attachment":[{"href":"https:\/\/www.hashtag.al\/index.php\/wp-json\/wp\/v2\/media?parent=664150"}],"wp:term":[{"taxonomy":"category","embeddable":true,"href":"https:\/\/www.hashtag.al\/index.php\/wp-json\/wp\/v2\/categories?post=664150"},{"taxonomy":"post_tag","embeddable":true,"href":"https:\/\/www.hashtag.al\/index.php\/wp-json\/wp\/v2\/tags?post=664150"}],"curies":[{"name":"wp","href":"https:\/\/api.w.org\/{rel}","templated":true}]}}