{"id":663823,"date":"2024-03-27T07:56:20","date_gmt":"2024-03-27T06:56:20","guid":{"rendered":"https:\/\/www.hashtag.al\/?p=663823"},"modified":"2024-03-27T07:56:20","modified_gmt":"2024-03-27T06:56:20","slug":"kritika-ndaj-drejtuesit-te-kompanise-apple-per-komentet-e-tij-pozitive-per-kinen","status":"publish","type":"post","link":"https:\/\/www.hashtag.al\/index.php\/2024\/03\/27\/kritika-ndaj-drejtuesit-te-kompanise-apple-per-komentet-e-tij-pozitive-per-kinen\/","title":{"rendered":"Kritika ndaj drejtuesit t\u00eb kompanis\u00eb Apple p\u00ebr komentet e tij pozitive p\u00ebr Kin\u00ebn","gt_translate_keys":[{"key":"rendered","format":"text"}]},"content":{"rendered":"<p>&nbsp;<\/p>\n<p><span style=\"color: #000000;\"><a href=\"https:\/\/www.hashtag.al\/wp-content\/uploads\/2024\/03\/1711521229_timcook.jpg\"><img loading=\"lazy\" decoding=\"async\" class=\"aligncenter size-full wp-image-663824\" src=\"https:\/\/www.hashtag.al\/wp-content\/uploads\/2024\/03\/1711521229_timcook.jpg\" alt=\"\" width=\"780\" height=\"440\" srcset=\"https:\/\/www.hashtag.al\/wp-content\/uploads\/2024\/03\/1711521229_timcook.jpg 780w, https:\/\/www.hashtag.al\/wp-content\/uploads\/2024\/03\/1711521229_timcook-300x169.jpg 300w, https:\/\/www.hashtag.al\/wp-content\/uploads\/2024\/03\/1711521229_timcook-768x433.jpg 768w\" sizes=\"auto, (max-width: 780px) 100vw, 780px\" \/><\/a><\/span><\/p>\n<p><span style=\"color: #000000;\">Tim Cook, drejtori ekzekutiv i gjigantit amerikan t\u00eb teknologjis\u00eb Apple, po p\u00ebrballet me kritika n\u00eb Shtetet e Bashkuara p\u00ebr komentet lavd\u00ebruese q\u00eb ai b\u00ebri p\u00ebr Kin\u00ebn gjat\u00eb nj\u00eb vizite t\u00eb fundit n\u00eb p\u00ebrpjekje p\u00ebr t\u00eb nxitur shitjet e telefonave inteligjent\u00eb iPhone.<\/span><\/p>\n<p><span style=\"color: #000000;\">Cook ishte n\u00eb Shangai p\u00ebr hapjen e dyqanit m\u00eb t\u00eb madh t\u00eb kompanis\u00eb Apple n\u00eb Kin\u00eb t\u00eb premten dhe u takua me p\u00ebrfaq\u00ebsues\u00eb politik\u00eb dhe t\u00eb biznesit. Ai vler\u00ebsoi Kin\u00ebn si nj\u00eb vend me &#8220;gjall\u00ebri dhe dinamik\u00eb &#8220;, n\u00eb komentet e cituara gjer\u00ebsisht nga media shtet\u00ebrore dhe z\u00ebdh\u00ebn\u00ebsja e Ministris\u00eb s\u00eb Jashtme Hua Chunying.<\/span><\/p>\n<p><span style=\"color: #000000;\">Nd\u00ebrtimi i dyqanit t\u00eb ri t\u00eb kompanis\u00eb Apple mori shtat\u00eb vjet dhe kushtoi mbi 11 milion\u00eb dollar\u00eb. Thuhet se \u00ebsht\u00eb dyqani i dyt\u00eb m\u00eb i madh n\u00eb bot\u00eb i kompanis\u00eb Apple dhe m\u00eb i madhi n\u00eb Azi, me rreth 150 punonj\u00ebs.<\/span><\/p>\n<p><span style=\"color: #000000;\">Mbr\u00ebmjen e s\u00eb enjtes, t\u00eb pakt\u00ebn 12 or\u00eb para hapjes s\u00eb planifikuar, para dyqanit ishte krijuar nj\u00eb radh\u00eb e gjat\u00eb me njer\u00ebz. P\u00ebrve\u00e7 shfaqjes s\u00eb besnik\u00ebris\u00eb s\u00eb tyre p\u00ebr produktet e kompanis\u00eb Apple, duke bler\u00eb pajisje t\u00eb ndryshme t\u00eb saj, klient\u00ebt nxituan t\u00eb b\u00ebnin foto me Cook, i cili ishte i pranish\u00ebm n\u00eb ceremonin\u00eb e hapjes s\u00eb dyqanit.<\/span><\/p>\n<p><span style=\"color: #000000;\">Dan Ives, nj\u00eb analist i teknologjis\u00eb n\u00eb Shtetet e Bashkaura, tha n\u00eb platform\u00ebn X se udh\u00ebtimi i Cook n\u00eb Kin\u00eb tregon se Apple do t\u00eb vazhdoj\u00eb t&#8217;i kushtoj\u00eb r\u00ebnd\u00ebsi tregut kinez.<\/span><\/p>\n<p><span style=\"color: #000000;\"><em>&#8220;Apple n\u00eb fakt rriti investimet dhe pranin\u00eb e saj n\u00eb Kin\u00eb vitin e kaluar<\/em>&#8220;, tha ai, <em>&#8220;dhe deri n\u00eb k\u00ebt\u00eb pik\u00eb Cook ka qen\u00eb n\u00eb Kin\u00eb q\u00eb nga java e kaluar n\u00eb nj\u00eb vizit\u00eb t\u00eb r\u00ebnd\u00ebsishme p\u00ebr t\u00eb hedhur bazat p\u00ebr t\u00eb ardhmen e kompanis\u00eb Apple n\u00eb Kin\u00eb. Ai rikonfirmoi strategjin\u00eb e kompanis\u00eb Apple p\u00ebr Kin\u00ebn\u201d.<\/em><\/span><\/p>\n<p><span style=\"color: #000000;\">Mediat kineze raportuan t\u00eb h\u00ebn\u00ebn se kompania Apple do t\u00eb bashk\u00ebpunoj\u00eb me kompanin\u00eb kineze t\u00eb teknologjis\u00eb Baidu p\u00ebr t\u00eb ofruar aft\u00ebsi t\u00eb inteligjenc\u00ebs artificiale p\u00ebr iPhone-\u00ebt e shitur n\u00eb Kin\u00eb k\u00ebt\u00eb vit. Kompania Baidu nuk i ka konfirmuar k\u00ebto njoftime.<\/span><\/p>\n<p><span style=\"color: #000000;\">Megjithat\u00eb, jo t\u00eb gjith\u00eb kinez\u00ebt e duan kompanin\u00eb Apple. Nj\u00eb video, q\u00eb ka marr\u00eb shum\u00eb klikime n\u00eb mediat sociale kineze tregon nj\u00eb grua kineze me rroba t\u00eb verdha, nj\u00eb kapel\u00eb bejzbolli dhe nj\u00eb mask\u00eb duke u b\u00ebrtitur njer\u00ebzve q\u00eb ishin n\u00eb radh\u00eb n\u00eb dyqanin e ri t\u00eb kompanis\u00eb Apple nj\u00eb nat\u00eb para hapjes s\u00eb tij, &#8220;Ju adhuroni dhe favorizoni gj\u00ebrat e huaja.&#8221;<\/span><\/p>\n<p><span style=\"color: #000000;\">Nj\u00eb person n\u00eb radh\u00eb e pyeti at\u00eb: <em>&#8220;A e dini sa vende pune krijon kompania Apple n\u00eb Kin\u00eb \u00e7do vit?&#8221;<\/em><\/span><\/p>\n<p><span style=\"color: #000000;\">Gruaja u p\u00ebrgjigj: &#8220;<em>Nuk kemi nevoj\u00eb p\u00ebr k\u00ebt\u00eb, ne kemi Huawei-n ton\u00eb!&#8221;<\/em><\/span><\/p>\n<p><span style=\"color: #000000;\">Kjo pasqyron sfidat me t\u00eb cilat p\u00ebrballet kompania Apple n\u00eb Kin\u00eb. D\u00ebrgesat e telefonave iPhone n\u00eb Kin\u00eb ran\u00eb me rreth 33% n\u00eb shkurt krahasuar me nj\u00eb vit m\u00eb par\u00eb, sipas t\u00eb dh\u00ebnave zyrtare, duke sh\u00ebnuar nj\u00eb muaj t\u00eb dyt\u00eb radhazi me m\u00eb pak d\u00ebrgesa.<\/span><\/p>\n<p><span style=\"color: #000000;\">Frank Lee nga kompania \u201cBlue Ocean Capital\u201d n\u00eb Pekin, tha se shumica e p\u00ebrdoruesve kinez\u00eb t\u00eb telefonave iPhone kan\u00eb nj\u00eb p\u00ebrvoj\u00eb t\u00eb mir\u00eb me produktet e kompanis\u00eb Apple, k\u00ebshtu q\u00eb ata vazhdojn\u00eb t\u00eb jen\u00eb klient\u00eb besnik\u00eb t\u00eb kompanis\u00eb. Megjithat\u00eb, ka nj\u00eb prirje t\u00eb qart\u00eb t\u00eb r\u00ebnies s\u00eb shitjeve t\u00eb produkteve t\u00eb kompanis\u00eb Apple p\u00ebr shkak t\u00eb konkurrenc\u00ebs me kompanit\u00eb vendase kineze.<\/span><\/p>\n<p><span style=\"color: #000000;\"><em>&#8220;Un\u00eb mendoj se hapja e nj\u00eb dyqani nga Apple n\u00eb Shangai do t\u00eb luaj\u00eb nj\u00eb rol t\u00eb caktuar n\u00eb rritjen e shitjeve t\u00eb saj n\u00eb Kin\u00eb, por nuk mund t\u00eb ndryshoj\u00eb rr\u00ebnj\u00ebsisht prirjen e p\u00ebrgjithshme t\u00eb r\u00ebnies s\u00eb ngadalt\u00eb t\u00eb p\u00ebrdorimit t\u00eb telefonave iPhone n\u00eb Kin\u00eb&#8221;,<\/em> tha Lee p\u00ebr Z\u00ebrin e Amerik\u00ebs.<\/span><\/p>\n<p><span style=\"color: #000000;\">Megjithat\u00eb, Cook shprehu besimin e tij n\u00eb tregun kinez. &#8220;Un\u00eb i dua njer\u00ebzit dhe kultur\u00ebn e Kin\u00ebs. Sa her\u00eb q\u00eb vij k\u00ebtu, m\u00eb kujtohet se gjith\u00e7ka \u00ebsht\u00eb e mundur k\u00ebtu&#8221;, tha ai p\u00ebr mediat kineze. Komentet e Cook jan\u00eb kritikuar, duke u cil\u00ebsuar si nj\u00eb lavd\u00ebrim i trajtimit arrogant nga qeveria kineze t\u00eb nd\u00ebrmarrjeve private.<\/span><\/p>\n<p><span style=\"color: #000000;\">Jonathan Eyal nga Instituti Mbret\u00ebror p\u00ebr Studime t\u00eb Mbrojtjes dhe Siguris\u00eb n\u00eb Britani, shkroi n\u00eb platform\u00ebn X, &#8220;&#8221;Gjith\u00e7ka \u00ebsht\u00eb e mundur&#8221; n\u00eb Kin\u00eb, thot\u00eb Tim Cook nga kompania Apple. P\u00ebrfshir\u00eb arrestimin dhe shpron\u00ebsimin. Dhe humbjen e tregut me nj\u00eb goditje t\u00eb nj\u00eb stilolapsi burokratik.&#8221;<\/span><\/p>\n<p><span style=\"color: #000000;\">Analist\u00ebt thon\u00eb se komentet e zotit Cook nuk ishin t\u00eb sinqerta. N\u00eb vitet e fundit, kompania Apple ka zgjeruar operacionet e saj n\u00eb Indi. Vitin e kaluar, telefonat e par\u00eb iPhone t\u00eb prodhuar n\u00eb Indi u prezantuan n\u00eb tregun global me modelin iPhone 15.<\/span><\/p>\n<p><span style=\"color: #000000;\">Eli Friedman, profesor i tregut global t\u00eb pun\u00ebs n\u00eb Universitetin Cornell, thot\u00eb se marr\u00ebdh\u00ebniet me p\u00ebrfitim reciprok mes kompanive amerikane dhe Pekinit nuk kan\u00eb m\u00eb pesh\u00eb diplomatike.<\/span><\/p>\n<p><span style=\"color: #000000;\"><em>\u201cKonsensusi i vjet\u00ebr se korporatat amerikane mund t\u00eb shfryt\u00ebzojn\u00eb punonj\u00ebsit kinez\u00eb dhe Kina mund t\u00eb p\u00ebrfitoj\u00eb nga transferimi i teknologjis\u00eb nuk po funksionon. Ju premtoj\u00eb se ofrimi i disa stimujve nga Kina p\u00ebr kompanin\u00eb Apple nuk do t\u00eb ndihmoj\u00eb n\u00eb stabilizimin e marr\u00ebdh\u00ebnieve SHBA-Kin\u00eb<\/em>\u201d, tha ai.\/<span style=\"color: #0000ff;\"><a style=\"color: #0000ff;\" href=\"https:\/\/www.zeriamerikes.com\/a\/7544135.html\">VOA<\/a><\/span><\/span><\/p>\n","protected":false,"gt_translate_keys":[{"key":"rendered","format":"html"}]},"excerpt":{"rendered":"<p>&nbsp; Tim Cook, drejtori ekzekutiv i gjigantit amerikan t\u00eb teknologjis\u00eb Apple, po p\u00ebrballet me kritika n\u00eb Shtetet e Bashkuara p\u00ebr komentet lavd\u00ebruese q\u00eb ai b\u00ebri p\u00ebr Kin\u00ebn gjat\u00eb nj\u00eb vizite t\u00eb fundit n\u00eb p\u00ebrpjekje p\u00ebr t\u00eb nxitur shitjet e telefonave inteligjent\u00eb iPhone. Cook ishte n\u00eb Shangai p\u00ebr hapjen e dyqanit m\u00eb t\u00eb madh t\u00eb kompanis\u00eb [&hellip;]<\/p>\n","protected":false,"gt_translate_keys":[{"key":"rendered","format":"html"}]},"author":30,"featured_media":663824,"comment_status":"closed","ping_status":"open","sticky":false,"template":"","format":"standard","meta":{"footnotes":""},"categories":[6],"tags":[],"class_list":["post-663823","post","type-post","status-publish","format-standard","has-post-thumbnail","hentry","category-nderkombetare"],"gt_translate_keys":[{"key":"link","format":"url"}],"_links":{"self":[{"href":"https:\/\/www.hashtag.al\/index.php\/wp-json\/wp\/v2\/posts\/663823","targetHints":{"allow":["GET"]}}],"collection":[{"href":"https:\/\/www.hashtag.al\/index.php\/wp-json\/wp\/v2\/posts"}],"about":[{"href":"https:\/\/www.hashtag.al\/index.php\/wp-json\/wp\/v2\/types\/post"}],"author":[{"embeddable":true,"href":"https:\/\/www.hashtag.al\/index.php\/wp-json\/wp\/v2\/users\/30"}],"replies":[{"embeddable":true,"href":"https:\/\/www.hashtag.al\/index.php\/wp-json\/wp\/v2\/comments?post=663823"}],"version-history":[{"count":0,"href":"https:\/\/www.hashtag.al\/index.php\/wp-json\/wp\/v2\/posts\/663823\/revisions"}],"wp:featuredmedia":[{"embeddable":true,"href":"https:\/\/www.hashtag.al\/index.php\/wp-json\/wp\/v2\/media\/663824"}],"wp:attachment":[{"href":"https:\/\/www.hashtag.al\/index.php\/wp-json\/wp\/v2\/media?parent=663823"}],"wp:term":[{"taxonomy":"category","embeddable":true,"href":"https:\/\/www.hashtag.al\/index.php\/wp-json\/wp\/v2\/categories?post=663823"},{"taxonomy":"post_tag","embeddable":true,"href":"https:\/\/www.hashtag.al\/index.php\/wp-json\/wp\/v2\/tags?post=663823"}],"curies":[{"name":"wp","href":"https:\/\/api.w.org\/{rel}","templated":true}]}}