{"id":663773,"date":"2024-03-26T20:53:11","date_gmt":"2024-03-26T19:53:11","guid":{"rendered":"https:\/\/www.hashtag.al\/?p=663773"},"modified":"2024-03-26T20:53:11","modified_gmt":"2024-03-26T19:53:11","slug":"gervalla-nuk-ka-tension-ne-marredheniet-me-shba-te","status":"publish","type":"post","link":"https:\/\/www.hashtag.al\/index.php\/2024\/03\/26\/gervalla-nuk-ka-tension-ne-marredheniet-me-shba-te\/","title":{"rendered":"G\u00ebrvalla: Nuk ka tension n\u00eb marr\u00ebdh\u00ebniet me SHBA-t\u00eb","gt_translate_keys":[{"key":"rendered","format":"text"}]},"content":{"rendered":"<p style=\"text-align: left;\"><span style=\"color: #000000;\"><img loading=\"lazy\" decoding=\"async\" class=\"size-full wp-image-663775 aligncenter\" src=\"https:\/\/www.hashtag.al\/wp-content\/uploads\/2024\/03\/Screenshot-2024-03-26-205144-1.png\" alt=\"\" width=\"983\" height=\"475\" srcset=\"https:\/\/www.hashtag.al\/wp-content\/uploads\/2024\/03\/Screenshot-2024-03-26-205144-1.png 983w, https:\/\/www.hashtag.al\/wp-content\/uploads\/2024\/03\/Screenshot-2024-03-26-205144-1-300x145.png 300w, https:\/\/www.hashtag.al\/wp-content\/uploads\/2024\/03\/Screenshot-2024-03-26-205144-1-768x371.png 768w\" sizes=\"auto, (max-width: 983px) 100vw, 983px\" \/><\/span><\/p>\n<p style=\"text-align: left;\"><span style=\"color: #000000;\">Ministrja e Jashtme e Kosov\u00ebs Donika G\u00ebrvalla tha se marr\u00ebdh\u00ebnien e Kosov\u00ebs me Shtetet e Bashkuara jan\u00eb shum\u00eb t\u00eb mira, pavar\u00ebsisht se mbi disa tema nuk pajtohen plot\u00ebsisht.<\/span><\/p>\n<p style=\"text-align: left;\"><span style=\"color: #000000;\">Nd\u00ebrsa diplomat\u00ebt amerikan\u00eb jan\u00eb shprehur se mungesa e bashk\u00ebrendimit p\u00ebr \u00e7\u00ebshtjen e p\u00ebrdorimit t\u00eb dinarit ka d\u00ebmtuar partneritetin me qeverin\u00eb e Kosov\u00ebs, zonja G\u00ebrvalla tha se \u201cka disa tema ku nuk pajtohemi 100 p\u00ebr qind n\u00eb aspektin teknik\u201d, duke shtuar se \u201cv\u00ebnia n\u00eb pik\u00ebpyetje e marr\u00ebdh\u00ebnieve mes Kosov\u00ebs dhe Shteteve t\u00eb Bashkuara t\u00eb Amerik\u00ebs nuk ka ndodhur asnj\u00ebher\u00eb\u201d.<\/span><\/p>\n<p style=\"text-align: left;\"><span style=\"color: #000000;\">Gjat\u00eb nj\u00eb interviste p\u00ebr Z\u00ebrin e Amerik\u00ebs, ajo foli edhe mbi munges\u00ebn e p\u00ebrparimit t\u00eb bisedimeve mes Kosov\u00ebs dhe Serbis\u00eb.<\/span><\/p>\n<p style=\"text-align: left;\"><span style=\"color: #000000;\"><em>\u201cN\u00ebse \u00e7do gj\u00eb q\u00eb b\u00ebjm\u00eb n\u00eb Bruksel n\u00ebn nd\u00ebrmjet\u00ebsimin e partner\u00ebve tan\u00eb evropian\u00eb, koh\u00ebn e skadenc\u00ebs e ka derisa Serbia t\u00eb t\u00ebrhiqet, at\u00ebher\u00eb duhet vetes t\u2019ia shtrojm\u00eb pyetjen sa ia vlen q\u00eb shpenzojm\u00eb kaq shum\u00eb koh\u00eb n\u00eb Bruksel p\u00ebr marr\u00ebveshje q\u00eb n\u00eb fund edhe ashtu, nuk e obligojn\u00eb Serbin\u00eb t\u2019u p\u00ebrmbahet\u201d,<\/em> u shpreh ajo.<\/span><\/p>\n<p style=\"text-align: left;\"><span style=\"color: #000000;\">Sa i p\u00ebrket mund\u00ebsis\u00eb q\u00eb Mali i Zi t\u00eb votoj\u00eb kund\u00ebr an\u00ebtar\u00ebsimit t\u00eb Kosov\u00ebs n\u00eb K\u00ebshillin e Evrop\u00ebs, zonja G\u00ebrvalla tha se \u201cdo t\u00eb ishte natyrisht nj\u00eb regres i r\u00ebnd\u00eb n\u00eb raportet tona bilaterale, prandaj nuk besoj se Mali i Zi do t\u00eb marr nj\u00eb vendim t\u00eb till\u00eb\u201d.<\/span><\/p>\n<p style=\"text-align: left;\"><span style=\"color: #000000;\"><strong>Zeri Amerik\u00ebs<\/strong><em>: Zonja G\u00ebrvalla nes\u00ebr n\u00eb mbledhjen e Komisionit p\u00ebr politik\u00eb dhe demokraci t\u00eb Asambles\u00eb Parlamentare t\u00eb K\u00ebshillit t\u00eb Evrop\u00ebs pritet t\u00eb diskutohet raporti p\u00ebr Kosov\u00ebn. Cilat jan\u00eb pritshm\u00ebrit\u00eb tuaja?<\/em><\/span><\/p>\n<p style=\"text-align: left;\"><span style=\"color: #000000;\"><strong>Donika G\u00ebrvalla:<\/strong> <em>Ne mendojm\u00eb se n\u00ebse nes\u00ebr krijohet kuorumi i nevojsh\u00ebm p\u00ebr trajtimin e k\u00ebrkes\u00ebs p\u00ebr Kosov\u00ebn, at\u00ebher\u00eb mendojm\u00eb q\u00eb nj\u00eb k\u00ebrkes\u00eb e till\u00eb, pra raporti do t\u00eb mund t\u00eb miratohet. Dhe m\u00eb lejoni t\u00eb konstatoj sot se rrall\u00eb ndonj\u00ebher\u00eb n\u00eb historin\u00eb e an\u00ebtar\u00ebsimeve pas vitit 1990 n\u00eb K\u00ebshillin e Evrop\u00ebs ndonj\u00eb shtet ka qen\u00eb kaq i p\u00ebrgatitur p\u00ebr t\u2019u an\u00ebtar\u00ebsuar n\u00eb K\u00ebshillin e Evrop\u00ebs. Kemi vepruar s\u00eb bashku me t\u00eb gjith\u00eb mekanizmat e K\u00ebshillit t\u00eb Evrop\u00ebs, raporti \u00ebsht\u00eb pozitiv, t\u00eb gjitha detyrat e sht\u00ebpis\u00eb jan\u00eb b\u00ebr\u00eb, prandaj presim q\u00eb gjat\u00eb marsit, gjat\u00eb prillit por edhe gjat\u00eb majit t\u00eb kemi l\u00ebvizje n\u00eb k\u00ebt\u00eb drejtim.<\/em><\/span><\/p>\n<p style=\"text-align: left;\"><span style=\"color: #000000;\"><strong>Z\u00ebri i Amerik\u00ebs:<\/strong> <em>Zonja G\u00ebrvalla, megjithat\u00eb zyrtar\u00eb t\u00eb Malit t\u00eb Zi nga radh\u00ebt e Partis\u00eb Demokratike Popullore pro serbe lan\u00eb t\u00eb kuptohet se delegacioni i tyre do t\u00eb votoj\u00eb kund\u00ebr an\u00ebtar\u00ebsimit t\u00eb Kosov\u00ebs n\u00eb K\u00ebshillin e Evrop\u00ebs ndon\u00ebse vendi e njeh pavar\u00ebsin\u00eb e Kosov\u00ebs. A i druheni vot\u00ebs n\u00eb Asamblen\u00eb Parlamentare n\u00eb muajin prill apo n\u00eb K\u00ebshillin e Ministrave n\u00eb takimin e majit?<\/em><\/span><\/p>\n<p style=\"text-align: left;\"><span style=\"color: #000000;\"><strong>Donika G\u00ebrvalla:<\/strong> <em>Vota p\u00ebr an\u00ebtar\u00ebsimin e Kosov\u00ebs q\u00eb do t\u00eb jepet nga Asambleja Parlamentare e K\u00ebshillit t\u00eb Evrop\u00ebs do t\u00eb jet\u00eb nj\u00eb vot\u00eb masive pozitive p\u00ebr Kosov\u00ebn, t\u00eb pakt\u00ebn k\u00ebshtu na tregojn\u00eb t\u00eb gjitha bisedat q\u00eb kemi zhvilluar deri tani nd\u00ebrsa sa i p\u00ebrket Malit t\u00eb Zi, me Malin e Zi kemi marr\u00ebdh\u00ebnie t\u00eb mira dhe un\u00eb nuk besoj q\u00eb shtetet tona fqinje do t\u00eb duhej t\u00eb votonin kund\u00ebr, megjithat\u00eb mbet\u00ebt t\u00eb shohim gjat\u00eb dit\u00ebve t\u00eb ardhshme.<\/em><\/span><\/p>\n<p style=\"text-align: left;\"><span style=\"color: #000000;\"><em>Nuk do t\u00eb varet nga vota e Malit t\u00eb Zi an\u00ebtar\u00ebsimi apo mos an\u00ebtar\u00ebsimi i Kosov\u00ebs, por do t\u00eb ishte natyrisht nj\u00eb regres i r\u00ebnd\u00eb n\u00eb raportet tona bilaterale, prandaj nuk besoj se Mali i Zi do t\u00eb marr nj\u00eb vendim t\u00eb till\u00eb. <\/em><\/span><\/p>\n<p style=\"text-align: left;\"><span style=\"color: #000000;\"><strong>Z\u00ebri i Amerik\u00ebs:<\/strong> <em>Ju that\u00eb m\u00eb her\u00ebt se keni b\u00ebr\u00eb detyrat e sht\u00ebpis\u00eb. Mbyllja e \u00e7\u00ebshtjes s\u00eb pronave t\u00eb Manastirit t\u00eb De\u00e7anit p\u00ebrmbushi nj\u00eb nga kriteret q\u00eb lidhej drejtp\u00ebrdrejt\u00eb me k\u00ebrkes\u00ebn tuaj p\u00ebr t\u2019u an\u00ebtar\u00ebsuar n\u00eb K\u00ebshillin e Evrop\u00ebs. Por diplomat\u00eb amerikan\u00eb than\u00eb se \u00e7\u00ebshtje t\u00eb tjera si ajo e Asociacionit t\u00eb komunave me shumic\u00eb serbe mund t\u00eb ndikoj\u00eb n\u00eb k\u00ebt\u00eb proces. A mund t\u00eb shfaqet kjo \u00e7\u00ebshtje si penges\u00eb n\u00eb rrug\u00ebn tuaj?<\/em><\/span><\/p>\n<p style=\"text-align: left;\"><span style=\"color: #000000;\"><strong>Donika G\u00ebrvalla:<\/strong><em> Raporti i K\u00ebshillit t\u00eb Evrop\u00ebs e thot\u00eb shum\u00eb qart\u00eb se Kosova p\u00ebrmbush\u00eb t\u00eb gjitha standardet m\u00eb t\u00eb larta t\u00eb demokracis\u00eb, t\u00eb mbrojtjes s\u00eb t\u00eb drejtave t\u00eb njeriut, t\u00eb mbrojtjes s\u00eb t\u00eb drejtave t\u00eb komuniteteve jo shumic\u00eb, sundimi i ligjit dhe t\u00eb tjera q\u00eb jan\u00eb kritere p\u00ebr t\u2019u an\u00ebtar\u00ebsuar n\u00eb K\u00ebshillin e Evrop\u00ebs. I hapur pati mbetur vet\u00ebm implementimi nga ana e institucioneve i nj\u00eb vendimi t\u00eb Gjykat\u00ebs Kushtetuese t\u00eb Kosov\u00ebs, nj\u00eb tem\u00eb q\u00eb \u00ebsht\u00eb zgjidhur n\u00eb nd\u00ebrkoh\u00eb, dhe krijimi i kushteve shtes\u00eb, pra shtimi i kushteve t\u00eb cilat nuk jan\u00eb parapar\u00eb n\u00eb raport, do t\u00eb ishte nj\u00eb qasje shum\u00eb e padrejt\u00eb ndaj k\u00ebrkes\u00ebs son\u00eb, prandaj edhe nuk besoj q\u00eb ka p\u00ebr t\u00eb ndodhur.<\/em><\/span><\/p>\n<p style=\"text-align: left;\"><span style=\"color: #000000;\"><strong>Z\u00ebri i Amerik\u00ebs:<\/strong><em> Nj\u00eb dit\u00eb m\u00eb par\u00eb delegacionet e Kosov\u00ebs dhe Serbis\u00eb u takuan p\u00ebr her\u00eb t\u00eb dyt\u00eb n\u00eb Bruksel, por pa gjetur sukses p\u00ebr nj\u00eb zgjidhje rreth mb\u00ebshtetjes financiare t\u00eb serb\u00ebve t\u00eb Kosov\u00ebs nga Beogradi pas vendimit t\u00eb Bank\u00ebs Qendrore q\u00eb p\u00ebrcakton se p\u00ebr pagesat kesh mund t\u00eb p\u00ebrdoret ve\u00ebm monedha euro n\u00eb Kosov\u00eb. Cilat jan\u00eb gjasat p\u00ebr t\u00eb arritur nj\u00eb marr\u00ebvshje.<\/em><\/span><\/p>\n<p style=\"text-align: left;\"><span style=\"color: #000000;\"><strong>Donika G\u00ebrvalla:<\/strong><em> Nd\u00ebrkoh\u00eb q\u00eb duhet konstatuar q\u00eb nuk asnj\u00eb dyshim q\u00eb euro \u00ebsht\u00eb e vetmja monedh\u00eb q\u00eb vlen n\u00eb Kosov\u00eb, sipas parimit t\u00eb t\u00eb gjitha shteteve demokratike ku vlen \u2018nj\u00eb shtet \u2013 nj\u00eb valut\u00eb\u2019, kemi konstatuar q\u00eb mund t\u00eb ket\u00eb ndonj\u00eb problem aty-k\u00ebtu p\u00ebr ndonj\u00ebrin nga qytetar\u00ebt tan\u00eb q\u00eb duhet t\u00eb k\u00ebrkoj zgjidhje. Mir\u00ebpo, mos t\u00eb harrojm\u00eb se kemi q\u00eb nga viti 2011 q\u00eb diskutojm\u00eb me Serbin\u00eb n\u00eb Bruksel rreth institucioneve ilegale edhe rreth shp\u00ebrb\u00ebrjes s\u00eb tyre, q\u00eb ka qen\u00eb nj\u00eb premtim i qeveris\u00eb s\u00eb at\u00ebhershme serbe n\u00eb vitin 2013. Nj\u00eb shp\u00ebrb\u00ebrje e till\u00eb e t\u00ebr\u00ebsishme nuk ka ndodhur deri tani, prandaj edhe ende jemi duke diskutuar tema t\u00eb vjetra. Ne me Serbin\u00eb jemi marr\u00eb vesh n\u00eb Bruksel duke pranuar t\u00eb dyja pal\u00ebt at\u00eb q\u00eb n\u00eb fillim quhej propozimi franko-gjerman e m\u00eb pas u b\u00eb propozimi i BE-s\u00eb, i cili rezultoi n\u00eb marr\u00ebveshjen e 27 shkurtit t\u00eb vitit t\u00eb kaluar. N\u00eb si Kosov\u00eb kemi qen\u00eb e gatshme ta n\u00ebnshkruajm\u00eb menj\u00ebher\u00eb n\u00eb Bruksel. Serbia ka refuzuar. Sot, fatkeq\u00ebsisht nuk jemi n\u00eb gjendje t\u00eb themi kemi apo nuk kemi marr\u00ebveshje ligj\u00ebrisht t\u00eb obligueshme p\u00ebr t\u00eb dyja pal\u00ebt, p\u00ebr shkak se kemi mbetur e vetmja pal\u00eb, pra Kosova, q\u00eb lufton p\u00ebr implementimin e plot\u00eb t\u00eb asaj marr\u00ebveshjeje. N\u00ebse \u00e7do gj\u00eb q\u00eb b\u00ebjm\u00eb n\u00eb Bruksel n\u00ebn nd\u00ebrmjet\u00ebsimin e partner\u00ebve tan\u00eb evropian\u00eb, por edhe me ndihm\u00ebn e partner\u00ebve tjer\u00eb, dhe atyre t\u00eb Shteteve t\u00eb Bashkuara, koh\u00ebn e skadenc\u00ebs e ka vet\u00ebm disa jav\u00eb, derisa Serbia t\u00eb t\u00ebrhiqet nga ago vendime, at\u00ebher\u00eb duhet vetes t\u2019ia shtrojm\u00eb pyetjen sa ja vlen q\u00eb shpenzojm\u00eb kaq shum\u00eb koh\u00eb n\u00eb Bruksel p\u00ebr marr\u00ebveshje q\u00eb n\u00eb fund edhe ashtu, nuk e obligojn\u00eb Serbin\u00eb t\u2019u p\u00ebrmbahet.<\/em><\/span><\/p>\n<p style=\"text-align: left;\"><span style=\"color: #000000;\"><strong>Z\u00ebri i Amerik\u00ebs:<\/strong><em> \u00c7\u00ebshtja e dinarit nxiti mospajtime nd\u00ebrmjet jush dhe aleat\u00ebve kryesore t\u00eb Kosov\u00ebs, p\u00ebrfshir\u00eb Shtetet e Bashkuara. Diplomat\u00ebt amerikan\u00eb than\u00eb se mungesa e bashk\u00ebrendimit ka d\u00ebmtuar partneritetin me qeverin\u00eb tuaj. A jeni t\u00eb shqet\u00ebsuar p\u00ebr d\u00ebmtimin e k\u00ebtij partneriteti?<\/em><\/span><\/p>\n<p style=\"text-align: left;\"><span style=\"color: #000000;\"><strong>Donika G\u00ebrvalla:<\/strong><em> Un\u00eb mendoj se ka shum\u00eb keqkuptime dhe shum\u00eb keqinterpretime lidhur me nj\u00eb rregullore t\u00eb re t\u00eb Bank\u00ebs Qendrore t\u00eb Kosov\u00ebs q\u00eb \u00ebsht\u00eb nj\u00eb institucion i pavarur, n\u00eb pun\u00ebt e s\u00eb cil\u00ebs qeveria e Republik\u00ebs s\u00eb Kosov\u00ebs nuk p\u00ebrzihet. Mir\u00ebpo, \u00e7far\u00eb jemi duke diskutuar \u00ebsht\u00eb \u00e7\u00ebshtje e implementimit t\u00eb asaj rregulloreje, ku e kemi pranuar n\u00eb nd\u00ebrkoh\u00eb, se bashku me partner\u00ebt tan\u00eb q\u00eb mund t\u00eb jet\u00eb nevoj\u00eb aty-k\u00ebtu p\u00ebr ndonj\u00eb faz\u00eb m\u00eb t\u00eb gjat\u00eb ose m\u00eb t\u00eb zgjatur p\u00ebr implementimin e saj. Mund t\u2019ju them q\u00eb marr\u00ebdh\u00ebniet me Shtetet e Bashkuara t\u00eb Amerik\u00ebs jan\u00eb shum\u00eb t\u00eb mira. Dhe jan\u00eb shum\u00eb t\u00eb mira sepse n\u00eb t\u00eb gjitha temat q\u00eb trajtojm\u00eb n\u00eb rajonin ton\u00eb, kemi t\u00eb nj\u00ebjtin q\u00ebndrim dhe kemi t\u00eb nj\u00ebjtat synime.<\/em><\/span><\/p>\n<p style=\"text-align: left;\"><span style=\"color: #000000;\"><strong>Z\u00ebri i Amerik\u00ebs:<\/strong><em> Megjithat\u00eb shqet\u00ebsimi ka qen\u00eb i pranish\u00ebm zonj\u00eb G\u00ebrvalla mbi q\u00ebndrimet q\u00eb kan\u00eb mbajtur autoritetet e Prishtin\u00eb mbi \u00e7\u00ebshtjen e dinarit. A mendoni se mund t\u00eb ket\u00eb nj\u00eb ndryshim t\u00eb q\u00ebndrimit tuaj p\u00ebr t\u00eb zbutur k\u00ebt\u00eb tensionim t\u00eb raporteve?<\/em><\/span><\/p>\n<p style=\"text-align: left;\"><span style=\"color: #000000;\"><strong>Donika G\u00ebrvalla:<\/strong><em> Ne, e para, nuk kemi tensionim t\u00eb raporteve prandaj duhet t\u00eb ishim shum\u00eb t\u00eb kujdessh\u00ebm n\u00eb terminologjin\u00eb q\u00eb p\u00ebrdorim. Kemi disa tema ku nuk pajtohemi 100 p\u00ebr qind n\u00eb aspektin teknik, mir\u00ebpo kjo \u00ebsht\u00eb plot\u00ebsisht normale n\u00eb marr\u00ebdh\u00ebniet mes dy partner\u00ebsh t\u00eb ngusht\u00eb. Konsideroj se kjo \u00ebsht\u00eb shum\u00eb normale, jo vet\u00ebm mes partner\u00ebsh, mes dy shtetesh, por \u00ebsht\u00eb normale edhe n\u00eb nj\u00eb familje, e cila, p\u00ebrs\u00ebri po e p\u00ebrs\u00ebris, kemi t\u00eb nj\u00ebjtat synime t\u00eb dyja, edhe SHBA edhe Republika e Kosov\u00ebs, n\u00eb t\u00eb gjitha temat q\u00eb kan\u00eb t\u00eb b\u00ebjn\u00eb me rajonin ton\u00eb edhe me p\u00ebrparimin e vendeve tona. Q\u00eb kemi debat lidhur me tema t\u00eb caktuara \u00ebsht\u00eb krejt\u00ebsisht normale. Mir\u00ebpo, v\u00ebnia n\u00eb pik\u00ebpyetje e marr\u00ebdh\u00ebnieve mes Kosov\u00ebs dhe Shteteve t\u00eb Bashkuara t\u00eb Amerik\u00ebs nuk ka ndodhur asnj\u00ebher\u00eb dhe nuk ka qeveri t\u00eb Kosov\u00ebs, nuk ka institucione t\u00eb Kosov\u00ebs, as k\u00ebto t\u00eb tanishmet, as ato q\u00eb mund t\u00eb vijn\u00eb n\u00eb t\u00eb ardhmen t\u00eb cilat do t\u00eb mund ta vinin n\u00eb pik\u00ebpyetje nj\u00eb relacion t\u00eb till\u00eb<\/em>, shkruan<\/span> <span style=\"color: #0000ff;\"><strong><a style=\"color: #0000ff;\" href=\"https:\/\/www.zeriamerikes.com\/a\/7543559.html\">VOA.<\/a><\/strong><\/span><\/p>\n","protected":false,"gt_translate_keys":[{"key":"rendered","format":"html"}]},"excerpt":{"rendered":"<p>Ministrja e Jashtme e Kosov\u00ebs Donika G\u00ebrvalla tha se marr\u00ebdh\u00ebnien e Kosov\u00ebs me Shtetet e Bashkuara jan\u00eb shum\u00eb t\u00eb mira, pavar\u00ebsisht se mbi disa tema nuk pajtohen plot\u00ebsisht. Nd\u00ebrsa diplomat\u00ebt amerikan\u00eb jan\u00eb shprehur se mungesa e bashk\u00ebrendimit p\u00ebr \u00e7\u00ebshtjen e p\u00ebrdorimit t\u00eb dinarit ka d\u00ebmtuar partneritetin me qeverin\u00eb e Kosov\u00ebs, zonja G\u00ebrvalla tha se \u201cka [&hellip;]<\/p>\n","protected":false,"gt_translate_keys":[{"key":"rendered","format":"html"}]},"author":4,"featured_media":663775,"comment_status":"closed","ping_status":"open","sticky":false,"template":"","format":"standard","meta":{"footnotes":""},"categories":[149],"tags":[],"class_list":["post-663773","post","type-post","status-publish","format-standard","has-post-thumbnail","hentry","category-kosoverajon"],"gt_translate_keys":[{"key":"link","format":"url"}],"_links":{"self":[{"href":"https:\/\/www.hashtag.al\/index.php\/wp-json\/wp\/v2\/posts\/663773","targetHints":{"allow":["GET"]}}],"collection":[{"href":"https:\/\/www.hashtag.al\/index.php\/wp-json\/wp\/v2\/posts"}],"about":[{"href":"https:\/\/www.hashtag.al\/index.php\/wp-json\/wp\/v2\/types\/post"}],"author":[{"embeddable":true,"href":"https:\/\/www.hashtag.al\/index.php\/wp-json\/wp\/v2\/users\/4"}],"replies":[{"embeddable":true,"href":"https:\/\/www.hashtag.al\/index.php\/wp-json\/wp\/v2\/comments?post=663773"}],"version-history":[{"count":0,"href":"https:\/\/www.hashtag.al\/index.php\/wp-json\/wp\/v2\/posts\/663773\/revisions"}],"wp:featuredmedia":[{"embeddable":true,"href":"https:\/\/www.hashtag.al\/index.php\/wp-json\/wp\/v2\/media\/663775"}],"wp:attachment":[{"href":"https:\/\/www.hashtag.al\/index.php\/wp-json\/wp\/v2\/media?parent=663773"}],"wp:term":[{"taxonomy":"category","embeddable":true,"href":"https:\/\/www.hashtag.al\/index.php\/wp-json\/wp\/v2\/categories?post=663773"},{"taxonomy":"post_tag","embeddable":true,"href":"https:\/\/www.hashtag.al\/index.php\/wp-json\/wp\/v2\/tags?post=663773"}],"curies":[{"name":"wp","href":"https:\/\/api.w.org\/{rel}","templated":true}]}}