{"id":663770,"date":"2024-03-26T20:29:04","date_gmt":"2024-03-26T19:29:04","guid":{"rendered":"https:\/\/www.hashtag.al\/?p=663770"},"modified":"2024-03-26T20:29:04","modified_gmt":"2024-03-26T19:29:04","slug":"meta-takon-kreun-e-kmsh-se-te-ruhen-vlerat-komuniteteve-fetare-tu-kthehen-pronat","status":"publish","type":"post","link":"https:\/\/www.hashtag.al\/index.php\/2024\/03\/26\/meta-takon-kreun-e-kmsh-se-te-ruhen-vlerat-komuniteteve-fetare-tu-kthehen-pronat\/","title":{"rendered":"Meta takon kreun e KMSH-s\u00eb: T\u00eb ruhen vlerat, komuniteteve fetare t\u2019u kthehen pronat","gt_translate_keys":[{"key":"rendered","format":"text"}]},"content":{"rendered":"<p><span style=\"color: #000000;\"><a style=\"color: #000000;\" href=\"https:\/\/www.hashtag.al\/wp-content\/uploads\/2024\/03\/meta-2.jpg\"><img loading=\"lazy\" decoding=\"async\" class=\"aligncenter size-full wp-image-663771\" src=\"https:\/\/www.hashtag.al\/wp-content\/uploads\/2024\/03\/meta-2.jpg\" alt=\"\" width=\"768\" height=\"538\" srcset=\"https:\/\/www.hashtag.al\/wp-content\/uploads\/2024\/03\/meta-2.jpg 768w, https:\/\/www.hashtag.al\/wp-content\/uploads\/2024\/03\/meta-2-300x210.jpg 300w, https:\/\/www.hashtag.al\/wp-content\/uploads\/2024\/03\/meta-2-570x400.jpg 570w, https:\/\/www.hashtag.al\/wp-content\/uploads\/2024\/03\/meta-2-360x252.jpg 360w\" sizes=\"auto, (max-width: 768px) 100vw, 768px\" \/><\/a><\/span><\/p>\n<p><span style=\"color: #000000;\">Sot, Kreu i Partis\u00eb s\u00eb Liris\u00eb, Ilir Meta, ka zhvilluar nj\u00eb takim me Kryetarin e rizgjedhur t\u00eb Komunitetit Mysliman Shqiptar, Haxhi Bujar Spahiu, ku e uroi p\u00ebr Muajin e Madh\u00ebrish\u00ebm t\u00eb Ramazanit me urime t\u00eb p\u00ebrzem\u00ebrta.<\/span><\/p>\n<p><span style=\"color: #000000;\">N\u00eb k\u00ebt\u00eb takim, Meta p\u00ebrg\u00ebzoi zotin Spahiu p\u00ebr rizgjedhjen n\u00eb k\u00ebt\u00eb detyr\u00eb t\u00eb r\u00ebnd\u00ebsishme dhe shprehu vler\u00ebsimin p\u00ebr kontributin e jasht\u00ebzakonsh\u00ebm t\u00eb Komunitetit Mysliman Shqiptar n\u00eb promovimin e bashk\u00ebjetes\u00ebs dhe harmonis\u00eb fetare n\u00eb vend.<\/span><\/p>\n<p><span style=\"color: #000000;\">Ai theksoi se ky komunitet ka qen\u00eb nj\u00eb faktor stabiliteti dhe paqeje n\u00eb shoq\u00ebrin\u00eb shqiptare, duke e vler\u00ebsuar si nj\u00eb sy balli p\u00ebr t\u00eb gjith\u00eb.<\/span><\/p>\n<p><span style=\"color: #000000;\">Meta gjithashtu theksoi r\u00ebnd\u00ebsin\u00eb e bashk\u00ebpunimit t\u00eb t\u00eb gjitha bashk\u00ebsive fetare n\u00eb forcimin e vlerave komb\u00ebtare dhe n\u00eb luft\u00ebn kund\u00ebr shpopullimit, drog\u00ebs dhe kriminalitetit q\u00eb d\u00ebmtojn\u00eb kohezionin social dhe familjet. Ai b\u00ebri thirrje p\u00ebr intensifikimin e p\u00ebrpjekjeve p\u00ebr kthimin e pronave bashk\u00ebsive fetare dhe kompensimin e tyre sa m\u00eb par\u00eb.<\/span><\/p>\n<p><span style=\"color: #000000;\">\u201c<em>Zhvillova sot nj\u00eb takim t\u00eb ngroht\u00eb me Kryetarin e Komunitetit Mysliman Shqiptar, Haxhi Bujar Spahiu, me t\u00eb cilin ndava urimet m\u00eb t\u00eb p\u00ebrzem\u00ebrta p\u00ebr Muajin e Madh\u00ebrish\u00ebm t\u00eb Ramazanit.<\/em><\/span><\/p>\n<p><span style=\"color: #000000;\"><em>E p\u00ebrg\u00ebzova z.Spahiu p\u00ebr rizgjedhjen n\u00eb k\u00ebt\u00eb detyr\u00eb t\u00eb r\u00ebnd\u00ebsishme dhe i shpreha vler\u00ebsimin tim p\u00ebr rolin e shquar t\u00eb Komunitetit Mysliman Shqiptar, q\u00eb nga themelimi i shtetit shqiptar e deri n\u00eb dit\u00ebt e sotme, n\u00eb promovimin e bashk\u00ebjetes\u00ebs dhe harmonis\u00eb fetare n\u00eb vend, si dhe n\u00eb forcimin e shtetit ton\u00eb.<\/em><\/span><\/p>\n<p><span style=\"color: #000000;\"><em>Vler\u00ebsova faktin se Komuniteti Mysliman Shqiptar tradicionalisht ka qen\u00eb faktor stabiliteti, paqeje e mir\u00ebkuptimi n\u00eb shoq\u00ebrin\u00eb shqiptare, vlera t\u00eb cilat duhen ruajtur si syt\u00eb e ballit.<\/em><\/span><\/p>\n<p><span style=\"color: #000000;\"><em>Komuniteti Mysliman Shqiptar, ashtu edhe t\u00eb gjitha bashk\u00ebsit\u00eb fetare n\u00eb vend, kan\u00eb nj\u00eb rol t\u00eb jasht\u00ebzakonsh\u00ebm p\u00ebr forcimin e vlerave komb\u00ebtare, ndalimin e shpopullimit, mbajtjen e rinis\u00eb larg veseve, drog\u00ebs dhe kriminalitetit, q\u00eb\u00a0 d\u00ebmtojn\u00eb kohezionin social dhe shkat\u00ebrrojn\u00eb familje dhe jet\u00eb nj\u00ebr\u00ebzish.<\/em><\/span><\/p>\n<p><span style=\"color: #000000;\"><em>T\u00eb intensifikohen p\u00ebrpjekjet p\u00ebr t\u00eb b\u00ebr\u00eb t\u00eb mundur kthimin e pronave bashk\u00ebsive fetare dhe kompensimin e tyre sa m\u00eb par\u00eb.<\/em><\/span><\/p>\n<p><span style=\"color: #000000;\"><em>N\u00eb Muajin e Madh\u00ebrish\u00ebm t\u00eb Ramazanit u bashkohem lutjeve p\u00ebr agj\u00ebrim t\u00eb leht\u00eb dhe t\u00eb pranuar, p\u00ebr bekime, sh\u00ebndet dhe lumturi n\u00eb \u00e7do familje shqiptare!\u201d-<\/em>shkruan Meta.<\/span><\/p>\n","protected":false,"gt_translate_keys":[{"key":"rendered","format":"html"}]},"excerpt":{"rendered":"<p>Sot, Kreu i Partis\u00eb s\u00eb Liris\u00eb, Ilir Meta, ka zhvilluar nj\u00eb takim me Kryetarin e rizgjedhur t\u00eb Komunitetit Mysliman Shqiptar, Haxhi Bujar Spahiu, ku e uroi p\u00ebr Muajin e Madh\u00ebrish\u00ebm t\u00eb Ramazanit me urime t\u00eb p\u00ebrzem\u00ebrta. N\u00eb k\u00ebt\u00eb takim, Meta p\u00ebrg\u00ebzoi zotin Spahiu p\u00ebr rizgjedhjen n\u00eb k\u00ebt\u00eb detyr\u00eb t\u00eb r\u00ebnd\u00ebsishme dhe shprehu vler\u00ebsimin p\u00ebr kontributin [&hellip;]<\/p>\n","protected":false,"gt_translate_keys":[{"key":"rendered","format":"html"}]},"author":32,"featured_media":663771,"comment_status":"closed","ping_status":"open","sticky":false,"template":"","format":"standard","meta":{"footnotes":""},"categories":[65,13],"tags":[],"class_list":["post-663770","post","type-post","status-publish","format-standard","has-post-thumbnail","hentry","category-lajme","category-te-fundit"],"gt_translate_keys":[{"key":"link","format":"url"}],"_links":{"self":[{"href":"https:\/\/www.hashtag.al\/index.php\/wp-json\/wp\/v2\/posts\/663770","targetHints":{"allow":["GET"]}}],"collection":[{"href":"https:\/\/www.hashtag.al\/index.php\/wp-json\/wp\/v2\/posts"}],"about":[{"href":"https:\/\/www.hashtag.al\/index.php\/wp-json\/wp\/v2\/types\/post"}],"author":[{"embeddable":true,"href":"https:\/\/www.hashtag.al\/index.php\/wp-json\/wp\/v2\/users\/32"}],"replies":[{"embeddable":true,"href":"https:\/\/www.hashtag.al\/index.php\/wp-json\/wp\/v2\/comments?post=663770"}],"version-history":[{"count":0,"href":"https:\/\/www.hashtag.al\/index.php\/wp-json\/wp\/v2\/posts\/663770\/revisions"}],"wp:featuredmedia":[{"embeddable":true,"href":"https:\/\/www.hashtag.al\/index.php\/wp-json\/wp\/v2\/media\/663771"}],"wp:attachment":[{"href":"https:\/\/www.hashtag.al\/index.php\/wp-json\/wp\/v2\/media?parent=663770"}],"wp:term":[{"taxonomy":"category","embeddable":true,"href":"https:\/\/www.hashtag.al\/index.php\/wp-json\/wp\/v2\/categories?post=663770"},{"taxonomy":"post_tag","embeddable":true,"href":"https:\/\/www.hashtag.al\/index.php\/wp-json\/wp\/v2\/tags?post=663770"}],"curies":[{"name":"wp","href":"https:\/\/api.w.org\/{rel}","templated":true}]}}