{"id":663727,"date":"2024-03-26T18:24:06","date_gmt":"2024-03-26T17:24:06","guid":{"rendered":"https:\/\/www.hashtag.al\/?p=663727"},"modified":"2024-03-26T18:24:42","modified_gmt":"2024-03-26T17:24:42","slug":"kievi-paralajmeron-skemi-kerkuar-ushtare-nga-be-por-ajo-dite-mund-te-vije","status":"publish","type":"post","link":"https:\/\/www.hashtag.al\/index.php\/2024\/03\/26\/kievi-paralajmeron-skemi-kerkuar-ushtare-nga-be-por-ajo-dite-mund-te-vije\/","title":{"rendered":"Kievi paralajm\u00ebron: S\u2019kemi k\u00ebrkuar ushtar\u00eb nga BE por ajo dit\u00eb mund t\u00eb vij\u00eb","gt_translate_keys":[{"key":"rendered","format":"text"}]},"content":{"rendered":"<p style=\"text-align: left;\"><span style=\"color: #000000;\"><img loading=\"lazy\" decoding=\"async\" class=\"size-full wp-image-663728 aligncenter\" src=\"https:\/\/www.hashtag.al\/wp-content\/uploads\/2024\/03\/hjghjghj-1-600x336-1.jpg\" alt=\"\" width=\"600\" height=\"336\" srcset=\"https:\/\/www.hashtag.al\/wp-content\/uploads\/2024\/03\/hjghjghj-1-600x336-1.jpg 600w, https:\/\/www.hashtag.al\/wp-content\/uploads\/2024\/03\/hjghjghj-1-600x336-1-300x168.jpg 300w\" sizes=\"auto, (max-width: 600px) 100vw, 600px\" \/><\/span><\/p>\n<p style=\"text-align: left;\"><span style=\"color: #000000;\">Konflikti midis Mosk\u00ebs dhe Kievit mund t\u00eb arrij\u00eb n\u00eb nj\u00eb faz\u00eb ku vendet e BE-s\u00eb duhet t\u00eb vendosin trupa luftarake n\u00eb Ukrain\u00eb p\u00ebr t\u00eb kund\u00ebrshtuar p\u00ebrparimet ruse, ka paralajm\u00ebruar ministri i Jasht\u00ebm ukrainas Dmitry Kuleba.<\/span><\/p>\n<p style=\"text-align: left;\"><span style=\"color: #000000;\">N\u00eb nj\u00eb intervist\u00eb me Politico, Kuleba u ankua p\u00ebr r\u00ebnien e ndihm\u00ebs ushtarake per\u00ebndimore p\u00ebr Kievin n\u00eb muajt e fundit.<\/span><\/p>\n<p style=\"text-align: left;\"><span style=\"color: #000000;\">Kuleba shprehu keqardhjen p\u00ebr rezistenc\u00ebn e ligjv\u00ebn\u00ebsve republikan\u00eb ndaj p\u00ebrpjekjeve t\u00eb administrat\u00ebs s\u00eb presidentit amerikan Joe Biden p\u00ebr t\u00eb shtyr\u00eb 60 miliard\u00eb dollar\u00eb t\u00eb tjera ndihm\u00eb p\u00ebr Ukrain\u00ebn.<\/span><\/p>\n<p style=\"text-align: left;\"><span style=\"color: #000000;\">Ai hodhi posht\u00eb gjithashtu nj\u00eb pyetje n\u00eb lidhje me hezitimin e Gjermanis\u00eb p\u00ebr t\u00eb furnizuar raketa me rreze t\u00eb gjat\u00eb Taurus, duke th\u00ebn\u00eb se \u00ebsht\u00eb \u201clodhur duke iu p\u00ebrgjigjur k\u00ebsaj.\u201d<\/span><\/p>\n<p style=\"text-align: left;\"><span style=\"color: #000000;\">Megjithat\u00eb, presidenti francez Emmanuel Macron, i cili tha muajin e kaluar se ai \u201cnuk mund t\u00eb p\u00ebrjashtoj\u00eb\u201d mund\u00ebsin\u00eb e d\u00ebrgimit t\u00eb ushtar\u00ebve nga vendet e NATO-s n\u00eb Ukrain\u00eb, i shmangu kritikat e tij.<\/span><\/p>\n<p style=\"text-align: left;\"><span style=\"color: #000000;\"><em>\u201cNe ishim t\u00eb k\u00ebnaqur q\u00eb pam\u00eb presidentin Macron t\u00eb shkoj\u00eb n\u00eb at\u00eb drejtim\u201d,<\/em> tha ministri i Jasht\u00ebm ukrainas.<\/span><\/p>\n<p style=\"text-align: left;\"><span style=\"color: #000000;\">Kievi nuk k\u00ebrkoi kurr\u00eb \u201cprezenc\u00ebn e trupave luftarake evropiane n\u00eb terren\u201d, por udh\u00ebheq\u00ebsit e BE-s\u00eb duhet t\u00eb m\u00ebsohen me iden\u00eb se \u201ckjo dit\u00eb mund t\u00eb vij\u00eb\u201d, theksoi Kuleba.<\/span><\/p>\n<p style=\"text-align: left;\"><span style=\"color: #000000;\"><em>\u201cUn\u00eb jam plot\u00ebsisht i vet\u00ebdijsh\u00ebm se evropian\u00ebt nuk jan\u00eb m\u00ebsuar me iden\u00eb e luft\u00ebs. Por kjo \u00ebsht\u00eb nj\u00eb pakujdesi q\u00eb evropian\u00ebt thjesht nuk mund ta p\u00ebrballojn\u00eb as p\u00ebr veten e as p\u00ebr f\u00ebmij\u00ebt e tyre\u201d,<\/em> sepse \u201cn\u00ebse Ukraina humbet, Putin nuk do t\u00eb ndalet\u201d, tha ai.<\/span><\/p>\n","protected":false,"gt_translate_keys":[{"key":"rendered","format":"html"}]},"excerpt":{"rendered":"<p>Konflikti midis Mosk\u00ebs dhe Kievit mund t\u00eb arrij\u00eb n\u00eb nj\u00eb faz\u00eb ku vendet e BE-s\u00eb duhet t\u00eb vendosin trupa luftarake n\u00eb Ukrain\u00eb p\u00ebr t\u00eb kund\u00ebrshtuar p\u00ebrparimet ruse, ka paralajm\u00ebruar ministri i Jasht\u00ebm ukrainas Dmitry Kuleba. N\u00eb nj\u00eb intervist\u00eb me Politico, Kuleba u ankua p\u00ebr r\u00ebnien e ndihm\u00ebs ushtarake per\u00ebndimore p\u00ebr Kievin n\u00eb muajt e fundit. [&hellip;]<\/p>\n","protected":false,"gt_translate_keys":[{"key":"rendered","format":"html"}]},"author":4,"featured_media":663728,"comment_status":"closed","ping_status":"open","sticky":false,"template":"","format":"standard","meta":{"footnotes":""},"categories":[6],"tags":[],"class_list":["post-663727","post","type-post","status-publish","format-standard","has-post-thumbnail","hentry","category-nderkombetare"],"gt_translate_keys":[{"key":"link","format":"url"}],"_links":{"self":[{"href":"https:\/\/www.hashtag.al\/index.php\/wp-json\/wp\/v2\/posts\/663727","targetHints":{"allow":["GET"]}}],"collection":[{"href":"https:\/\/www.hashtag.al\/index.php\/wp-json\/wp\/v2\/posts"}],"about":[{"href":"https:\/\/www.hashtag.al\/index.php\/wp-json\/wp\/v2\/types\/post"}],"author":[{"embeddable":true,"href":"https:\/\/www.hashtag.al\/index.php\/wp-json\/wp\/v2\/users\/4"}],"replies":[{"embeddable":true,"href":"https:\/\/www.hashtag.al\/index.php\/wp-json\/wp\/v2\/comments?post=663727"}],"version-history":[{"count":0,"href":"https:\/\/www.hashtag.al\/index.php\/wp-json\/wp\/v2\/posts\/663727\/revisions"}],"wp:featuredmedia":[{"embeddable":true,"href":"https:\/\/www.hashtag.al\/index.php\/wp-json\/wp\/v2\/media\/663728"}],"wp:attachment":[{"href":"https:\/\/www.hashtag.al\/index.php\/wp-json\/wp\/v2\/media?parent=663727"}],"wp:term":[{"taxonomy":"category","embeddable":true,"href":"https:\/\/www.hashtag.al\/index.php\/wp-json\/wp\/v2\/categories?post=663727"},{"taxonomy":"post_tag","embeddable":true,"href":"https:\/\/www.hashtag.al\/index.php\/wp-json\/wp\/v2\/tags?post=663727"}],"curies":[{"name":"wp","href":"https:\/\/api.w.org\/{rel}","templated":true}]}}