{"id":663209,"date":"2024-03-23T23:09:37","date_gmt":"2024-03-23T22:09:37","guid":{"rendered":"https:\/\/www.hashtag.al\/?p=663209"},"modified":"2024-03-23T23:12:37","modified_gmt":"2024-03-23T22:12:37","slug":"sulmi-ne-moske-zelensky-putini-kerkon-te-largoje-fajin-per-masakren-e-koncertit","status":"publish","type":"post","link":"https:\/\/www.hashtag.al\/index.php\/2024\/03\/23\/sulmi-ne-moske-zelensky-putini-kerkon-te-largoje-fajin-per-masakren-e-koncertit\/","title":{"rendered":"Sulmi n\u00eb Mosk\u00eb, Zelensky: Putini gjithmon\u00eb gjen dik\u00eb p\u00ebr ta faj\u00ebsuar","gt_translate_keys":[{"key":"rendered","format":"text"}]},"content":{"rendered":"<p><span style=\"color: #000000;\"><a href=\"https:\/\/www.hashtag.al\/wp-content\/uploads\/2023\/11\/Zelensky.jpg\"><img loading=\"lazy\" decoding=\"async\" class=\"aligncenter size-full wp-image-632585\" src=\"https:\/\/www.hashtag.al\/wp-content\/uploads\/2023\/11\/Zelensky.jpg\" alt=\"\" width=\"1680\" height=\"1050\" srcset=\"https:\/\/www.hashtag.al\/wp-content\/uploads\/2023\/11\/Zelensky.jpg 1680w, https:\/\/www.hashtag.al\/wp-content\/uploads\/2023\/11\/Zelensky-300x188.jpg 300w, https:\/\/www.hashtag.al\/wp-content\/uploads\/2023\/11\/Zelensky-1024x640.jpg 1024w, https:\/\/www.hashtag.al\/wp-content\/uploads\/2023\/11\/Zelensky-768x480.jpg 768w, https:\/\/www.hashtag.al\/wp-content\/uploads\/2023\/11\/Zelensky-1536x960.jpg 1536w\" sizes=\"auto, (max-width: 1680px) 100vw, 1680px\" \/><\/a><\/span><\/p>\n<p><span style=\"color: #000000;\">Presidenti ukrainas Volodymyr Zelenskiy tha n\u00eb fjalimin e tij t\u00eb nat\u00ebs me video t\u00eb shtun\u00ebn se presidenti rus Vladimir Putin po k\u00ebrkonte m\u00ebnyra p\u00ebr t\u00eb larguar fajin p\u00ebr masakr\u00ebn e ndodhur n\u00eb nj\u00eb sall\u00eb koncertesh pran\u00eb Mosk\u00ebs t\u00eb premten, sipas <span style=\"color: #0000ff;\"><a style=\"color: #0000ff;\" href=\"https:\/\/www.reuters.com\/world\/europe\/zelenskiy-says-putin-seeks-divert-blame-concert-massacre-2024-03-23\/\">Reuters.<\/a><\/span><\/span><\/p>\n<p><span style=\"color: #000000;\"><em>\u201c\u00cbsht\u00eb e qart\u00eb se Putini dhe bandit\u00eb t\u00eb tjer\u00eb thjesht po p\u00ebrpiqen t\u00eb faj\u00ebsojn\u00eb dik\u00eb tjet\u00ebr<\/em>\u201d, tha Zelensky. &#8220;<em>Metodat e tyre jan\u00eb gjithmon\u00eb t\u00eb nj\u00ebjta. Ne i kemi par\u00eb t\u00eb gjitha m\u00eb par\u00eb, nd\u00ebrtesa t\u00eb shkat\u00ebrruara, t\u00eb sht\u00ebna dhe shp\u00ebrthime. Dhe ata gjithmon\u00eb gjejn\u00eb dik\u00eb tjet\u00ebr p\u00ebr t\u00eb faj\u00ebsuar.&#8221;<\/em><\/span><\/p>\n<p><span style=\"color: #000000;\">Rebel\u00ebt \u00e7e\u00e7en\u00eb akuzuan sh\u00ebrbimet sekrete ruse se q\u00ebndronin pas bombave n\u00eb apartamente n\u00eb Mosk\u00eb, Buynkask dhe Volgodonsk, p\u00ebr t\u00eb cilat faj\u00ebsoheshin \u00e7e\u00e7en\u00ebt, q\u00eb vran\u00eb m\u00eb shum\u00eb se 200 njer\u00ebz n\u00eb Rusi n\u00eb 1999, duke b\u00ebr\u00eb q\u00eb Putini, i cili n\u00eb at\u00eb koh\u00eb ishte kryeminist\u00ebr, t\u00eb d\u00ebrgonte trupa p\u00ebrs\u00ebri n\u00eb \u00c7e\u00e7eni.<\/span><\/p>\n<p><span style=\"color: #000000;\">Nj\u00eb z\u00ebdh\u00ebn\u00ebse e Ministris\u00eb s\u00eb Jashtme ruse tha se Zelenskiy ishte &#8220;<em>i vetmi kryetar shteti mjaft i \u00e7mendur p\u00ebr t\u00eb faj\u00ebsuar Rusin\u00eb p\u00ebr sulmin terrorist&#8221;.<\/em><\/span><\/p>\n<p><span style=\"color: #000000;\">M\u00eb her\u00ebt, Putin tha se 11 persona ishin arrestuar pas sulmit, duke p\u00ebrfshir\u00eb kat\u00ebr personat e armatosur. \u201c<em>Ata u p\u00ebrpoq\u00ebn t\u00eb fshiheshin dhe u zhvendos\u00ebn drejt Ukrain\u00ebs, ku sipas t\u00eb dh\u00ebnave paraprake, u p\u00ebrgatit nj\u00eb dritare p\u00ebr ta n\u00eb an\u00ebn ukrainase p\u00ebr t\u00eb kaluar kufirin shtet\u00ebror\u201d,<\/em> tha Putin.<\/span><\/p>\n<p><span style=\"color: #000000;\">Zelenskiy tha se Putini duhet t\u00eb p\u00ebrdor\u00eb njer\u00ebzit e tij p\u00ebr t\u00eb luftuar terrorizmin n\u00eb vend q\u00eb t\u00eb pushtoj\u00eb Ukrain\u00ebn.<\/span><\/p>\n<p><span style=\"color: #000000;\"><em>&#8220;Ata kan\u00eb sjell\u00eb qindra mij\u00ebra terrorist\u00eb t\u00eb tyre k\u00ebtu, n\u00eb tok\u00ebn ukrainase, p\u00ebr t\u00eb luftuar kund\u00ebr nesh dhe nuk u intereson se \u00e7far\u00eb po ndodh brenda vendit t\u00eb tyre,&#8221; <\/em>tha ai.<\/span><\/p>\n","protected":false,"gt_translate_keys":[{"key":"rendered","format":"html"}]},"excerpt":{"rendered":"<p>Presidenti ukrainas Volodymyr Zelenskiy tha n\u00eb fjalimin e tij t\u00eb nat\u00ebs me video t\u00eb shtun\u00ebn se presidenti rus Vladimir Putin po k\u00ebrkonte m\u00ebnyra p\u00ebr t\u00eb larguar fajin p\u00ebr masakr\u00ebn e ndodhur n\u00eb nj\u00eb sall\u00eb koncertesh pran\u00eb Mosk\u00ebs t\u00eb premten, sipas Reuters. \u201c\u00cbsht\u00eb e qart\u00eb se Putini dhe bandit\u00eb t\u00eb tjer\u00eb thjesht po p\u00ebrpiqen t\u00eb faj\u00ebsojn\u00eb [&hellip;]<\/p>\n","protected":false,"gt_translate_keys":[{"key":"rendered","format":"html"}]},"author":30,"featured_media":626656,"comment_status":"closed","ping_status":"open","sticky":false,"template":"","format":"standard","meta":{"footnotes":""},"categories":[6],"tags":[],"class_list":["post-663209","post","type-post","status-publish","format-standard","has-post-thumbnail","hentry","category-nderkombetare"],"gt_translate_keys":[{"key":"link","format":"url"}],"_links":{"self":[{"href":"https:\/\/www.hashtag.al\/index.php\/wp-json\/wp\/v2\/posts\/663209","targetHints":{"allow":["GET"]}}],"collection":[{"href":"https:\/\/www.hashtag.al\/index.php\/wp-json\/wp\/v2\/posts"}],"about":[{"href":"https:\/\/www.hashtag.al\/index.php\/wp-json\/wp\/v2\/types\/post"}],"author":[{"embeddable":true,"href":"https:\/\/www.hashtag.al\/index.php\/wp-json\/wp\/v2\/users\/30"}],"replies":[{"embeddable":true,"href":"https:\/\/www.hashtag.al\/index.php\/wp-json\/wp\/v2\/comments?post=663209"}],"version-history":[{"count":0,"href":"https:\/\/www.hashtag.al\/index.php\/wp-json\/wp\/v2\/posts\/663209\/revisions"}],"wp:featuredmedia":[{"embeddable":true,"href":"https:\/\/www.hashtag.al\/index.php\/wp-json\/wp\/v2\/media\/626656"}],"wp:attachment":[{"href":"https:\/\/www.hashtag.al\/index.php\/wp-json\/wp\/v2\/media?parent=663209"}],"wp:term":[{"taxonomy":"category","embeddable":true,"href":"https:\/\/www.hashtag.al\/index.php\/wp-json\/wp\/v2\/categories?post=663209"},{"taxonomy":"post_tag","embeddable":true,"href":"https:\/\/www.hashtag.al\/index.php\/wp-json\/wp\/v2\/tags?post=663209"}],"curies":[{"name":"wp","href":"https:\/\/api.w.org\/{rel}","templated":true}]}}