{"id":663081,"date":"2024-03-23T12:18:21","date_gmt":"2024-03-23T11:18:21","guid":{"rendered":"https:\/\/www.hashtag.al\/?p=663081"},"modified":"2024-03-23T12:18:21","modified_gmt":"2024-03-23T11:18:21","slug":"berisha-rekurs-ne-gjykaten-e-larte","status":"publish","type":"post","link":"https:\/\/www.hashtag.al\/index.php\/2024\/03\/23\/berisha-rekurs-ne-gjykaten-e-larte\/","title":{"rendered":"Berisha rekurs n\u00eb Gjykat\u00ebn e Lart\u00eb","gt_translate_keys":[{"key":"rendered","format":"text"}]},"content":{"rendered":"<p><img loading=\"lazy\" decoding=\"async\" class=\"aligncenter size-full wp-image-655176\" src=\"https:\/\/www.hashtag.al\/wp-content\/uploads\/2024\/02\/berisha-2.jpg\" alt=\"\" width=\"988\" height=\"556\" srcset=\"https:\/\/www.hashtag.al\/wp-content\/uploads\/2024\/02\/berisha-2.jpg 988w, https:\/\/www.hashtag.al\/wp-content\/uploads\/2024\/02\/berisha-2-300x169.jpg 300w, https:\/\/www.hashtag.al\/wp-content\/uploads\/2024\/02\/berisha-2-768x432.jpg 768w\" sizes=\"auto, (max-width: 988px) 100vw, 988px\" \/><\/p>\n<p><span style=\"color: #000000;\">Ish-kryeministri Berisha ka b\u00ebr\u00eb rekurs n\u00eb Gjykat\u00ebn e Lart\u00eb duke k\u00ebrkuar ndryshim t\u00eb mas\u00ebs s\u00eb siguris\u00eb. <\/span><\/p>\n<p><span style=\"color: #000000;\">Ai ndodhet n\u00eb arrest me burg q\u00eb prej 30 dhjetorit 2023 pasi po hetohet p\u00ebr \u201cDosjen Partizani\u201d. <\/span><\/p>\n<p><span style=\"color: #000000;\">Avokat\u00ebt e Berish\u00ebs kan\u00eb deklaruar se shtyrjet e seancave dhe l\u00ebnia n\u00eb arrest sht\u00ebpie e kreut t\u00eb Rithemelimit b\u00ebhet me q\u00ebllim p\u00ebr t\u2019i djegur mandatin e deputetit. <\/span><\/p>\n<p><span style=\"color: #000000;\">Po k\u00ebshtu Gjokutaj ka pohuar se prokuror\u00ebt e \u00e7\u00ebshtjes dhe gjyqtarja Irena Gjoka veprojn\u00eb me urdh\u00ebr t\u00eb kryeministrit Rama.<\/span><\/p>\n<p><img loading=\"lazy\" decoding=\"async\" class=\"aligncenter size-full wp-image-663084\" src=\"https:\/\/www.hashtag.al\/wp-content\/uploads\/2024\/03\/berisha-1.jpg\" alt=\"\" width=\"883\" height=\"563\" srcset=\"https:\/\/www.hashtag.al\/wp-content\/uploads\/2024\/03\/berisha-1.jpg 883w, https:\/\/www.hashtag.al\/wp-content\/uploads\/2024\/03\/berisha-1-300x191.jpg 300w, https:\/\/www.hashtag.al\/wp-content\/uploads\/2024\/03\/berisha-1-768x490.jpg 768w\" sizes=\"auto, (max-width: 883px) 100vw, 883px\" \/><\/p>\n","protected":false,"gt_translate_keys":[{"key":"rendered","format":"html"}]},"excerpt":{"rendered":"<p>Ish-kryeministri Berisha ka b\u00ebr\u00eb rekurs n\u00eb Gjykat\u00ebn e Lart\u00eb duke k\u00ebrkuar ndryshim t\u00eb mas\u00ebs s\u00eb siguris\u00eb. Ai ndodhet n\u00eb arrest me burg q\u00eb prej 30 dhjetorit 2023 pasi po hetohet p\u00ebr \u201cDosjen Partizani\u201d. Avokat\u00ebt e Berish\u00ebs kan\u00eb deklaruar se shtyrjet e seancave dhe l\u00ebnia n\u00eb arrest sht\u00ebpie e kreut t\u00eb Rithemelimit b\u00ebhet me q\u00ebllim p\u00ebr [&hellip;]<\/p>\n","protected":false,"gt_translate_keys":[{"key":"rendered","format":"html"}]},"author":51,"featured_media":655176,"comment_status":"closed","ping_status":"open","sticky":false,"template":"","format":"standard","meta":{"footnotes":""},"categories":[65],"tags":[],"class_list":["post-663081","post","type-post","status-publish","format-standard","has-post-thumbnail","hentry","category-lajme"],"gt_translate_keys":[{"key":"link","format":"url"}],"_links":{"self":[{"href":"https:\/\/www.hashtag.al\/index.php\/wp-json\/wp\/v2\/posts\/663081","targetHints":{"allow":["GET"]}}],"collection":[{"href":"https:\/\/www.hashtag.al\/index.php\/wp-json\/wp\/v2\/posts"}],"about":[{"href":"https:\/\/www.hashtag.al\/index.php\/wp-json\/wp\/v2\/types\/post"}],"author":[{"embeddable":true,"href":"https:\/\/www.hashtag.al\/index.php\/wp-json\/wp\/v2\/users\/51"}],"replies":[{"embeddable":true,"href":"https:\/\/www.hashtag.al\/index.php\/wp-json\/wp\/v2\/comments?post=663081"}],"version-history":[{"count":0,"href":"https:\/\/www.hashtag.al\/index.php\/wp-json\/wp\/v2\/posts\/663081\/revisions"}],"wp:featuredmedia":[{"embeddable":true,"href":"https:\/\/www.hashtag.al\/index.php\/wp-json\/wp\/v2\/media\/655176"}],"wp:attachment":[{"href":"https:\/\/www.hashtag.al\/index.php\/wp-json\/wp\/v2\/media?parent=663081"}],"wp:term":[{"taxonomy":"category","embeddable":true,"href":"https:\/\/www.hashtag.al\/index.php\/wp-json\/wp\/v2\/categories?post=663081"},{"taxonomy":"post_tag","embeddable":true,"href":"https:\/\/www.hashtag.al\/index.php\/wp-json\/wp\/v2\/tags?post=663081"}],"curies":[{"name":"wp","href":"https:\/\/api.w.org\/{rel}","templated":true}]}}