{"id":663079,"date":"2024-03-23T12:14:55","date_gmt":"2024-03-23T11:14:55","guid":{"rendered":"https:\/\/www.hashtag.al\/?p=663079"},"modified":"2024-03-23T12:14:55","modified_gmt":"2024-03-23T11:14:55","slug":"zbardhet-plagosja-me-arme-zjarri-ne-shijak-arrestohet-pronari-i-pikes-se-kembimit","status":"publish","type":"post","link":"https:\/\/www.hashtag.al\/index.php\/2024\/03\/23\/zbardhet-plagosja-me-arme-zjarri-ne-shijak-arrestohet-pronari-i-pikes-se-kembimit\/","title":{"rendered":"Zbardhet plagosja me arm\u00eb zjarri n\u00eb Shijak, arrestohet pronari i pik\u00ebs s\u00eb k\u00ebmbimit","gt_translate_keys":[{"key":"rendered","format":"text"}]},"content":{"rendered":"<p class=\"p1\" style=\"text-align: left;\"><span class=\"s1\" style=\"color: #000000;\"><img loading=\"lazy\" decoding=\"async\" class=\"size-full wp-image-663082 aligncenter\" src=\"https:\/\/www.hashtag.al\/wp-content\/uploads\/2024\/03\/IMG_3093.jpeg\" alt=\"\" width=\"836\" height=\"454\" srcset=\"https:\/\/www.hashtag.al\/wp-content\/uploads\/2024\/03\/IMG_3093.jpeg 836w, https:\/\/www.hashtag.al\/wp-content\/uploads\/2024\/03\/IMG_3093-300x163.jpeg 300w, https:\/\/www.hashtag.al\/wp-content\/uploads\/2024\/03\/IMG_3093-768x417.jpeg 768w\" sizes=\"auto, (max-width: 836px) 100vw, 836px\" \/><br \/>\nNj\u00eb dit\u00eb pas plagosjes me arm\u00eb zjarri t\u00eb nj\u00eb 36-vje\u00e7ari n\u00eb Shijak, policia ka zbardhur ngjarjen, duke arrestuar pronarin nj\u00eb pike k\u00ebmbimi valutor si dhe ka shpallur n\u00eb k\u00ebrkim dy persona t\u00eb tjer\u00eb. N\u00eb pranga p\u00ebrfundoi Albano Domi, t\u00eb cilit iu sekuestrua edhe nj\u00eb arm\u00eb zjarri pistolet\u00eb, t\u00eb cil\u00ebn dyshohet se e ka p\u00ebrdorur gjat\u00eb sherrit. Policia sqaroi dy personat e k\u00ebrkuar kan\u00eb q\u00eblluar n\u00eb drejtim t\u00eb Domit, por nd\u00ebrkoh\u00eb mbeti i plagosur nj\u00eb person tjet\u00ebr i pranish\u00ebm n\u00eb dyqan.<\/span><\/p>\n<p class=\"p1\" style=\"text-align: left;\"><span class=\"s1\" style=\"color: #000000;\">Njoftimi:<\/span><\/p>\n<p class=\"p1\" style=\"text-align: left;\"><span class=\"s1\" style=\"color: #000000;\">Vihet n\u00eb pranga pronari i dyqanit p\u00ebr pjes\u00eb k\u00ebmbimi, ku ndodhi ngjarja. Sekuestrohet 1 arm\u00eb zjarri pistolet\u00eb q\u00eb dyshohet se e ka p\u00ebrdorur pronari i dyqanit, gjat\u00eb konfliktit. Vijon puna p\u00ebr lokalizimin dhe kapjen e 2 shtetasve q\u00eb plagos\u00ebn me arm\u00eb 36-vje\u00e7arin, i cili ndodhej n\u00eb dyqan, gjat\u00eb konfliktit.<\/span><\/p>\n<p class=\"p1\" style=\"text-align: left;\"><span class=\"s1\" style=\"color: #000000;\">Strukturat hetimore t\u00eb Komisariatit t\u00eb Policis\u00eb Shijak, n\u00eb bashk\u00ebpunim me strukturat hetimore t\u00eb Drejtoris\u00eb Vendore t\u00eb Policis\u00eb Durr\u00ebs, n\u00eb drejtimin e\u00a0 Prokuroris\u00eb, n\u00eb vijim t\u00eb hetimeve\u00a0 t\u00eb thelluara p\u00ebr zbardhjen e ngjarjes s\u00eb ndodhur n\u00eb nj\u00eb dyqan p\u00ebr pjes\u00eb k\u00ebmbimi, n\u00eb Shijak, arrestuan shtetasin A. D., 27 vje\u00e7, banues n\u00eb Xhafzotaj (pronari i dyqanit ku ndodhi ngjarja).<\/span><\/p>\n<p class=\"p1\" style=\"text-align: left;\"><span class=\"s1\" style=\"color: #000000;\">Po n\u00eb vijim t\u00eb veprimeve hetimore, u b\u00eb shpallja n\u00eb k\u00ebrkim e shtetasve A. H., 30 vje\u00e7 dhe Xh. P., 33 vje\u00e7, t\u00eb dy banues n\u00eb Durr\u00ebs. Vijon puna intensive p\u00ebr lokalizimin dhe kapjen e tyre.<\/span><\/p>\n<p class=\"p1\" style=\"text-align: left;\"><span class=\"s1\" style=\"color: #000000;\">Eksploroni tipologjit\u00eb e vilave p\u00ebr shitje dhe gjeni vil\u00ebn q\u00eb ju p\u00ebrshtatet m\u00eb tep\u00ebr&#8230;<\/span><\/p>\n<p class=\"p1\" style=\"text-align: left;\"><span class=\"s1\" style=\"color: #000000;\">Nga hetimet rezultoi se p\u00ebr motive t\u00eb dob\u00ebta, shtetasit A. H. dhe Xh. P. jan\u00eb konfliktuar fizikisht me shtetasin A. D., dhe m\u00eb pas kan\u00eb q\u00eblluar me pistolet\u00eb n\u00eb drejtim t\u00eb tij. Si pasoj\u00eb e t\u00eb sht\u00ebnave \u00ebsht\u00eb plagosur dhe \u00ebsht\u00eb jasht\u00eb rrezikut p\u00ebr jet\u00ebn, shtetasi E. D., i cili ishte n\u00eb dyqan kur ka ndodhur konflikti.<\/span><\/p>\n<p class=\"p1\" style=\"text-align: left;\"><span class=\"s1\" style=\"color: #000000;\">Po nga hetimet rezultoi se dhe pronari i dyqanit, shtetasi A. D. iu \u00ebsht\u00eb kund\u00ebrp\u00ebrgjigjur me arm\u00eb zjarri pistolet\u00eb, shtetasve A. H. dhe Xh. P.<\/span><\/p>\n<p class=\"p3\" style=\"text-align: left;\"><span class=\"s1\" style=\"color: #000000;\"><img decoding=\"async\" src=\"data:image\/gif;base64,R0lGODlhAQABAIAAAP\/\/\/wAAACH5BAAAAAAALAAAAAABAAEAAAICRAEAOw==\" alt=\"lg.php.gif\" \/><\/span><\/p>\n<p class=\"p1\" style=\"text-align: left;\"><span class=\"s1\" style=\"color: #000000;\">Sh\u00ebrbimet e Policis\u00eb kan\u00eb gjetur dhe sekuestuar n\u00eb cil\u00ebsin\u00eb e prov\u00ebs materiale, 1 arm\u00eb zjarri pistolet\u00eb q\u00eb dyshohet se \u00ebsht\u00eb p\u00ebrdorur nga shtetasi A. D. (pronari i dyqanit).<\/span><\/p>\n<p class=\"p3\" style=\"text-align: left;\"><span class=\"s1\"><span style=\"color: #000000;\">Materialet procedurale i kaluan Prokuroris\u00eb pran\u00eb Gjykat\u00ebs s\u00eb Shkall\u00ebs s\u00eb Par\u00eb t\u00eb Juridiksionit t\u00eb P\u00ebrgjithsh\u00ebm Durr\u00ebs, p\u00ebr veprime t\u00eb m\u00ebtejshme p\u00ebr shtetasin A. D., p\u00ebr veprat penale \u201cKanosja\u201d dhe \u201cMbajtja pa leje dhe prodhimi i arm\u00ebve, i arm\u00ebve shp\u00ebrthyese dhe municionit\u201d dhe p\u00ebr shtetasit A. H. dhe Xh. P., p\u00ebr veprat penale \u201cVrasja me dashje\u201d, mbetur n\u00eb tentativ\u00eb dhe \u201cMbajtja pa leje dhe prodhimi i arm\u00ebve, i arm\u00ebve shp\u00ebrthyese dhe municionit\u201d<\/span>.<\/span><\/p>\n","protected":false,"gt_translate_keys":[{"key":"rendered","format":"html"}]},"excerpt":{"rendered":"<p>Nj\u00eb dit\u00eb pas plagosjes me arm\u00eb zjarri t\u00eb nj\u00eb 36-vje\u00e7ari n\u00eb Shijak, policia ka zbardhur ngjarjen, duke arrestuar pronarin nj\u00eb pike k\u00ebmbimi valutor si dhe ka shpallur n\u00eb k\u00ebrkim dy persona t\u00eb tjer\u00eb. N\u00eb pranga p\u00ebrfundoi Albano Domi, t\u00eb cilit iu sekuestrua edhe nj\u00eb arm\u00eb zjarri pistolet\u00eb, t\u00eb cil\u00ebn dyshohet se e ka p\u00ebrdorur gjat\u00eb [&hellip;]<\/p>\n","protected":false,"gt_translate_keys":[{"key":"rendered","format":"html"}]},"author":4,"featured_media":663082,"comment_status":"closed","ping_status":"open","sticky":false,"template":"","format":"standard","meta":{"footnotes":""},"categories":[65],"tags":[],"class_list":["post-663079","post","type-post","status-publish","format-standard","has-post-thumbnail","hentry","category-lajme"],"gt_translate_keys":[{"key":"link","format":"url"}],"_links":{"self":[{"href":"https:\/\/www.hashtag.al\/index.php\/wp-json\/wp\/v2\/posts\/663079","targetHints":{"allow":["GET"]}}],"collection":[{"href":"https:\/\/www.hashtag.al\/index.php\/wp-json\/wp\/v2\/posts"}],"about":[{"href":"https:\/\/www.hashtag.al\/index.php\/wp-json\/wp\/v2\/types\/post"}],"author":[{"embeddable":true,"href":"https:\/\/www.hashtag.al\/index.php\/wp-json\/wp\/v2\/users\/4"}],"replies":[{"embeddable":true,"href":"https:\/\/www.hashtag.al\/index.php\/wp-json\/wp\/v2\/comments?post=663079"}],"version-history":[{"count":0,"href":"https:\/\/www.hashtag.al\/index.php\/wp-json\/wp\/v2\/posts\/663079\/revisions"}],"wp:featuredmedia":[{"embeddable":true,"href":"https:\/\/www.hashtag.al\/index.php\/wp-json\/wp\/v2\/media\/663082"}],"wp:attachment":[{"href":"https:\/\/www.hashtag.al\/index.php\/wp-json\/wp\/v2\/media?parent=663079"}],"wp:term":[{"taxonomy":"category","embeddable":true,"href":"https:\/\/www.hashtag.al\/index.php\/wp-json\/wp\/v2\/categories?post=663079"},{"taxonomy":"post_tag","embeddable":true,"href":"https:\/\/www.hashtag.al\/index.php\/wp-json\/wp\/v2\/tags?post=663079"}],"curies":[{"name":"wp","href":"https:\/\/api.w.org\/{rel}","templated":true}]}}