{"id":662956,"date":"2024-03-22T18:30:59","date_gmt":"2024-03-22T17:30:59","guid":{"rendered":"https:\/\/www.hashtag.al\/?p=662956"},"modified":"2024-03-22T18:37:58","modified_gmt":"2024-03-22T17:37:58","slug":"blinken-ofensiva-ne-rafah-do-te-izolonte-me-tej-izraelin","status":"publish","type":"post","link":"https:\/\/www.hashtag.al\/index.php\/2024\/03\/22\/blinken-ofensiva-ne-rafah-do-te-izolonte-me-tej-izraelin\/","title":{"rendered":"Blinken: Ofensiva n\u00eb Rafah do t\u00eb izolonte m\u00eb tej Izraelin","gt_translate_keys":[{"key":"rendered","format":"text"}]},"content":{"rendered":"<div class=\"col-xs-12 col-sm-12 col-md-8 col-lg-8 pull-left bottom-offset content-offset\">\n<div id=\"article-content\" class=\"content-floated-wrap fb-quotable\">\n<div class=\"wsw\">\n<p style=\"text-align: left;\"><span style=\"color: #000000;\"><img loading=\"lazy\" decoding=\"async\" class=\"size-full wp-image-662957 aligncenter\" src=\"https:\/\/www.hashtag.al\/wp-content\/uploads\/2024\/03\/Screenshot-2024-03-22-180151.png\" alt=\"\" width=\"897\" height=\"484\" srcset=\"https:\/\/www.hashtag.al\/wp-content\/uploads\/2024\/03\/Screenshot-2024-03-22-180151.png 897w, https:\/\/www.hashtag.al\/wp-content\/uploads\/2024\/03\/Screenshot-2024-03-22-180151-300x162.png 300w, https:\/\/www.hashtag.al\/wp-content\/uploads\/2024\/03\/Screenshot-2024-03-22-180151-768x414.png 768w\" sizes=\"auto, (max-width: 897px) 100vw, 897px\" \/><\/span><\/p>\n<p style=\"text-align: left;\"><span style=\"color: #000000;\">Sekretari amerikan i Shtetit, Antony Blinken tha t\u00eb premten se nj\u00eb ofensiv\u00eb n\u00eb qytetin jugor t\u00eb Gaz\u00ebs, Rafah, paraqet rrezikun p\u00ebr nj\u00eb &#8220;izolim t\u00eb m\u00ebtejsh\u00ebm&#8221; t\u00eb Izraelit dhe do t\u00eb d\u00ebmtonte sigurin\u00eb e tij afatgjat\u00eb.<\/span><\/p>\n<p><span style=\"color: #000000;\">Duke folur para se t\u00eb largohej nga Izraeli, zoti Blinken u tha gazetar\u00ebve se kishte zhvilluar &#8220;bisedime t\u00eb hapura&#8221;, duke iu referuar takimeve me zyrtar\u00ebt e vendit, p\u00ebrfshir\u00eb kryeministrin Benjamin Netanyahu.<\/span><\/p>\n<p><span style=\"color: #000000;\">Nj\u00eb operacion tok\u00ebsor ushtarak n\u00eb Rafah &#8220;rrezikon t\u00eb shkaktoj\u00eb vdekjen e m\u00eb shum\u00eb civil\u00ebve. Ai rrezikon t\u00eb shkaktoj\u00eb m\u00eb shum\u00eb kaos me ndihm\u00ebn humanitare. Rrezikon t\u00eb izoloj\u00eb m\u00eb tej Izraelin n\u00eb bot\u00eb dhe t\u00eb rrezikoj\u00eb sigurin\u00eb dhe pozit\u00ebn e tij afatgjat\u00eb,&#8221; tha zoti Blinken.<\/span><\/p>\n<p style=\"text-align: left;\"><span style=\"color: #000000;\">Sekretari amerikan i Shtetit, Antony Blinken i b\u00ebri komentet pasi kryeministri Benjamin Netanjahu e b\u00ebri t\u00eb qart\u00eb pas takimit me kryediplomatin amerikan se Izraeli do ta nd\u00ebrmerrte operacionin kund\u00ebr Hamasit n\u00eb Rafah, qytetin m\u00eb jugor n\u00eb Gaz\u00eb, edhe pa mb\u00ebshtetjen amerikane.<\/span><\/p>\n<p><span style=\"color: #000000;\">Tendosja n\u00eb lidhjet midis Shteteve t\u00eb Bashkuara dhe Izraelit \u00ebsht\u00eb b\u00ebr\u00eb gjithnj\u00eb e m\u00eb publike. Presidenti Joe Biden e ka quajtur operacionin ushtarak t\u00eb Izraelit n\u00eb Gaz\u00eb \u201ct\u00eb tepruar\u201d duke p\u00ebrmendur pasojat e m\u00ebdha n\u00eb jet\u00ebt e civil\u00ebve.<\/span><\/p>\n<p><span style=\"color: #000000;\">N\u00eb takimin q\u00eb mbajti t\u00eb premt\u00ebn me kryeministrin izraelit Netanjahu, zoti Blinken theksoi nevoj\u00ebn p\u00ebr t\u00eb mbrojtur civil\u00ebt n\u00eb Gaz\u00eb dhe p\u00ebr t\u00eb shtuar ndihmat humanitare p\u00ebrmes rrug\u00ebve tok\u00ebsore dhe detare, tha Departamenti i Shtetit.<\/span><\/p>\n<p><span style=\"color: #000000;\">Sekretari Blinken, gjat\u00eb takimit kok\u00eb me kok\u00eb me Kryeministrin Netanyahu, diskutoi gjithashtu p\u00ebrpjekjet p\u00ebr t\u00eb arritur nj\u00eb marr\u00ebveshje p\u00ebr arm\u00ebpushim prej t\u00eb pakt\u00ebn gjasht\u00eb jav\u00ebsh q\u00eb do t\u00eb siguronte lirimin e pengjeve dhe do t\u00eb mund\u00ebsonte rritje t\u00eb ndihm\u00ebs humanitare, tha n\u00eb nj\u00eb deklarat\u00eb z\u00ebdh\u00ebn\u00ebsi i Departamentit t\u00eb Shtetit, Matthew Miller.<\/span><\/p>\n<p><span style=\"color: #000000;\">Kjo \u00ebsht\u00eb vizita e gjasht\u00eb e diplomatit t\u00eb lart\u00eb amerikan n\u00eb Lindjen e Mesme q\u00eb nga fillimi i luft\u00ebs m\u00eb 7 tetor.<\/span><\/p>\n<p><span style=\"color: #000000;\">Kryeministri Benjamin Netanyahu i tha kryediplomatit amerikan Antony Blinken t\u00eb premten se Izraeli \u00ebsht\u00eb i p\u00ebrgatitur t\u00eb vazhdoj\u00eb luft\u00ebn e tij kund\u00ebr Hamasit i vet\u00ebm.<\/span><\/p>\n<p><span style=\"color: #000000;\">Zoti Netanyahu deklaroi se i tha Sekretarit Blinken se vler\u00ebsonte mb\u00ebshtetjen e SHBA-s\u00eb n\u00eb luft\u00ebn e saj kund\u00ebr Hamasit dhe se Izraeli e pranon se duhet t\u00eb mbroj\u00eb civil\u00ebt. Megjithat\u00eb, ai p\u00ebrs\u00ebriti se Izraeli do t\u00eb vazhdoj\u00eb me planet p\u00ebr t\u00eb filluar operacionin n\u00eb Rafah, ku m\u00eb shum\u00eb se nj\u00eb milion banor\u00eb t\u00eb Gaz\u00ebs po banojn\u00eb n\u00eb streha t\u00eb improvizuara.<\/span><\/p>\n<p><span style=\"color: #000000;\"><em>\u201cUn\u00eb thash\u00eb gjithashtu se nuk kemi asnj\u00eb m\u00ebnyr\u00eb p\u00ebr ta mposhtur Hamasin pa shkuar n\u00eb Rafah dhe pa zhdukur pjes\u00ebn tjet\u00ebr t\u00eb batalioneve atje. I thash\u00eb se shpresoj ta b\u00ebjm\u00eb k\u00ebt\u00eb me mb\u00ebshtetjen e SHBA-s\u00eb, por n\u00ebse duhet, ne do ta b\u00ebjm\u00eb k\u00ebt\u00eb edhe vet\u00ebm\u201d,<\/em>\u00a0tha zoti Netanyahu n\u00eb nj\u00eb deklarat\u00eb p\u00ebr gazetar\u00ebt.<\/span><\/p>\n<p><span style=\"color: #000000;\">Izraeli thot\u00eb se Rafah \u00ebsht\u00eb bastioni i fundit p\u00ebr militant\u00ebt e Hamasit dhe se ka nj\u00eb plan p\u00ebr t\u00eb evakuuar civil\u00ebt p\u00ebrpara nj\u00eb sulmi. Uashingtoni thot\u00eb se nj\u00eb sulm tok\u00ebsor do t\u00eb ishte nj\u00eb \u201cgabim\u201d dhe do t\u00eb shkaktonte shum\u00eb d\u00ebm p\u00ebr ata q\u00eb jan\u00eb zhvendosur atje.<\/span><\/p>\n<p><span style=\"color: #000000;\">Izraeli pretendoi t\u00eb premten se kishte vrar\u00eb ose kapur qindra luft\u00ebtar\u00eb t\u00eb Hamasit n\u00eb nj\u00eb operacion pes\u00eb-ditor n\u00eb kompleksin spitalor Al Shifa, nj\u00eb nga t\u00eb vetmet objekte mjek\u00ebsore q\u00eb funksionon pjes\u00ebrisht n\u00eb veri. Hamasi dhe stafi mjek\u00ebsor mohojn\u00eb se luft\u00ebtar\u00ebt ishin t\u00eb pranish\u00ebm atje.<\/span><\/p>\n<p><span style=\"color: #000000;\">Lufta filloi kur nj\u00eb sulm terrorist n\u00eb jug t\u00eb Izraelit nga luft\u00ebtar\u00ebt e Hamasit, shkaktoi vrasjen e 1200 personave. Hamasi mori gjithashtu 253 pengje. Sipas t\u00eb dh\u00ebnave t\u00eb autoriteteve t\u00eb Hamasit, t\u00eb pakonfirmuara nga burime t\u00eb pavarura, mbi 32,000 palestinez\u00eb jan\u00eb vrar\u00eb n\u00eb bombardimet e m\u00ebpasshme izraelite. Besohet se ka m\u00eb shum\u00eb t\u00eb vdekur q\u00eb gjenden n\u00ebn rr\u00ebnoja, thon\u00eb autoritetet sh\u00ebndet\u00ebsore t\u00eb Gaz\u00ebs.<\/span><\/p>\n<p><span style=\"color: #000000;\">P\u00ebrpara takimit, Sekretari Blinken kishte th\u00ebn\u00eb se do ta nxiste Kryeministrin Netanyahu t\u00eb nd\u00ebrmarr\u00eb hapa urgjent\u00eb p\u00ebr t\u00eb lejuar m\u00eb shum\u00eb ndihm\u00eb n\u00eb territorin me popullsi t\u00eb dendur.<\/span><\/p>\n<p><span style=\"color: #000000;\">Zyrtar\u00ebt amerikan\u00eb thon\u00eb se numri i d\u00ebrgesave t\u00eb ndihmave p\u00ebrmes tok\u00ebs duhet t\u00eb rritet shpejt dhe se ndihma duhet t\u00eb mbahet p\u00ebr nj\u00eb periudh\u00eb t\u00eb gjat\u00eb, shkruan<\/span> <span style=\"color: #0000ff;\"><strong><a style=\"color: #0000ff;\" href=\"https:\/\/www.zeriamerikes.com\/a\/7538688.html\">VOA.<\/a><\/strong><\/span><\/p>\n<\/div>\n<\/div>\n<\/div>\n<div class=\"col-xs-12 col-sm-12 col-md-4 col-lg-4 pull-left design-top-offset\">\n<div class=\"region\">\n<div id=\"wrowblock-27051_21\" class=\"media-block-wrap\" data-area-id=\"R2_1\"><\/div>\n<\/div>\n<\/div>\n","protected":false,"gt_translate_keys":[{"key":"rendered","format":"html"}]},"excerpt":{"rendered":"<p>Sekretari amerikan i Shtetit, Antony Blinken tha t\u00eb premten se nj\u00eb ofensiv\u00eb n\u00eb qytetin jugor t\u00eb Gaz\u00ebs, Rafah, paraqet rrezikun p\u00ebr nj\u00eb &#8220;izolim t\u00eb m\u00ebtejsh\u00ebm&#8221; t\u00eb Izraelit dhe do t\u00eb d\u00ebmtonte sigurin\u00eb e tij afatgjat\u00eb. Duke folur para se t\u00eb largohej nga Izraeli, zoti Blinken u tha gazetar\u00ebve se kishte zhvilluar &#8220;bisedime t\u00eb hapura&#8221;, duke [&hellip;]<\/p>\n","protected":false,"gt_translate_keys":[{"key":"rendered","format":"html"}]},"author":4,"featured_media":662957,"comment_status":"closed","ping_status":"open","sticky":false,"template":"","format":"standard","meta":{"footnotes":""},"categories":[6],"tags":[],"class_list":["post-662956","post","type-post","status-publish","format-standard","has-post-thumbnail","hentry","category-nderkombetare"],"gt_translate_keys":[{"key":"link","format":"url"}],"_links":{"self":[{"href":"https:\/\/www.hashtag.al\/index.php\/wp-json\/wp\/v2\/posts\/662956","targetHints":{"allow":["GET"]}}],"collection":[{"href":"https:\/\/www.hashtag.al\/index.php\/wp-json\/wp\/v2\/posts"}],"about":[{"href":"https:\/\/www.hashtag.al\/index.php\/wp-json\/wp\/v2\/types\/post"}],"author":[{"embeddable":true,"href":"https:\/\/www.hashtag.al\/index.php\/wp-json\/wp\/v2\/users\/4"}],"replies":[{"embeddable":true,"href":"https:\/\/www.hashtag.al\/index.php\/wp-json\/wp\/v2\/comments?post=662956"}],"version-history":[{"count":0,"href":"https:\/\/www.hashtag.al\/index.php\/wp-json\/wp\/v2\/posts\/662956\/revisions"}],"wp:featuredmedia":[{"embeddable":true,"href":"https:\/\/www.hashtag.al\/index.php\/wp-json\/wp\/v2\/media\/662957"}],"wp:attachment":[{"href":"https:\/\/www.hashtag.al\/index.php\/wp-json\/wp\/v2\/media?parent=662956"}],"wp:term":[{"taxonomy":"category","embeddable":true,"href":"https:\/\/www.hashtag.al\/index.php\/wp-json\/wp\/v2\/categories?post=662956"},{"taxonomy":"post_tag","embeddable":true,"href":"https:\/\/www.hashtag.al\/index.php\/wp-json\/wp\/v2\/tags?post=662956"}],"curies":[{"name":"wp","href":"https:\/\/api.w.org\/{rel}","templated":true}]}}