{"id":662937,"date":"2024-03-22T18:08:11","date_gmt":"2024-03-22T17:08:11","guid":{"rendered":"https:\/\/www.hashtag.al\/?p=662937"},"modified":"2024-03-22T18:12:35","modified_gmt":"2024-03-22T17:12:35","slug":"kurti-e-shperndajme-kuvendin-e-shkojme-ne-zgjedhje-por-ska-pse-te-rrezohet-qeveria","status":"publish","type":"post","link":"https:\/\/www.hashtag.al\/index.php\/2024\/03\/22\/kurti-e-shperndajme-kuvendin-e-shkojme-ne-zgjedhje-por-ska-pse-te-rrezohet-qeveria\/","title":{"rendered":"Kurti: E shp\u00ebrndajm\u00eb Kuvendin e shkojm\u00eb n\u00eb zgjedhje, por s\u2019ka pse t\u00eb rr\u00ebzohet Qeveria","gt_translate_keys":[{"key":"rendered","format":"text"}]},"content":{"rendered":"<p style=\"text-align: left;\"><img loading=\"lazy\" decoding=\"async\" class=\"size-full wp-image-662939\" src=\"https:\/\/www.hashtag.al\/wp-content\/uploads\/2024\/03\/albin-kurti-2-e1711120774207-780x439-1-768x432-1.jpg\" alt=\"\" width=\"768\" height=\"432\" srcset=\"https:\/\/www.hashtag.al\/wp-content\/uploads\/2024\/03\/albin-kurti-2-e1711120774207-780x439-1-768x432-1.jpg 768w, https:\/\/www.hashtag.al\/wp-content\/uploads\/2024\/03\/albin-kurti-2-e1711120774207-780x439-1-768x432-1-300x169.jpg 300w\" sizes=\"auto, (max-width: 768px) 100vw, 768px\" \/><\/p>\n<p style=\"text-align: left;\"><span style=\"color: #000000;\">Kryeministri i Kosov\u00ebs, Albin Kurti, n\u00eb nj\u00eb konferenc\u00eb p\u00ebr media ka num\u00ebruar sukseset dhe sfidat n\u00eb tre vjetorin e qeverisjes s\u00eb tij.<\/span><\/p>\n<p style=\"text-align: left;\"><span style=\"color: #000000;\">Kryeministri i vendit, Albin Kurti, ka folur p\u00ebr deklarat\u00ebn e tij se \u00ebsht\u00eb i gatsh\u00ebm q\u00eb vendi t\u00eb shkoj\u00eb n\u00eb zgjedhje.<\/span><\/p>\n<p style=\"text-align: left;\"><span style=\"color: #000000;\">Kurti tha se ai vet\u00ebm \u00ebsht\u00eb p\u00ebrgjigjur n\u00eb pyetjen e gazetares, teksa tha se po t\u00eb mos ekzistonte pyetja e gazetares, nuk do t\u00eb ekzistonte as p\u00ebrgjigja e tij.<\/span><\/p>\n<p style=\"text-align: left;\"><span style=\"color: #000000;\"><em>\u201cShtrohet pyetja se pse m\u00eb ka pyetur gazetarja. Gazetarja m\u00eb ka pyetur se ka presupozuar d\u00ebshir\u00ebn e opozit\u00ebs. N\u00ebse nuk do t\u00eb kishte d\u00ebshir\u00eb t\u00eb opozit\u00ebs, nuk do t\u00eb kishte pyetje t\u00eb gazetares dhe rrjedhimisht s\u2019do t\u00eb kishte as p\u00ebrgjigje timen\u201d.<\/em><\/span><\/p>\n<p style=\"text-align: left;\"><span style=\"color: #000000;\"><em>\u201cPra, gjith\u00e7ka nderohet mbi hipotez\u00ebn se opozita d\u00ebshiron zgjedhje t\u00eb parakohshme. Un\u00eb kam shprehur gatishm\u00ebrin\u00eb time q\u00eb n\u00ebse opozita do zgjedhje t\u00eb parakohshme mund ta b\u00ebjm\u00eb me 2\/3 e kuvendit, shp\u00ebrndarjen e kuvendit dhe t\u00eb shkojm\u00eb n\u00eb zgjedhje\u201d,<\/em> tha Kurti.<\/span><\/p>\n<p style=\"text-align: left;\"><span style=\"color: #000000;\">Kurti tha se n\u00ebse opozita \u00ebsht\u00eb rehat me zgjedhje t\u00eb reja, qeveria \u00ebsht\u00eb edhe m\u00eb rehat, pasi sipas tij, ai po qeveris mbar\u00eb e mir\u00eb.<\/span><\/p>\n<p style=\"text-align: left;\"><span style=\"color: #000000;\"><em>\u201cPra, vet\u00ebm n\u00ebse opozita do zgjedhje, ne jemi t\u00eb gatsh\u00ebm t\u00eb ulemi e t\u00eb bisedojm\u00eb p\u00ebr shp\u00ebrndarjen e kuvendit dhe t\u00eb shkojm\u00eb n\u00eb zgjedhje, por s\u2019ka pse t\u00eb rr\u00ebzohet qeveria, qeveria e mbar\u00eb dhe e mir\u00eb nuk rr\u00ebzohet, qeveria vazhdon\u201d.<\/em><\/span><\/p>\n<p style=\"text-align: left;\"><span style=\"color: #000000;\"><em>\u201cMir\u00ebpo, n\u00ebse opozita \u00ebsht\u00eb e interesuar q\u00eb t\u00eb mos i kemi 12 muaj n\u00eb vitin e fundit por t\u2019i kemi m\u00eb pak muaj, at\u00ebher\u00eb jemi t\u00eb gatsh\u00ebm t\u00eb ulemi dhe ta b\u00ebjm\u00eb shp\u00ebrndarjen e kuvendit, por jo ta rr\u00ebzojm\u00eb qeverin\u00eb. T\u00eb shkojm\u00eb n\u00eb zgjedhje t\u00eb reja me shp\u00ebrndarje t\u00eb kuvendit. Qeveria s\u2019ka pse t\u00eb rr\u00ebzohet kur \u00ebsht\u00eb e mbar\u00eb dhe e mir\u00eb\u201d,<\/em> tha Kurti.<\/span><\/p>\n","protected":false,"gt_translate_keys":[{"key":"rendered","format":"html"}]},"excerpt":{"rendered":"<p>Kryeministri i Kosov\u00ebs, Albin Kurti, n\u00eb nj\u00eb konferenc\u00eb p\u00ebr media ka num\u00ebruar sukseset dhe sfidat n\u00eb tre vjetorin e qeverisjes s\u00eb tij. Kryeministri i vendit, Albin Kurti, ka folur p\u00ebr deklarat\u00ebn e tij se \u00ebsht\u00eb i gatsh\u00ebm q\u00eb vendi t\u00eb shkoj\u00eb n\u00eb zgjedhje. Kurti tha se ai vet\u00ebm \u00ebsht\u00eb p\u00ebrgjigjur n\u00eb pyetjen e gazetares, teksa [&hellip;]<\/p>\n","protected":false,"gt_translate_keys":[{"key":"rendered","format":"html"}]},"author":4,"featured_media":662939,"comment_status":"closed","ping_status":"open","sticky":false,"template":"","format":"standard","meta":{"footnotes":""},"categories":[149],"tags":[],"class_list":["post-662937","post","type-post","status-publish","format-standard","has-post-thumbnail","hentry","category-kosoverajon"],"gt_translate_keys":[{"key":"link","format":"url"}],"_links":{"self":[{"href":"https:\/\/www.hashtag.al\/index.php\/wp-json\/wp\/v2\/posts\/662937","targetHints":{"allow":["GET"]}}],"collection":[{"href":"https:\/\/www.hashtag.al\/index.php\/wp-json\/wp\/v2\/posts"}],"about":[{"href":"https:\/\/www.hashtag.al\/index.php\/wp-json\/wp\/v2\/types\/post"}],"author":[{"embeddable":true,"href":"https:\/\/www.hashtag.al\/index.php\/wp-json\/wp\/v2\/users\/4"}],"replies":[{"embeddable":true,"href":"https:\/\/www.hashtag.al\/index.php\/wp-json\/wp\/v2\/comments?post=662937"}],"version-history":[{"count":0,"href":"https:\/\/www.hashtag.al\/index.php\/wp-json\/wp\/v2\/posts\/662937\/revisions"}],"wp:featuredmedia":[{"embeddable":true,"href":"https:\/\/www.hashtag.al\/index.php\/wp-json\/wp\/v2\/media\/662939"}],"wp:attachment":[{"href":"https:\/\/www.hashtag.al\/index.php\/wp-json\/wp\/v2\/media?parent=662937"}],"wp:term":[{"taxonomy":"category","embeddable":true,"href":"https:\/\/www.hashtag.al\/index.php\/wp-json\/wp\/v2\/categories?post=662937"},{"taxonomy":"post_tag","embeddable":true,"href":"https:\/\/www.hashtag.al\/index.php\/wp-json\/wp\/v2\/tags?post=662937"}],"curies":[{"name":"wp","href":"https:\/\/api.w.org\/{rel}","templated":true}]}}