{"id":662744,"date":"2024-03-21T19:36:43","date_gmt":"2024-03-21T18:36:43","guid":{"rendered":"https:\/\/www.hashtag.al\/?p=662744"},"modified":"2024-03-21T19:36:43","modified_gmt":"2024-03-21T18:36:43","slug":"perfundon-saga-beleri-gjykata-kushtetuese-vendos-kunder-tij-arrestimi-i-kufizoi-lirine-per-tu-zgjedhur-por-ishte-i-ligjshem","status":"publish","type":"post","link":"https:\/\/www.hashtag.al\/index.php\/2024\/03\/21\/perfundon-saga-beleri-gjykata-kushtetuese-vendos-kunder-tij-arrestimi-i-kufizoi-lirine-per-tu-zgjedhur-por-ishte-i-ligjshem\/","title":{"rendered":"P\u00ebrfundon saga Beleri, Gjykata Kushtetuese vendos kund\u00ebr tij","gt_translate_keys":[{"key":"rendered","format":"text"}]},"content":{"rendered":"<p><span style=\"color: #000000;\"><a style=\"color: #000000;\" href=\"https:\/\/www.hashtag.al\/wp-content\/uploads\/2024\/03\/Beleri-ne-gjyq-768x559-1.png\"><img loading=\"lazy\" decoding=\"async\" class=\"aligncenter size-full wp-image-658911\" src=\"https:\/\/www.hashtag.al\/wp-content\/uploads\/2024\/03\/Beleri-ne-gjyq-768x559-1.png\" alt=\"\" width=\"768\" height=\"559\" srcset=\"https:\/\/www.hashtag.al\/wp-content\/uploads\/2024\/03\/Beleri-ne-gjyq-768x559-1.png 768w, https:\/\/www.hashtag.al\/wp-content\/uploads\/2024\/03\/Beleri-ne-gjyq-768x559-1-300x218.png 300w\" sizes=\"auto, (max-width: 768px) 100vw, 768px\" \/><\/a><\/span><\/p>\n<p><span style=\"color: #000000;\">N\u00eb nj\u00eb vendim t\u00eb fundit, Gjykata Kushtetuese ka rr\u00ebzuar k\u00ebrkes\u00ebn e kryetarit t\u00eb zgjedhur t\u00eb bashkis\u00eb Himar\u00eb, Fredi Beleri, p\u00ebr shfuqizimin e mas\u00ebs s\u00eb siguris\u00eb arrest n\u00eb burg t\u00eb caktuar ndaj tij nga Gjykata e Posa\u00e7me. Kjo mas\u00eb e siguris\u00eb ishte vendosur n\u00eb lidhje me akuz\u00ebn p\u00ebr vepr\u00ebn penale &#8220;Korrupsioni aktiv n\u00eb zgjedhje&#8221;.<\/span><\/p>\n<p><span style=\"color: #000000;\">Gjykata Kushtetuese ka vendosur se arresti n\u00eb burg p\u00ebr Fredi Belerin \u00ebsht\u00eb i ligjsh\u00ebm dhe si rezultat, ai nuk ka t\u00eb drejt\u00eb n\u00eb k\u00ebrkesat p\u00ebr t\u00eb betuar si kryebashkiak i zgjedhur i bashkis\u00eb s\u00eb Himar\u00ebs. N\u00eb arsyetimin e saj, Gjykata Kushtetuese thekson se vendosja e mas\u00ebs s\u00eb arrestit n\u00eb burg pamund\u00ebson kryerjen e procedur\u00ebs s\u00eb betimit nga ana e tij si kryetar i zgjedhur i bashkis\u00eb, duke e konsideruar k\u00ebt\u00eb si nj\u00eb kufizim t\u00eb s\u00eb drejt\u00ebs s\u00eb tij p\u00ebr t\u00eb zgjedhur.<\/span><\/p>\n<p><span style=\"color: #000000;\">N\u00eb lidhje me proporcionalitetin e mas\u00ebs s\u00eb arrestit n\u00eb burg, Gjykata, me shumic\u00eb votash, ka vendosur se nuk ka cenim t\u00eb proporcionalitetit, duke pasur parasysh kontekstin dhe rrethanat e \u00e7\u00ebshtjes. Fredi Beleri ishte vendosur n\u00eb arrest nga gjykatat e zakonshme p\u00ebr garantim t\u00eb mbar\u00ebvajtjes dhe integritetit t\u00eb nj\u00eb procesi penal. Gjithashtu, Gjykata, n\u00eb vendim t\u00eb votimit t\u00ebrthor, ka vendosur se nuk ka cenim t\u00eb parimit t\u00eb prezumimit t\u00eb pafaj\u00ebsis\u00eb n\u00eb rastin e zotit Beleri, pasi ai nuk \u00ebsht\u00eb deklaruar i pandehur. N\u00eb lidhje me pretendimet p\u00ebr cenimin e parimit t\u00eb barazis\u00eb p\u00ebrpara ligjit dhe mosdiskriminimit, Gjykata ka vler\u00ebsuar se Fredi Beleri nuk ka legjitimim p\u00ebr k\u00ebto pretendime.<\/span><\/p>\n<p><span style=\"color: #000000;\"><strong>Njoftim Vendimmarrjeje<\/strong><\/span><\/p>\n<p><span style=\"color: #000000;\">N\u00eb dat\u00ebn 28.09.2023 n\u00eb Gjykat\u00ebn Kushtetuese \u00ebsht\u00eb regjistruar k\u00ebrkesa e k\u00ebrkuesit Dhionisios Alfred Beleri, i cili ka k\u00ebrkuar shfuqizimin, si t\u00eb papajtueshme me Kushtetut\u00ebn, t\u00eb vendimeve nr. 46, dat\u00eb 22.05.2023 t\u00eb Gjykat\u00ebs s\u00eb Posa\u00e7me kund\u00ebr Korrupsionit dhe Krimit t\u00eb Organizuar Tiran\u00eb; nr. 19, dat\u00eb 01.06.2023 t\u00eb Gjykat\u00ebs s\u00eb Posa\u00e7me t\u00eb Apelit p\u00ebr Korrupsionin dhe Krimin e Organizuar; nr. 00-2023-1313 (224), dat\u00eb 25.07.2023 t\u00eb Kolegjit Penal t\u00eb Gjykat\u00ebs s\u00eb Lart\u00eb, t\u00eb cilat kishin vendosur ndaj k\u00ebrkuesit mas\u00ebn e sigurimit personal \u201cArresti n\u00eb burg\u201d n\u00eb pritje t\u00eb gjykimit t\u00eb tij p\u00ebr vepr\u00ebn penale \u201cKorrupsioni aktiv n\u00eb zgjedhje\u201d, t\u00eb parashikuar nga nenet 328 dhe 25 t\u00eb Kodit Penal.<\/span><\/p>\n<p><span style=\"color: #000000;\">K\u00ebrkuesi, n\u00eb thelb, ka pretenduar se gjat\u00eb procesit p\u00ebr vendosjen ndaj tij t\u00eb mas\u00ebs s\u00eb siguris\u00eb personale, gjykatat kan\u00eb zhvilluar nj\u00eb proces t\u00eb parregullt ligjor, me an\u00eb t\u00eb t\u00eb cilit i kan\u00eb cenuar t\u00eb drejt\u00ebn p\u00ebr t\u2019u zgjedhur p\u00ebr shkak t\u00eb kufizimit t\u00eb liris\u00eb personale, si pasoj\u00eb e vendosjes s\u00eb mas\u00ebs \u201cArresti n\u00eb burg\u201d. P\u00ebr k\u00ebt\u00eb arsye, ai ka pretenduar se \u00ebsht\u00eb v\u00ebn\u00eb n\u00eb pamund\u00ebsi q\u00eb t\u00eb paraqitet personalisht p\u00ebr kryerjen e betimit si Kryetar i Bashkis\u00eb s\u00eb Himar\u00ebs, i dal\u00eb fitues nga zgjedhjet vendore t\u00eb vitit 2023, p\u00ebr rrjedhoj\u00eb n\u00eb pamund\u00ebsi t\u00eb ushtrimit t\u00eb k\u00ebtij mandati t\u00eb fituar. Sipas k\u00ebrkuesit, masa e sigurimit personal e vendosur nga gjykatat nuk \u00ebsht\u00eb proporcionale n\u00eb raport me nevojat e hetimit, interesin publik q\u00eb k\u00ebrkohet t\u00eb mbrohet dhe gjendjen q\u00eb e ka shkaktuar, pasi vepra penale p\u00ebr t\u00eb cil\u00ebn ai akuzohet d\u00ebnohet me burgim deri n\u00eb 5 vjet. Ai ka pretenduar edhe cenimin e parimin t\u00eb barazis\u00eb para ligjit dhe mosdiskriminimit, pasi nuk \u00ebsht\u00eb trajtuar n\u00eb m\u00ebnyr\u00eb t\u00eb barabart\u00eb n\u00eb raport me shtetas t\u00eb tjer\u00eb q\u00eb ndodhen n\u00eb t\u00eb nj\u00ebjt\u00ebn gjendje, duke iu referuar rastit t\u00eb nj\u00eb shtetasi tjet\u00ebr, i akuzuar p\u00ebr kryerjen e t\u00eb nj\u00ebjt\u00ebs vep\u00ebr penale. Gjithashtu, k\u00ebrkuesi ka pretenduar cenimin e parimit t\u00eb prezumimit t\u00eb pafaj\u00ebsis\u00eb p\u00ebr shkak se gjykatat kan\u00eb r\u00ebnduar pozit\u00ebn e tij si i pandehur duke shtuar argumentet e prokuroris\u00eb dhe p\u00ebrforcuar arsyetimin p\u00ebr mas\u00ebn e sigurimit \u201cArresti n\u00eb burg\u201d n\u00eb gjykimin n\u00eb apel.<\/span><\/p>\n<p><span style=\"color: #000000;\">Kolegji i Gjykat\u00ebs Kushtetuese, n\u00eb dat\u00ebn 13.10.2023, pasi mori n\u00eb shqyrtim paraprak \u00e7\u00ebshtjen, vendosi ta kaloj\u00eb at\u00eb p\u00ebr shqyrtim n\u00eb Mbledhjen e Gjyqtar\u00ebve, e cila, n\u00eb dat\u00ebn 23.10.2023, vendosi kalimin e \u00e7\u00ebshtjes p\u00ebr shqyrtim n\u00eb seanc\u00eb plenare mbi baz\u00eb dokumentesh.<\/span><\/p>\n<p><span style=\"color: #000000;\">Gjykata, e mbledhur sot, n\u00eb dat\u00ebn 21.03.2024, bazuar n\u00eb nenet 131, pika 1, shkronja \u201cf\u201d dhe 134, pika 1, shkronja \u201ci\u201d, t\u00eb Kushtetut\u00ebs, si dhe neneve 72 e vijues t\u00eb ligjit nr. 8577, dat\u00eb 10.02.2000 \u201cP\u00ebr organizimin dhe funksionimin e Gjykat\u00ebs Kushtetuese t\u00eb Republik\u00ebs s\u00eb Shqip\u00ebris\u00eb\u201d, t\u00eb ndryshuar, vendosi rr\u00ebzimin e k\u00ebrkes\u00ebs p\u00ebr k\u00ebto arsye:<\/span><\/p>\n<p><span style=\"color: #000000;\">N\u00eb lidhje me pretendimin p\u00ebr cenimin e parimit t\u00eb barazis\u00eb p\u00ebrpara ligjit dhe mosdiskriminimit, Gjykata vler\u00ebsoi se k\u00ebrkuesi nuk legjitimohet.<\/span><\/p>\n<p><span style=\"color: #000000;\">N\u00eb lidhje me pretendimin p\u00ebr kufizimin e liris\u00eb personale n\u00eb cenim t\u00eb parimit t\u00eb proporcionalitetit, Gjykata vler\u00ebsoi, me shumic\u00eb votash, se kufizimi i liris\u00eb personale \u00ebsht\u00eb vendosur nga gjykatat e zakonshme p\u00ebr nj\u00eb q\u00ebllim t\u00eb ligjsh\u00ebm q\u00eb \u00ebsht\u00eb garantimi i mbar\u00ebvajtjes dhe integritetit t\u00eb procesit penal n\u00eb ngarkim t\u00eb zotit Beleri. Gjykata vler\u00ebsoi, gjithashtu, se masa e sigurimit personal \u201cArresti n\u00eb burg\u201d, e vendosur nga gjykatat e zakonshme, nuk duket joproporcionale n\u00eb kontekstin e rrethanave t\u00eb \u00e7\u00ebshtjes.<\/span><\/p>\n<p><span style=\"color: #000000;\">N\u00eb lidhje me pretendimin p\u00ebr cenimin e s\u00eb drejt\u00ebs p\u00ebr t\u2019u zgjedhur, Gjykata konstatoi se kjo e drejt\u00eb shtrihet jo vet\u00ebm mbi t\u00eb drejt\u00ebn p\u00ebr t\u00eb kandiduar por edhe mbi t\u00eb drejt\u00ebn p\u00ebr t\u00eb ushtruar funksionin publik t\u00eb besuar nga zgjedh\u00ebsit. N\u00eb k\u00ebt\u00eb kontekst, Gjykata vler\u00ebsoi se vendosja e mas\u00ebs s\u00eb sigurimit personal \u201cArresti n\u00eb burg\u201d n\u00eb ngarkim t\u00eb zotit Beleri pamund\u00ebson kryerjen e procedur\u00ebs s\u00eb betimit nga ana e tij si kryetar i zgjedhur i bashkis\u00eb s\u00eb Himar\u00ebs dhe, p\u00ebr pasoj\u00eb, ajo (masa e arrestit) p\u00ebrb\u00ebn nj\u00eb kufizim t\u00eb s\u00eb drejt\u00ebs s\u00eb tij p\u00ebr t\u2019u zgjedhur. Sidoqoft\u00eb, duke qen\u00eb se Gjykata arriti n\u00eb p\u00ebrfundimin se kufizimi i liris\u00eb personale t\u00eb zotit Beleri \u00ebsht\u00eb b\u00ebr\u00eb p\u00ebr nj\u00eb q\u00ebllim t\u00eb ligjsh\u00ebm dhe se kufizimi \u00ebsht\u00eb proporcional n\u00eb raport me k\u00ebt\u00eb q\u00ebllim, ajo (Gjykata), me shumic\u00eb votash, nuk gjeti cenim t\u00eb s\u00eb drejt\u00ebs s\u00eb k\u00ebrkuesit p\u00ebr t\u2019u zgjedhur.<\/span><\/p>\n<p><span style=\"color: #000000;\">N\u00eb lidhje me pretendimin p\u00ebr cenimin e parimit t\u00eb prezumimit t\u00eb pafaj\u00ebsis\u00eb p\u00ebr shkak t\u00eb r\u00ebndimit t\u00eb pozit\u00ebs s\u00eb zotit Beleri si i pandehur si rezultat i shtimit t\u00eb argumenteve p\u00ebr justifikimin e mas\u00ebs s\u00eb sigurimit \u201cArresti n\u00eb burg\u201d nga GJKKO-ja e Apelit, Gjykata vler\u00ebsoi se p\u00ebrforcimi i arsyetimit nga gjykata m\u00eb e lart\u00eb, p\u00ebrsa koh\u00eb ajo (gjykata m\u00eb e lart\u00eb) nuk r\u00ebndon mas\u00ebn e sigurimit n\u00eb ngarkim t\u00eb t\u00eb pandehurit, nuk p\u00ebrb\u00ebn r\u00ebndim t\u00eb pozit\u00ebs s\u00eb tij. Prandaj Gjykata, nj\u00ebz\u00ebri, nuk gjeti cenim t\u00eb parimit t\u00eb prezumimit t\u00eb pafaj\u00ebsis\u00eb n\u00eb rastin e zotit Beleri.<\/span><\/p>\n","protected":false,"gt_translate_keys":[{"key":"rendered","format":"html"}]},"excerpt":{"rendered":"<p>N\u00eb nj\u00eb vendim t\u00eb fundit, Gjykata Kushtetuese ka rr\u00ebzuar k\u00ebrkes\u00ebn e kryetarit t\u00eb zgjedhur t\u00eb bashkis\u00eb Himar\u00eb, Fredi Beleri, p\u00ebr shfuqizimin e mas\u00ebs s\u00eb siguris\u00eb arrest n\u00eb burg t\u00eb caktuar ndaj tij nga Gjykata e Posa\u00e7me. Kjo mas\u00eb e siguris\u00eb ishte vendosur n\u00eb lidhje me akuz\u00ebn p\u00ebr vepr\u00ebn penale &#8220;Korrupsioni aktiv n\u00eb zgjedhje&#8221;. Gjykata Kushtetuese [&hellip;]<\/p>\n","protected":false,"gt_translate_keys":[{"key":"rendered","format":"html"}]},"author":32,"featured_media":658911,"comment_status":"closed","ping_status":"open","sticky":false,"template":"","format":"standard","meta":{"footnotes":""},"categories":[22,13],"tags":[],"class_list":["post-662744","post","type-post","status-publish","format-standard","has-post-thumbnail","hentry","category-ballina","category-te-fundit"],"gt_translate_keys":[{"key":"link","format":"url"}],"_links":{"self":[{"href":"https:\/\/www.hashtag.al\/index.php\/wp-json\/wp\/v2\/posts\/662744","targetHints":{"allow":["GET"]}}],"collection":[{"href":"https:\/\/www.hashtag.al\/index.php\/wp-json\/wp\/v2\/posts"}],"about":[{"href":"https:\/\/www.hashtag.al\/index.php\/wp-json\/wp\/v2\/types\/post"}],"author":[{"embeddable":true,"href":"https:\/\/www.hashtag.al\/index.php\/wp-json\/wp\/v2\/users\/32"}],"replies":[{"embeddable":true,"href":"https:\/\/www.hashtag.al\/index.php\/wp-json\/wp\/v2\/comments?post=662744"}],"version-history":[{"count":0,"href":"https:\/\/www.hashtag.al\/index.php\/wp-json\/wp\/v2\/posts\/662744\/revisions"}],"wp:featuredmedia":[{"embeddable":true,"href":"https:\/\/www.hashtag.al\/index.php\/wp-json\/wp\/v2\/media\/658911"}],"wp:attachment":[{"href":"https:\/\/www.hashtag.al\/index.php\/wp-json\/wp\/v2\/media?parent=662744"}],"wp:term":[{"taxonomy":"category","embeddable":true,"href":"https:\/\/www.hashtag.al\/index.php\/wp-json\/wp\/v2\/categories?post=662744"},{"taxonomy":"post_tag","embeddable":true,"href":"https:\/\/www.hashtag.al\/index.php\/wp-json\/wp\/v2\/tags?post=662744"}],"curies":[{"name":"wp","href":"https:\/\/api.w.org\/{rel}","templated":true}]}}