{"id":662677,"date":"2024-03-21T15:08:23","date_gmt":"2024-03-21T14:08:23","guid":{"rendered":"https:\/\/www.hashtag.al\/?p=662677"},"modified":"2024-03-21T15:09:33","modified_gmt":"2024-03-21T14:09:33","slug":"krahas-ahmetajt-spak-merr-te-pandehur-dhe-ish-gruan-e-tij","status":"publish","type":"post","link":"https:\/\/www.hashtag.al\/index.php\/2024\/03\/21\/krahas-ahmetajt-spak-merr-te-pandehur-dhe-ish-gruan-e-tij\/","title":{"rendered":"Krahas Ahmetajt, SPAK merr t\u00eb pandehur dhe ish gruan e tij","gt_translate_keys":[{"key":"rendered","format":"text"}]},"content":{"rendered":"<p><span style=\"color: #000000;\"><a href=\"https:\/\/www.hashtag.al\/wp-content\/uploads\/2024\/03\/1711028429_ahmetajmancka.jpg\"><img loading=\"lazy\" decoding=\"async\" class=\"aligncenter size-full wp-image-662678\" src=\"https:\/\/www.hashtag.al\/wp-content\/uploads\/2024\/03\/1711028429_ahmetajmancka.jpg\" alt=\"\" width=\"780\" height=\"440\" srcset=\"https:\/\/www.hashtag.al\/wp-content\/uploads\/2024\/03\/1711028429_ahmetajmancka.jpg 780w, https:\/\/www.hashtag.al\/wp-content\/uploads\/2024\/03\/1711028429_ahmetajmancka-300x169.jpg 300w, https:\/\/www.hashtag.al\/wp-content\/uploads\/2024\/03\/1711028429_ahmetajmancka-768x433.jpg 768w\" sizes=\"auto, (max-width: 780px) 100vw, 780px\" \/><\/a><\/span><\/p>\n<p><span style=\"color: #000000;\"><span style=\"color: #0000ff;\"><a style=\"color: #0000ff;\" href=\"https:\/\/shqiptarja.com\/lajm\/spak-merr-te-pandehur-arben-ahmetajn-per-aferen-me-inceneratorin-e-elbasanit#752985\">Report TV<\/a><\/span> m\u00ebson se e pandehur do t\u00eb merret dhe ish bashk\u00ebshortja e ish zv\/kryeministrit Arben Ahmetaj.<\/span><\/p>\n<p><span style=\"color: #000000;\">M\u00ebsohet se flet\u00ebthirrja p\u00ebr tu paraqitur q\u00eb ti komunikohet akuza n\u00eb SPAK i \u00ebsht\u00eb d\u00ebrguar edhe Albina Man\u00e7ka.<\/span><\/p>\n<p><span style=\"color: #000000;\">Ende nuk dihet akuza q\u00eb do ti komunikohet, teksa emri i saj z\u00eb vend t\u00eb konsideruesh\u00ebm n\u00eb dosjen hetimore t\u00eb SPAK sa i takon pasuris\u00eb tjet\u00ebrsimit t\u00eb pronave apo faturave t\u00eb majme t\u00eb pajustifikuara p\u00ebr investime n\u00eb apartamente dhe vil\u00ebn n\u00eb Palas\u00eb.<\/span><\/p>\n","protected":false,"gt_translate_keys":[{"key":"rendered","format":"html"}]},"excerpt":{"rendered":"<p>Report TV m\u00ebson se e pandehur do t\u00eb merret dhe ish bashk\u00ebshortja e ish zv\/kryeministrit Arben Ahmetaj. M\u00ebsohet se flet\u00ebthirrja p\u00ebr tu paraqitur q\u00eb ti komunikohet akuza n\u00eb SPAK i \u00ebsht\u00eb d\u00ebrguar edhe Albina Man\u00e7ka. Ende nuk dihet akuza q\u00eb do ti komunikohet, teksa emri i saj z\u00eb vend t\u00eb konsideruesh\u00ebm n\u00eb dosjen hetimore t\u00eb [&hellip;]<\/p>\n","protected":false,"gt_translate_keys":[{"key":"rendered","format":"html"}]},"author":30,"featured_media":662678,"comment_status":"closed","ping_status":"open","sticky":false,"template":"","format":"standard","meta":{"footnotes":""},"categories":[65],"tags":[],"class_list":["post-662677","post","type-post","status-publish","format-standard","has-post-thumbnail","hentry","category-lajme"],"gt_translate_keys":[{"key":"link","format":"url"}],"_links":{"self":[{"href":"https:\/\/www.hashtag.al\/index.php\/wp-json\/wp\/v2\/posts\/662677","targetHints":{"allow":["GET"]}}],"collection":[{"href":"https:\/\/www.hashtag.al\/index.php\/wp-json\/wp\/v2\/posts"}],"about":[{"href":"https:\/\/www.hashtag.al\/index.php\/wp-json\/wp\/v2\/types\/post"}],"author":[{"embeddable":true,"href":"https:\/\/www.hashtag.al\/index.php\/wp-json\/wp\/v2\/users\/30"}],"replies":[{"embeddable":true,"href":"https:\/\/www.hashtag.al\/index.php\/wp-json\/wp\/v2\/comments?post=662677"}],"version-history":[{"count":0,"href":"https:\/\/www.hashtag.al\/index.php\/wp-json\/wp\/v2\/posts\/662677\/revisions"}],"wp:featuredmedia":[{"embeddable":true,"href":"https:\/\/www.hashtag.al\/index.php\/wp-json\/wp\/v2\/media\/662678"}],"wp:attachment":[{"href":"https:\/\/www.hashtag.al\/index.php\/wp-json\/wp\/v2\/media?parent=662677"}],"wp:term":[{"taxonomy":"category","embeddable":true,"href":"https:\/\/www.hashtag.al\/index.php\/wp-json\/wp\/v2\/categories?post=662677"},{"taxonomy":"post_tag","embeddable":true,"href":"https:\/\/www.hashtag.al\/index.php\/wp-json\/wp\/v2\/tags?post=662677"}],"curies":[{"name":"wp","href":"https:\/\/api.w.org\/{rel}","templated":true}]}}