{"id":662671,"date":"2024-03-21T15:03:43","date_gmt":"2024-03-21T14:03:43","guid":{"rendered":"https:\/\/www.hashtag.al\/?p=662671"},"modified":"2024-03-21T15:03:43","modified_gmt":"2024-03-21T14:03:43","slug":"kerkoi-ndryshimin-e-mases-gjykata-le-ne-burg-kreun-e-dhomes-se-avokatise-korce-arben-lena","status":"publish","type":"post","link":"https:\/\/www.hashtag.al\/index.php\/2024\/03\/21\/kerkoi-ndryshimin-e-mases-gjykata-le-ne-burg-kreun-e-dhomes-se-avokatise-korce-arben-lena\/","title":{"rendered":"K\u00ebrkoi ndryshimin e mas\u00ebs, gjykata l\u00eb n\u00eb burg kreun e Dhom\u00ebs s\u00eb Avokatis\u00eb Kor\u00e7\u00eb, Arben Lena","gt_translate_keys":[{"key":"rendered","format":"text"}]},"content":{"rendered":"<p><span style=\"color: #000000;\"><a href=\"https:\/\/www.hashtag.al\/wp-content\/uploads\/2024\/03\/Capture-243.jpg\"><img loading=\"lazy\" decoding=\"async\" class=\"aligncenter size-full wp-image-662672\" src=\"https:\/\/www.hashtag.al\/wp-content\/uploads\/2024\/03\/Capture-243.jpg\" alt=\"\" width=\"791\" height=\"461\" srcset=\"https:\/\/www.hashtag.al\/wp-content\/uploads\/2024\/03\/Capture-243.jpg 791w, https:\/\/www.hashtag.al\/wp-content\/uploads\/2024\/03\/Capture-243-300x175.jpg 300w, https:\/\/www.hashtag.al\/wp-content\/uploads\/2024\/03\/Capture-243-768x448.jpg 768w, https:\/\/www.hashtag.al\/wp-content\/uploads\/2024\/03\/Capture-243-250x145.jpg 250w\" sizes=\"auto, (max-width: 791px) 100vw, 791px\" \/><\/a><\/span><\/p>\n<p><span style=\"color: #000000;\">Gjykata e Posa\u00e7me ka rr\u00ebzuar k\u00ebrkes\u00ebn e avokat\u00ebve t\u00eb kreut t\u00eb Dhom\u00ebs s\u00eb Avokatis\u00eb Kor\u00e7\u00eb, Arben Lena q\u00eb akuzohet p\u00ebr ushtrim t\u00eb ndikimit t\u00eb paligjsh\u00ebm.<\/span><\/p>\n<p><span style=\"color: #000000;\">Avokat\u00ebt k\u00ebrkuan ndryshim t\u00eb mas\u00ebs s\u00eb siguris\u00eb.<\/span><\/p>\n<p><span style=\"color: #000000;\">Lena ka mas\u00ebn e siguris\u00eb arrest n\u00eb burg p\u00ebr vepr\u00ebn penale t\u00eb ushtrimit t\u00eb ndikimit t\u00eb paligjsh\u00ebm tek personat q\u00eb ushtrojn\u00eb funksione publike.<\/span><\/p>\n<p><span style=\"color: #000000;\">Ai ra n\u00eb pranga pasi sipas SPAK, n\u00eb k\u00ebmbim t\u00eb pes\u00eb mij\u00eb eurove, premtoi zbutjen e mas\u00ebs s\u00eb siguris\u00eb ndaj shtetasit Bledar Ko\u00e7izi, i cili ishte arrestuar p\u00ebr trafikim t\u00eb emigrant\u00ebve. P\u00ebr t\u00eb mos e mbajtur n\u00eb burg jan\u00eb premtuar nj\u00eb pages\u00eb prej 5 mij\u00eb euro dhe personat e p\u00ebrfshir\u00eb n\u00eb krim kan\u00eb bashk\u00ebpunuar p\u00ebr t\u00eb ndikuar te gjykata dhe prokuror\u00ebt.<\/span><\/p>\n","protected":false,"gt_translate_keys":[{"key":"rendered","format":"html"}]},"excerpt":{"rendered":"<p>Gjykata e Posa\u00e7me ka rr\u00ebzuar k\u00ebrkes\u00ebn e avokat\u00ebve t\u00eb kreut t\u00eb Dhom\u00ebs s\u00eb Avokatis\u00eb Kor\u00e7\u00eb, Arben Lena q\u00eb akuzohet p\u00ebr ushtrim t\u00eb ndikimit t\u00eb paligjsh\u00ebm. Avokat\u00ebt k\u00ebrkuan ndryshim t\u00eb mas\u00ebs s\u00eb siguris\u00eb. Lena ka mas\u00ebn e siguris\u00eb arrest n\u00eb burg p\u00ebr vepr\u00ebn penale t\u00eb ushtrimit t\u00eb ndikimit t\u00eb paligjsh\u00ebm tek personat q\u00eb ushtrojn\u00eb funksione publike. [&hellip;]<\/p>\n","protected":false,"gt_translate_keys":[{"key":"rendered","format":"html"}]},"author":30,"featured_media":662672,"comment_status":"closed","ping_status":"open","sticky":false,"template":"","format":"standard","meta":{"footnotes":""},"categories":[65],"tags":[],"class_list":["post-662671","post","type-post","status-publish","format-standard","has-post-thumbnail","hentry","category-lajme"],"gt_translate_keys":[{"key":"link","format":"url"}],"_links":{"self":[{"href":"https:\/\/www.hashtag.al\/index.php\/wp-json\/wp\/v2\/posts\/662671","targetHints":{"allow":["GET"]}}],"collection":[{"href":"https:\/\/www.hashtag.al\/index.php\/wp-json\/wp\/v2\/posts"}],"about":[{"href":"https:\/\/www.hashtag.al\/index.php\/wp-json\/wp\/v2\/types\/post"}],"author":[{"embeddable":true,"href":"https:\/\/www.hashtag.al\/index.php\/wp-json\/wp\/v2\/users\/30"}],"replies":[{"embeddable":true,"href":"https:\/\/www.hashtag.al\/index.php\/wp-json\/wp\/v2\/comments?post=662671"}],"version-history":[{"count":0,"href":"https:\/\/www.hashtag.al\/index.php\/wp-json\/wp\/v2\/posts\/662671\/revisions"}],"wp:featuredmedia":[{"embeddable":true,"href":"https:\/\/www.hashtag.al\/index.php\/wp-json\/wp\/v2\/media\/662672"}],"wp:attachment":[{"href":"https:\/\/www.hashtag.al\/index.php\/wp-json\/wp\/v2\/media?parent=662671"}],"wp:term":[{"taxonomy":"category","embeddable":true,"href":"https:\/\/www.hashtag.al\/index.php\/wp-json\/wp\/v2\/categories?post=662671"},{"taxonomy":"post_tag","embeddable":true,"href":"https:\/\/www.hashtag.al\/index.php\/wp-json\/wp\/v2\/tags?post=662671"}],"curies":[{"name":"wp","href":"https:\/\/api.w.org\/{rel}","templated":true}]}}