{"id":662470,"date":"2024-03-20T17:10:39","date_gmt":"2024-03-20T16:10:39","guid":{"rendered":"https:\/\/www.hashtag.al\/?p=662470"},"modified":"2024-03-20T17:10:39","modified_gmt":"2024-03-20T16:10:39","slug":"zbardhja-e-vrasjes-se-gentian-bejtjas-ne-fushe-kruje-balla-pres-rezultate-edhe-per-ngjarjet-ne-vlore-lezhe-dhe-shkoder","status":"publish","type":"post","link":"https:\/\/www.hashtag.al\/index.php\/2024\/03\/20\/zbardhja-e-vrasjes-se-gentian-bejtjas-ne-fushe-kruje-balla-pres-rezultate-edhe-per-ngjarjet-ne-vlore-lezhe-dhe-shkoder\/","title":{"rendered":"Zbardhja e vrasjes s\u00eb Gentian Bejtjas n\u00eb Fush\u00eb Kruj\u00eb, Balla: Pres rezultate edhe p\u00ebr ngjarjet n\u00eb Vlor\u00eb, Lezh\u00eb dhe Shkod\u00ebr","gt_translate_keys":[{"key":"rendered","format":"text"}]},"content":{"rendered":"<p><span style=\"color: #000000;\"><a href=\"https:\/\/www.hashtag.al\/wp-content\/uploads\/2024\/03\/Taulant-Balla1-677x450-1.jpg\"><img loading=\"lazy\" decoding=\"async\" class=\"aligncenter size-full wp-image-659927\" src=\"https:\/\/www.hashtag.al\/wp-content\/uploads\/2024\/03\/Taulant-Balla1-677x450-1.jpg\" alt=\"\" width=\"677\" height=\"450\" srcset=\"https:\/\/www.hashtag.al\/wp-content\/uploads\/2024\/03\/Taulant-Balla1-677x450-1.jpg 677w, https:\/\/www.hashtag.al\/wp-content\/uploads\/2024\/03\/Taulant-Balla1-677x450-1-300x199.jpg 300w\" sizes=\"auto, (max-width: 677px) 100vw, 677px\" \/><\/a><\/span><\/p>\n<p><span style=\"color: #000000;\">Ministri i Brendsh\u00ebm, Taulant Balla reagoi sot p\u00ebr arrestimin e dy prej autor\u00ebve t\u00eb p\u00ebrfshir\u00eb n\u00eb ekzekutimin e 43-vje\u00e7arit Gentian Bejtja n\u00eb Fush\u00eb-Kruj\u00eb.<\/span><\/p>\n<p><span style=\"color: #000000;\">N\u00eb postimin e tij n\u00eb rrjetet sociale Balla shprehet se pret gjithashtu rezultate edhe n\u00eb drejtim t\u00eb identifikimit t\u00eb autor\u00ebve t\u00eb ngjarjeve n\u00eb Vlor\u00eb, Lezh\u00eb dhe Shkod\u00ebr.<\/span><\/p>\n<p><span style=\"color: #000000;\"><em>&#8220;Detyra e Policis\u00eb s\u00eb Shtetit \u00ebsht\u00eb t\u00eb parandaloj\u00eb ose t\u00eb zbardh\u00eb \u00e7do ngjarje kriminale dhe t\u00eb vendos\u00eb para drejt\u00ebsis\u00eb fajtor\u00ebt. Sapo kam p\u00ebrg\u00ebzuar drejtuesit e Drejtoris\u00eb Vendore t\u00eb Policis\u00eb Tiran\u00eb p\u00ebr pun\u00ebn e deritanishme hetimore n\u00eb drejtim t\u00eb zbardhjes s\u00eb ngjarjes kriminale disa dit\u00eb m\u00eb par\u00eb n\u00eb Fush\u00eb-Kruj\u00eb.<\/em><\/span><\/p>\n<p><span style=\"color: #000000;\"><em>Pres gjithashtu rezultate edhe n\u00eb drejtim t\u00eb identifikimit t\u00eb autor\u00ebve t\u00eb ngjarjeve n\u00eb Vlor\u00eb, Lezh\u00eb dhe Shkod\u00ebr. Autor\u00ebt apo porosit\u00ebsit e ngjarjeve kriminale mund t\u00eb fshihen p\u00ebr nj\u00eb koh\u00eb, brenda dhe jasht\u00eb vendit, mund t\u00eb tentojn\u00eb t\u2019i shmangen ekstradimeve, por detyra e Policis\u00eb s\u00eb Shtetit \u00ebsht\u00eb t\u2019i gjej\u00eb kudo q\u00eb fshihen dhe t\u2019i vendos\u00eb para drejt\u00ebsis\u00eb. P\u00ebr k\u00ebt\u00eb q\u00ebllim duhet pun\u00eb e pand\u00ebrprer\u00eb hetimore dhe bashk\u00ebpunim me agjencit\u00eb partnere dhe me qytetar\u00ebt, informacionet e t\u00eb cil\u00ebve jan\u00eb shum\u00eb t\u00eb vlefshme. Dy persona t\u00eb k\u00ebrkuar nga drejt\u00ebsia jan\u00eb ndaluar\/ekstraduar gjat\u00eb 24 or\u00ebve t\u00eb fundit<\/em>&#8220;, njofton Balla.<\/span><\/p>\n<p>&nbsp;<\/p>\n<p><iframe loading=\"lazy\" style=\"border: none; overflow: hidden;\" src=\"https:\/\/www.facebook.com\/plugins\/video.php?href=https%3A%2F%2Fwww.facebook.com%2Fb.taulant%2Fvideos%2F1546512706081614%2F%3Fref%3Dembed_video&amp;show_text=0&amp;width=476\" width=\"476\" height=\"476\" frameborder=\"0\" scrolling=\"no\" allowfullscreen=\"allowfullscreen\"><\/iframe><\/p>\n","protected":false,"gt_translate_keys":[{"key":"rendered","format":"html"}]},"excerpt":{"rendered":"<p>Ministri i Brendsh\u00ebm, Taulant Balla reagoi sot p\u00ebr arrestimin e dy prej autor\u00ebve t\u00eb p\u00ebrfshir\u00eb n\u00eb ekzekutimin e 43-vje\u00e7arit Gentian Bejtja n\u00eb Fush\u00eb-Kruj\u00eb. N\u00eb postimin e tij n\u00eb rrjetet sociale Balla shprehet se pret gjithashtu rezultate edhe n\u00eb drejtim t\u00eb identifikimit t\u00eb autor\u00ebve t\u00eb ngjarjeve n\u00eb Vlor\u00eb, Lezh\u00eb dhe Shkod\u00ebr. &#8220;Detyra e Policis\u00eb s\u00eb Shtetit [&hellip;]<\/p>\n","protected":false,"gt_translate_keys":[{"key":"rendered","format":"html"}]},"author":30,"featured_media":659927,"comment_status":"closed","ping_status":"open","sticky":false,"template":"","format":"standard","meta":{"footnotes":""},"categories":[65],"tags":[],"class_list":["post-662470","post","type-post","status-publish","format-standard","has-post-thumbnail","hentry","category-lajme"],"gt_translate_keys":[{"key":"link","format":"url"}],"_links":{"self":[{"href":"https:\/\/www.hashtag.al\/index.php\/wp-json\/wp\/v2\/posts\/662470","targetHints":{"allow":["GET"]}}],"collection":[{"href":"https:\/\/www.hashtag.al\/index.php\/wp-json\/wp\/v2\/posts"}],"about":[{"href":"https:\/\/www.hashtag.al\/index.php\/wp-json\/wp\/v2\/types\/post"}],"author":[{"embeddable":true,"href":"https:\/\/www.hashtag.al\/index.php\/wp-json\/wp\/v2\/users\/30"}],"replies":[{"embeddable":true,"href":"https:\/\/www.hashtag.al\/index.php\/wp-json\/wp\/v2\/comments?post=662470"}],"version-history":[{"count":0,"href":"https:\/\/www.hashtag.al\/index.php\/wp-json\/wp\/v2\/posts\/662470\/revisions"}],"wp:featuredmedia":[{"embeddable":true,"href":"https:\/\/www.hashtag.al\/index.php\/wp-json\/wp\/v2\/media\/659927"}],"wp:attachment":[{"href":"https:\/\/www.hashtag.al\/index.php\/wp-json\/wp\/v2\/media?parent=662470"}],"wp:term":[{"taxonomy":"category","embeddable":true,"href":"https:\/\/www.hashtag.al\/index.php\/wp-json\/wp\/v2\/categories?post=662470"},{"taxonomy":"post_tag","embeddable":true,"href":"https:\/\/www.hashtag.al\/index.php\/wp-json\/wp\/v2\/tags?post=662470"}],"curies":[{"name":"wp","href":"https:\/\/api.w.org\/{rel}","templated":true}]}}