{"id":662331,"date":"2024-03-20T08:25:04","date_gmt":"2024-03-20T07:25:04","guid":{"rendered":"https:\/\/www.hashtag.al\/?p=662331"},"modified":"2024-03-20T08:25:04","modified_gmt":"2024-03-20T07:25:04","slug":"ushtria-franceze-e-gatshme-per-lufte-shefi-i-shtabit","status":"publish","type":"post","link":"https:\/\/www.hashtag.al\/index.php\/2024\/03\/20\/ushtria-franceze-e-gatshme-per-lufte-shefi-i-shtabit\/","title":{"rendered":"Ushtria franceze &#8220;e gatshme p\u00ebr luft\u00eb&#8221; &#8211; Shefi i shtabit","gt_translate_keys":[{"key":"rendered","format":"text"}]},"content":{"rendered":"<div id=\"attachment_662332\" style=\"width: 1450px\" class=\"wp-caption aligncenter\"><img loading=\"lazy\" decoding=\"async\" aria-describedby=\"caption-attachment-662332\" class=\"size-full wp-image-662332\" src=\"https:\/\/www.hashtag.al\/wp-content\/uploads\/2024\/03\/ezgif.com-webp-to-jpg-converter-8.jpg\" alt=\"\" width=\"1440\" height=\"960\" srcset=\"https:\/\/www.hashtag.al\/wp-content\/uploads\/2024\/03\/ezgif.com-webp-to-jpg-converter-8.jpg 1440w, https:\/\/www.hashtag.al\/wp-content\/uploads\/2024\/03\/ezgif.com-webp-to-jpg-converter-8-300x200.jpg 300w, https:\/\/www.hashtag.al\/wp-content\/uploads\/2024\/03\/ezgif.com-webp-to-jpg-converter-8-1024x683.jpg 1024w, https:\/\/www.hashtag.al\/wp-content\/uploads\/2024\/03\/ezgif.com-webp-to-jpg-converter-8-768x512.jpg 768w\" sizes=\"auto, (max-width: 1440px) 100vw, 1440px\" \/><p id=\"caption-attachment-662332\" class=\"wp-caption-text\">French Army Chief General Pierre Schill inspects the guard of honour during his ceremonial reception in New Delhi, India, February 27, 2024. REUTERS\/Adnan Abidi<\/p><\/div>\n<p><span style=\"color: #000000;\">Franca \u00ebsht\u00eb e gatshme t\u00eb p\u00ebrballet me \u00e7do zhvillim nd\u00ebrkomb\u00ebtar dhe \u00ebsht\u00eb e p\u00ebrgatitur p\u00ebr \u201cangazhimet m\u00eb t\u00eb v\u00ebshtira\u201d p\u00ebr t\u00eb mbrojtur veten, tha n\u00eb nj\u00eb intervist\u00eb t\u00eb publikuar t\u00eb mart\u00ebn shefi i shtabit t\u00eb ushtris\u00eb franceze, Gjenerali Pierre Schill.<\/span><\/p>\n<p><span style=\"color: #000000;\">N\u00eb jav\u00ebt e fundit, presidenti francez Macron ka kund\u00ebrshtuar n\u00eb m\u00ebnyr\u00eb t\u00eb p\u00ebrs\u00ebritur t\u00eb p\u00ebrjashtoj\u00eb d\u00ebrgimin e trupave per\u00ebndimore n\u00eb Ukrain\u00eb p\u00ebr t\u00eb ndihmuar Kievin n\u00eb luft\u00ebn e tij kund\u00ebr Mosk\u00ebs, t\u00eb cil\u00ebn ai e p\u00ebrshkroi si nj\u00eb &#8220;kund\u00ebrshtare&#8221; t\u00eb Parisit.<\/span><\/p>\n<p><span style=\"color: #000000;\">Forcat e Franc\u00ebs jan\u00eb &#8220;gati&#8221;, tha Schill p\u00ebr Le Monde, duke theksuar se <em>&#8220;sido q\u00eb t\u00eb jen\u00eb zhvillimet n\u00eb situat\u00ebn nd\u00ebrkomb\u00ebtare, francez\u00ebt mund t\u00eb jen\u00eb t\u00eb bindur se ushtar\u00ebt e tyre do p\u00ebrgjigjen&#8221;<\/em>.<\/span><\/p>\n<p><span style=\"color: #000000;\">Schill tha se Franca ka &#8220;p\u00ebrgjegj\u00ebsi nd\u00ebrkomb\u00ebtare&#8221; dhe \u00ebsht\u00eb e lidhur nga marr\u00ebveshjet e mbrojtjes me &#8220;shtetet e ekspozuara ndaj k\u00ebrc\u00ebnimeve t\u00eb m\u00ebdha&#8221;, dhe p\u00ebr k\u00ebt\u00eb arsye duhet t&#8217;i ket\u00eb forcat e saj t\u00eb st\u00ebrvitura dhe t\u00eb nd\u00ebrveprueshme me ushtrit\u00eb aleate.<\/span><\/p>\n<p><span style=\"color: #000000;\">Ai shtoi se parandalimi b\u00ebrthamor \u201cnuk \u00ebsht\u00eb nj\u00eb garanci universale\u201d sepse nuk mbron nga konfliktet q\u00eb do mbeten. Schill tha se ushtria duhet t\u00eb tregoj\u00eb nj\u00eb forc\u00eb t\u00eb besueshme p\u00ebrmes reagimit n\u00eb aspektin e projeksionit t\u00eb forc\u00ebs dhe aft\u00ebsis\u00eb p\u00ebr t\u00eb kryer operacione me shtrirje t\u00eb gjer\u00eb.<\/span><\/p>\n<p><span style=\"color: #000000;\">N\u00eb nj\u00eb intervist\u00eb me kanalet TF1 dhe France 2 jav\u00ebn e kaluar, Presidenti Macron tha se Franca &#8220;nuk po i shpall luft\u00eb Rusis\u00eb&#8221; duke mb\u00ebshtetur Kievin, por e quajti Rusin\u00eb nj\u00eb &#8220;kund\u00ebrshtar&#8221; dhe i ka q\u00ebndruar v\u00ebrejtjeve t\u00eb tij se nj\u00eb dislokim i mundsh\u00ebm i trupave t\u00eb NATO-s n\u00eb Ukrain\u00eb nuk mund t\u00eb &#8220;p\u00ebrjashtohej&#8221;.<\/span><\/p>\n<p><span style=\"color: #000000;\">Deklaratat e tij t\u00ebrhoq\u00ebn nj\u00eb val\u00eb kund\u00ebrshtish nga shumica e an\u00ebtar\u00ebve dhe zyrtar\u00ebve t\u00eb tjer\u00eb t\u00eb NATO-s, p\u00ebrfshir\u00eb Sekretarin e P\u00ebrgjithsh\u00ebm Stoltenberg, n\u00eb lidhje me synimin p\u00ebr t\u00eb vendosur forcat e tyre n\u00eb Ukrain\u00eb.<\/span><\/p>\n","protected":false,"gt_translate_keys":[{"key":"rendered","format":"html"}]},"excerpt":{"rendered":"<p>Franca \u00ebsht\u00eb e gatshme t\u00eb p\u00ebrballet me \u00e7do zhvillim nd\u00ebrkomb\u00ebtar dhe \u00ebsht\u00eb e p\u00ebrgatitur p\u00ebr \u201cangazhimet m\u00eb t\u00eb v\u00ebshtira\u201d p\u00ebr t\u00eb mbrojtur veten, tha n\u00eb nj\u00eb intervist\u00eb t\u00eb publikuar t\u00eb mart\u00ebn shefi i shtabit t\u00eb ushtris\u00eb franceze, Gjenerali Pierre Schill. N\u00eb jav\u00ebt e fundit, presidenti francez Macron ka kund\u00ebrshtuar n\u00eb m\u00ebnyr\u00eb t\u00eb p\u00ebrs\u00ebritur t\u00eb p\u00ebrjashtoj\u00eb [&hellip;]<\/p>\n","protected":false,"gt_translate_keys":[{"key":"rendered","format":"html"}]},"author":51,"featured_media":662332,"comment_status":"closed","ping_status":"open","sticky":false,"template":"","format":"standard","meta":{"footnotes":""},"categories":[53],"tags":[],"class_list":["post-662331","post","type-post","status-publish","format-standard","has-post-thumbnail","hentry","category-fast-foodi"],"gt_translate_keys":[{"key":"link","format":"url"}],"_links":{"self":[{"href":"https:\/\/www.hashtag.al\/index.php\/wp-json\/wp\/v2\/posts\/662331","targetHints":{"allow":["GET"]}}],"collection":[{"href":"https:\/\/www.hashtag.al\/index.php\/wp-json\/wp\/v2\/posts"}],"about":[{"href":"https:\/\/www.hashtag.al\/index.php\/wp-json\/wp\/v2\/types\/post"}],"author":[{"embeddable":true,"href":"https:\/\/www.hashtag.al\/index.php\/wp-json\/wp\/v2\/users\/51"}],"replies":[{"embeddable":true,"href":"https:\/\/www.hashtag.al\/index.php\/wp-json\/wp\/v2\/comments?post=662331"}],"version-history":[{"count":0,"href":"https:\/\/www.hashtag.al\/index.php\/wp-json\/wp\/v2\/posts\/662331\/revisions"}],"wp:featuredmedia":[{"embeddable":true,"href":"https:\/\/www.hashtag.al\/index.php\/wp-json\/wp\/v2\/media\/662332"}],"wp:attachment":[{"href":"https:\/\/www.hashtag.al\/index.php\/wp-json\/wp\/v2\/media?parent=662331"}],"wp:term":[{"taxonomy":"category","embeddable":true,"href":"https:\/\/www.hashtag.al\/index.php\/wp-json\/wp\/v2\/categories?post=662331"},{"taxonomy":"post_tag","embeddable":true,"href":"https:\/\/www.hashtag.al\/index.php\/wp-json\/wp\/v2\/tags?post=662331"}],"curies":[{"name":"wp","href":"https:\/\/api.w.org\/{rel}","templated":true}]}}