{"id":661873,"date":"2024-03-18T11:45:29","date_gmt":"2024-03-18T10:45:29","guid":{"rendered":"https:\/\/www.hashtag.al\/?p=661873"},"modified":"2024-03-18T11:45:29","modified_gmt":"2024-03-18T10:45:29","slug":"negociatat-kuvendi-i-kthehet-normalitetit-mbahet-komisioni-i-pare-me-prani-fizike-te-deputeteve","status":"publish","type":"post","link":"https:\/\/www.hashtag.al\/index.php\/2024\/03\/18\/negociatat-kuvendi-i-kthehet-normalitetit-mbahet-komisioni-i-pare-me-prani-fizike-te-deputeteve\/","title":{"rendered":"Negociatat\/ Kuvendi i kthehet normalitetit, mbahet komisioni i par\u00eb me prani fizike t\u00eb deputet\u00ebve","gt_translate_keys":[{"key":"rendered","format":"text"}]},"content":{"rendered":"<p><img loading=\"lazy\" decoding=\"async\" class=\"size-full wp-image-661874 aligncenter\" src=\"https:\/\/www.hashtag.al\/wp-content\/uploads\/2024\/03\/1710758210_deputetet.jpg\" alt=\"\" width=\"780\" height=\"440\" srcset=\"https:\/\/www.hashtag.al\/wp-content\/uploads\/2024\/03\/1710758210_deputetet.jpg 780w, https:\/\/www.hashtag.al\/wp-content\/uploads\/2024\/03\/1710758210_deputetet-300x169.jpg 300w, https:\/\/www.hashtag.al\/wp-content\/uploads\/2024\/03\/1710758210_deputetet-768x433.jpg 768w\" sizes=\"auto, (max-width: 780px) 100vw, 780px\" \/><\/p>\n<p><span style=\"font-weight: 400; color: #000000;\">Pas 5 muajsh kaos, p\u00ebr her\u00eb t\u00eb par\u00eb po zhvillohen n\u00eb normalitet mbledhjet e komisioneve parlamentare. Pas dakord\u00ebsis\u00eb me mazhoranc\u00ebn, deputet\u00ebt e Rithemelimit jan\u00eb paraqitur fizikisht n\u00eb mbledhjen e Komisionit t\u00eb Ligjeve.<\/span><\/p>\n<p><span style=\"font-weight: 400; color: #000000;\">Nd\u00ebrkoh\u00eb, n\u00eb mbledhje mungon deputeti i PD, Enkleejd Alibeaj. PD i ka cil\u00ebsuar si pazare negociatat PS-Rithemelimi, q\u00eb sipas tyre kan\u00eb q\u00ebllim vet\u00ebm interesat e Sali Berish\u00ebs dhe Edi Ram\u00ebs.<\/span><\/p>\n","protected":false,"gt_translate_keys":[{"key":"rendered","format":"html"}]},"excerpt":{"rendered":"<p>Pas 5 muajsh kaos, p\u00ebr her\u00eb t\u00eb par\u00eb po zhvillohen n\u00eb normalitet mbledhjet e komisioneve parlamentare. Pas dakord\u00ebsis\u00eb me mazhoranc\u00ebn, deputet\u00ebt e Rithemelimit jan\u00eb paraqitur fizikisht n\u00eb mbledhjen e Komisionit t\u00eb Ligjeve. Nd\u00ebrkoh\u00eb, n\u00eb mbledhje mungon deputeti i PD, Enkleejd Alibeaj. PD i ka cil\u00ebsuar si pazare negociatat PS-Rithemelimi, q\u00eb sipas tyre kan\u00eb q\u00ebllim vet\u00ebm [&hellip;]<\/p>\n","protected":false,"gt_translate_keys":[{"key":"rendered","format":"html"}]},"author":4,"featured_media":661874,"comment_status":"closed","ping_status":"open","sticky":false,"template":"","format":"standard","meta":{"footnotes":""},"categories":[65],"tags":[],"class_list":["post-661873","post","type-post","status-publish","format-standard","has-post-thumbnail","hentry","category-lajme"],"gt_translate_keys":[{"key":"link","format":"url"}],"_links":{"self":[{"href":"https:\/\/www.hashtag.al\/index.php\/wp-json\/wp\/v2\/posts\/661873","targetHints":{"allow":["GET"]}}],"collection":[{"href":"https:\/\/www.hashtag.al\/index.php\/wp-json\/wp\/v2\/posts"}],"about":[{"href":"https:\/\/www.hashtag.al\/index.php\/wp-json\/wp\/v2\/types\/post"}],"author":[{"embeddable":true,"href":"https:\/\/www.hashtag.al\/index.php\/wp-json\/wp\/v2\/users\/4"}],"replies":[{"embeddable":true,"href":"https:\/\/www.hashtag.al\/index.php\/wp-json\/wp\/v2\/comments?post=661873"}],"version-history":[{"count":0,"href":"https:\/\/www.hashtag.al\/index.php\/wp-json\/wp\/v2\/posts\/661873\/revisions"}],"wp:featuredmedia":[{"embeddable":true,"href":"https:\/\/www.hashtag.al\/index.php\/wp-json\/wp\/v2\/media\/661874"}],"wp:attachment":[{"href":"https:\/\/www.hashtag.al\/index.php\/wp-json\/wp\/v2\/media?parent=661873"}],"wp:term":[{"taxonomy":"category","embeddable":true,"href":"https:\/\/www.hashtag.al\/index.php\/wp-json\/wp\/v2\/categories?post=661873"},{"taxonomy":"post_tag","embeddable":true,"href":"https:\/\/www.hashtag.al\/index.php\/wp-json\/wp\/v2\/tags?post=661873"}],"curies":[{"name":"wp","href":"https:\/\/api.w.org\/{rel}","templated":true}]}}